{"id":18716,"date":"2019-12-24T04:19:19","date_gmt":"2019-12-24T04:19:19","guid":{"rendered":"http:\/\/www.slineamt.ro\/apostolul\/?p=18716"},"modified":"2019-12-24T04:19:19","modified_gmt":"2019-12-24T04:19:19","slug":"o-fotografie-cat-o-istorie","status":"publish","type":"post","link":"http:\/\/www.slineamt.ro\/apostolul\/lectia-de-istorie\/o-fotografie-cat-o-istorie\/","title":{"rendered":"O fotografie c\u00e2t o istorie&#8230;"},"content":{"rendered":"\n<div class=\"wp-block-image\"><figure class=\"alignleft is-resized\"><img loading=\"lazy\" decoding=\"async\" src=\"https:\/\/www.slineamt.ro\/apostolul\/wp-content\/uploads\/2019\/12\/09-ap227-foto1.jpg\" alt=\"\" class=\"wp-image-18719\" width=\"446\" height=\"301\" srcset=\"http:\/\/www.slineamt.ro\/apostolul\/wp-content\/uploads\/2019\/12\/09-ap227-foto1.jpg 709w, http:\/\/www.slineamt.ro\/apostolul\/wp-content\/uploads\/2019\/12\/09-ap227-foto1-300x202.jpg 300w, http:\/\/www.slineamt.ro\/apostolul\/wp-content\/uploads\/2019\/12\/09-ap227-foto1-560x378.jpg 560w, http:\/\/www.slineamt.ro\/apostolul\/wp-content\/uploads\/2019\/12\/09-ap227-foto1-260x175.jpg 260w, http:\/\/www.slineamt.ro\/apostolul\/wp-content\/uploads\/2019\/12\/09-ap227-foto1-160x108.jpg 160w\" sizes=\"auto, (max-width: 446px) 100vw, 446px\" \/><\/figure><\/div>\n\n\n\n<p>Fotografia\ncu medalioane Sfatul \u0162\u0103rii: 1917-1918 a ap\u0103rut \u00een cadrul proiectului Rom\u00e2nii\ndin jurul Rom\u00e2niei, coordonator dr. Vasile \u015eoimaru, design Alexandru\nRo\u015fca-Ceban, cu contribu\u0163ia dlui Corneliu Constantinescu, rom\u00e2n cu r\u0103d\u0103cini\nbasarabene, stabilit de mult\u0103 vreme \u00een Occidentul democratic, care nu a uitat\nlimba matern\u0103 \u015fi istoria neamului din care face parte. Mul\u0163umirile noastre\ndlui. Gheorghe Cojocaru, directorul Institutului de Istorie din Chi\u015fin\u0103u pentru\namabilitatea de a ne pune la dispozi\u0163ie acest document excep\u0163ional \u015fi toate\ninforma\u0163iile adiacente.<\/p>\n\n\n\n<p>Pe 21\nnoiembrie 2019 s-au \u00eemplinit 102 ani de la prima \u015fedin\u0163\u0103 a Sfatului \u0162\u0103rii,\nParlamentul din acea vreme a Basarabiei. <\/p>\n\n\n\n<p>Pe timpul\nactivit\u0103\u0163ii sale, Sfatul \u0162\u0103rii a avut doar dou\u0103 fotografii de grup. Una,\nexecutat\u0103 \u00een interiorul s\u0103lii de \u015fedin\u0163e a palatului Sfatului \u0162\u0103rii a fostului\nLiceu nr. 3 de b\u0103ie\u0163i din Chi\u015fin\u0103u (\u00een fosta str. Livezilor \u2013 azi Mateevici) \u015fi\nalta, \u00een fa\u0163a edificiului. Ambele au fost f\u0103cute \u00een ziua de 27 noiembrie 1918,\nnu se cunoa\u015fte \u00eens\u0103 \u015fi ora. Cert este c\u0103 cea din fa\u0163a edificiului a fost\nexecutat\u0103 diminea\u0163a, cel t\u00e2rziu \u00een prima jum\u0103tate a zilei de 27 noiembrie 1918,\ndup\u0103 \u00eenchiderea lucr\u0103rilor Sfatului \u0162\u0103rii. <\/p>\n\n\n\n<p>Din totalul\nde 156 de deputa\u0163i ai Sfatului \u0162\u0103rii, 105 erau rom\u00e2ni-moldoveni, 15 ucraineni,\n14 evrei, opt g\u0103g\u0103uzi, \u015fapte ru\u015fi, doi germani, doi bulgari, un polonez, un\narmean \u015fi un grec. \u00cen fotografia din fa\u0163a cl\u0103dirii Sfatului \u0162\u0103rii sunt 83 de\npersoane: deputa\u0163i, oficialit\u0103\u0163i ale Basarabiei: comisarul general al\nBasarabiei, generalul Artur V\u0103itoianu, fostul prim-ministru al Basarabiei\nDaniel Ciugureanu, directorul Agriculturii Emanuil Catelli, directorul \u00cenv\u0103\u0163\u0103m\u00e2ntului\n\u015etefan Ciobanu, Onisifor Ghibu, alte c\u00e2teva persoane civile \u015fi c\u00e2\u0163iva solda\u0163i. <\/p>\n\n\n\n<p>La\naniversarea a 10 ani de la Unire, a fost imprimat\u0103 o Fotografie cu medalioane\nale deputa\u0163ilor Sfatului \u0162\u0103rii \u015fi frunta\u015filor basarabeni din anii 1917-1918, \u00een\ncare au fost identifica\u0163i 80 de deputa\u0163i ai Sfatului \u0162\u0103rii.<\/p>\n\n\n\n<p>La 20 de ani\nde la Unirea Basarabiei cu Rom\u00e2nia, \u00een cadrul festivit\u0103\u0163ilor care au avut loc\nla 9 aprilie 1938, deputa\u0163ii Sfatului \u0162\u0103rii \u015fi oficialit\u0103\u0163ile care au\nparticipat la manifestare s-au fotografiat din nou \u00een fa\u0163a edificiului Sfatului\n\u0162\u0103rii.<\/p>\n\n\n\n<p>Alte\nfotografii de grup sau Fotografie cu medalioane ale Sfatului \u0162\u0103rii nu se\ncunosc.<\/p>\n\n\n\n<p>La\naniversarea a 100 de ani de la Unirea Basarabiei cu Rom\u00e2nia un grup de istorici\n\u015fi-a propus s\u0103 alc\u0103tuiasc\u0103 o nou\u0103 Fotografie cu medalioane ale deputa\u0163ilor\nSfatului \u0162\u0103rii. \u00cen aceast\u0103 Fotografie cu medalioane Sfatul \u0162\u0103rii: 1917-1918,\nspre deosebire de cealalt\u0103 versiune, au fost publicate pozele identificate ale\ntuturor deputa\u0163ilor Sfatului \u0162\u0103rii, indiferent de op\u0163iunea politic\u0103 pe care au\nmanifestat-o la 27 martie 1918. Autorii au g\u0103sit fotografiile \u00een dosare de\narhiv\u0103, ziare, unele extrase din fotografii de grup, dosare personale, dosare\nde judecat\u0103, altele \u2013 puse la dispozi\u0163ie de persoane particulare din arhivele\npersonale. \u00cen anul 1938 a ap\u0103rut renumita lucrare <em>Figuri contemporane din Basarabia<\/em>, \u00een care editorul a publicat schi\u0163e\n\u015fi fotografii ale personalit\u0103\u0163ilor basarabene de la acea vreme, inclusiv deputa\u0163i\n\u00een Sfatul \u0162\u0103rii, din care au fost folosite unele fotografii.<\/p>\n\n\n\n<p>Astfel, \u00een\ntotal, au fost reproduse pozele a 133 de deputa\u0163i, dintre care 83 de poze ale\ndeputa\u0163ilor care au votat Unirea cu Rom\u00e2nia (cu excep\u0163ia pozelor lui Efim\nPalii, Ion Creang\u0103 \u015fi Nicolae Cernov care nu au putut fi identificate). De\nasemenea, se reproduc fotografii ale deputa\u0163ilor care au avut mandate \u00een\ndiferite perioade ale Sfatului \u0162\u0103rii, ale celor care s-au ab\u0163inut sau chiar au\nvotat \u00eempotriva Unirii, inclusiv ale celor care au complotat la Conferin\u0163a de\npace de la Paris pentru a \u00eempiedica recunoa\u015fterea Unirii de c\u0103tre marile\nputeri.<\/p>\n\n\n\n<p>Autorii au\noptat pentru aceast\u0103 variant\u0103 \u00eentruc\u00e2t Sfatul \u0162\u0103rii a fost un organ legitim \u015fi\nreprezentativ al Basarabiei, care a fost ales \u015fi a activat pe baze democratice.\n<\/p>\n\n\n\n<p>Alte valen\u0163e\nale acestei Fotografii: \u00een ea sunt pozele celor trei grupuri de deputa\u0163i, care\nprovin dintr-o localitate: Ion Incule\u0163, Ion Pelivan \u015fi Elena Alistar (comuna\nRezeni, raionul Ialoveni); Ion Her\u0163a, Vasile Ciorescu \u015fi Nicolae Suruceanu\n(comuna Suruceni, raionul Ialoveni), Ion, Vladimir \u015fi Grigore Cazacliu, ultimii\ndoi fiind fra\u0163i (comuna Slobozia Cu\u015f\u0103l\u0103uca, jude\u0163ul Soroca); al\u0163i doi fra\u0163i\ndeputa\u0163i \u00een Sfatul \u0162\u0103rii \u2013 Pavel \u015fi Nicolae Grosu din comuna Bardar, raionul\nIaloveni.<\/p>\n\n\n\n<p>La fel pot\nfi identificate fotografiile deputa\u0163ilor care provin din cele 12 comune care au\ndelegat \u00een Sfatul \u0162\u0103rii c\u00e2te doi deputa\u0163i (cu excep\u0163ia a c\u00e2torva deputa\u0163i): <\/p>\n\n\n\n<p>Jude\u0163ul B\u0103l\u0163i:\n1) comuna S\u00e2ngerei, plasa Chi\u015fc\u0103reni: Vasile Gafencu \u015fi Anton Crihan; 2) comuna\nF\u0103le\u015fti, jude\u0163ul B\u0103l\u0163i, Ion P\u0103sc\u0103lu\u0163\u0103 \u015fi Dumitru Marchitan.<\/p>\n\n\n\n<p>Jude\u0163ul\nChi\u015fin\u0103u: 1) comuna Bardar, plasa Ialoveni, Nicolae \u015fi Pavel Grosu; 2) comuna\nCoste\u015fti, plasa Ialoveni, Constantin Bivol \u015fi Teodor B\u00e2rc\u0103.<\/p>\n\n\n\n<p>Jude\u0163ul\nOrhei: 1) comuna Bogze\u015fti, plasa Bravicea, Mihail Minciun\u0103 \u015fi Vasile M\u00e2ndrescu;\n2) comuna Ign\u0103\u0163ei, plasa S\u0103m\u0103\u015fcani, Vasile B\u00e2rc\u0103 \u015fi Pavel Coc\u00e2rl\u0103; 3) comuna\nIsacova, plasa Isacova, Teodor Uncu \u015fi Gavril Buciu\u015fcan.<\/p>\n\n\n\n<p>Jude\u0163ul\nSoroca: 1) comuna Pope\u015fti, plasa B\u0103diceni, Vasile Rudiev \u015fi Alexandru \u0162urcanu;\n2) comuna T\u0103t\u0103r\u0103uca Veche, plasa Arione\u015fti, Gheorghe Dru\u0163\u0103 \u015fi Chiril Spinei; 3)\ncomuna T\u0103t\u0103r\u0103uca Nou\u0103, plasa Arione\u015fti, Teodosie B\u00e2rc\u0103 \u015fi Grigore Turcuman; 4)\ncomuna Rudi, plasa Clim\u0103u\u0163i, Nicolae Secar\u0103 \u015fi Teodor Vr\u00e2nceanu.<\/p>\n\n\n\n<p>Jude\u0163ul\nTighina: 1) comuna Corjova, plasa Teli\u0163a, Afanasie Chiriac \u015fi Ion Creang\u0103.<\/p>\n\n\n\n<p>Jude\u0163ul\nCetatea Alb\u0103: 1) comuna Volintiri, plasa Volintiri, Filip Popa \u015fi Dumitru\nDragomir.<\/p>\n\n\n\n<p>Cel mai\nt\u00e2n\u0103r deputat a fost Gheorghe N\u0103stase, n\u0103scut la 3 februarie 1896, iar cel mai\n\u00een v\u00e2rst\u0103 \u2013 Nicolae N. Alexandri, care, la momentul deschiderii lucr\u0103rilor\nSfatului \u0162\u0103rii, avea 59 de ani.<\/p>\n\n\n\n<p>Clerul a\nfost reprezentat de preotul Alexandru Baltaga, n\u0103scut \u00een comuna Lozova, jude\u0163ul\nChi\u015fin\u0103u.<\/p>\n\n\n\n<p>De remarcat\nc\u0103 dintre reprezentan\u0163ii etniilor conlocuitoare, Unirea au votat-o doar ucraineanul\n\u015etefan Botnariuc \u015fi polonezul Felix Dudchievici, pozele c\u0103rora au fost\nreproduse la fel.<\/p>\n\n\n\n<p><strong><em>Angelina\nBEGU<\/em><\/strong><\/p>\n","protected":false},"excerpt":{"rendered":"<p>Fotografia cu medalioane Sfatul \u0162\u0103rii: 1917-1918 a ap\u0103rut \u00een cadrul proiectului Rom\u00e2nii din jurul Rom\u00e2niei, coordonator dr. Vasile \u015eoimaru, design Alexandru Ro\u015fca-Ceban, cu contribu\u0163ia dlui Corneliu Constantinescu, rom\u00e2n cu r\u0103d\u0103cini basarabene, stabilit de mult\u0103 vreme \u00een Occidentul democratic, care nu&hellip;<\/p>\n<p class=\"more-link-p\"><a class=\"more-link\" href=\"http:\/\/www.slineamt.ro\/apostolul\/lectia-de-istorie\/o-fotografie-cat-o-istorie\/\">Read more &rarr;<\/a><\/p>\n","protected":false},"author":1,"featured_media":0,"comment_status":"open","ping_status":"closed","sticky":false,"template":"","format":"standard","meta":{"footnotes":""},"categories":[6,416],"tags":[],"class_list":["post-18716","post","type-post","status-publish","format-standard","hentry","category-lectia-de-istorie","category-numarul-227"],"_links":{"self":[{"href":"http:\/\/www.slineamt.ro\/apostolul\/wp-json\/wp\/v2\/posts\/18716","targetHints":{"allow":["GET"]}}],"collection":[{"href":"http:\/\/www.slineamt.ro\/apostolul\/wp-json\/wp\/v2\/posts"}],"about":[{"href":"http:\/\/www.slineamt.ro\/apostolul\/wp-json\/wp\/v2\/types\/post"}],"author":[{"embeddable":true,"href":"http:\/\/www.slineamt.ro\/apostolul\/wp-json\/wp\/v2\/users\/1"}],"replies":[{"embeddable":true,"href":"http:\/\/www.slineamt.ro\/apostolul\/wp-json\/wp\/v2\/comments?post=18716"}],"version-history":[{"count":1,"href":"http:\/\/www.slineamt.ro\/apostolul\/wp-json\/wp\/v2\/posts\/18716\/revisions"}],"predecessor-version":[{"id":18722,"href":"http:\/\/www.slineamt.ro\/apostolul\/wp-json\/wp\/v2\/posts\/18716\/revisions\/18722"}],"wp:attachment":[{"href":"http:\/\/www.slineamt.ro\/apostolul\/wp-json\/wp\/v2\/media?parent=18716"}],"wp:term":[{"taxonomy":"category","embeddable":true,"href":"http:\/\/www.slineamt.ro\/apostolul\/wp-json\/wp\/v2\/categories?post=18716"},{"taxonomy":"post_tag","embeddable":true,"href":"http:\/\/www.slineamt.ro\/apostolul\/wp-json\/wp\/v2\/tags?post=18716"}],"curies":[{"name":"wp","href":"https:\/\/api.w.org\/{rel}","templated":true}]}}