{"id":18743,"date":"2019-12-24T04:40:07","date_gmt":"2019-12-24T04:40:07","guid":{"rendered":"http:\/\/www.slineamt.ro\/apostolul\/?p=18743"},"modified":"2019-12-24T04:40:07","modified_gmt":"2019-12-24T04:40:07","slug":"din-culisele-marilor-realizari-si-impliniri","status":"publish","type":"post","link":"http:\/\/www.slineamt.ro\/apostolul\/dubito\/din-culisele-marilor-realizari-si-impliniri\/","title":{"rendered":"Din culisele marilor realiz\u0103ri \u015fi \u00eempliniri"},"content":{"rendered":"\n<div class=\"wp-block-image\"><figure class=\"alignleft is-resized\"><img loading=\"lazy\" decoding=\"async\" src=\"https:\/\/www.slineamt.ro\/apostolul\/wp-content\/uploads\/2019\/12\/05-ap227-foto1.jpg\" alt=\"\" class=\"wp-image-18746\" width=\"317\" height=\"362\" srcset=\"http:\/\/www.slineamt.ro\/apostolul\/wp-content\/uploads\/2019\/12\/05-ap227-foto1.jpg 496w, http:\/\/www.slineamt.ro\/apostolul\/wp-content\/uploads\/2019\/12\/05-ap227-foto1-262x300.jpg 262w, http:\/\/www.slineamt.ro\/apostolul\/wp-content\/uploads\/2019\/12\/05-ap227-foto1-260x297.jpg 260w, http:\/\/www.slineamt.ro\/apostolul\/wp-content\/uploads\/2019\/12\/05-ap227-foto1-160x183.jpg 160w\" sizes=\"auto, (max-width: 317px) 100vw, 317px\" \/><\/figure><\/div>\n\n\n\n<p>\u2022 Interviu\ncu dl. Grigoru\u0163\u0103 Oniciuc \u2013 director al Colegiului Na\u0163ional \u201ePetru Rare\u015f\u201d<\/p>\n\n\n\n<p><em>\u2013 Domnule director Grigoru\u0163\u0103 Oniciuc, cum a\u0163i reu\u015fit s\u0103\ntransforma\u0163i Colegiul Na\u0163ional \u201ePetru Rare\u015f\u201d \u00een gazda olimpiadei interna\u0163ionale\nde astronomie?<\/em><\/p>\n\n\n\n<p>\u2013 \u00cen toamna\naceasta se \u00eemplinesc 7 ani de c\u00e2nd am avut norocul \u015fi privilegiul de a conduce\nechipa Rom\u00e2niei la 7 olimpiade interna\u0163ionale de astronomie. Dup\u0103 vreo 3-4\ndeplas\u0103ri mi-a \u00eencol\u0163it ideea: \u201eCe-ar fi dac\u0103 am aduce-o \u015fi la noi \u00een \u0163ar\u0103&#8230;\u201d \u00cen\n2014 a fost Olimpiada de Astrofizic\u0103 la Suceava \u015fi am fost efectiv m\u00e2ndru de\nceea ce au reu\u015fit colegii mei de acolo. Am avut apoi o discu\u0163ie cu inspectorul\nde specialitate din minister \u015fi a r\u0103mas s\u0103 negociez cu board-ul olimpiadei\ninterna\u0163ionale pe tema aceasta. \u00centr-un fel ne venea \u015fi r\u00e2ndul, fiecare dintre \u0163\u0103rile\nparticipante trebuie s\u0103 organizeze o edi\u0163ie, deci noi eram la edi\u0163ia XXIV-a din\n20 de \u0163\u0103ri \u015fi nu organizasem niciodat\u0103 (au mai fost \u0163\u0103ri care au organizat de\ndou\u0103 ori). Ideea a fost foarte bine primit\u0103 \u015fi evident c\u0103 atunci am plusat c\u0103\nmi-ar pl\u0103cea mult s\u0103 fie la Piatra-Neam\u0163, pentru c\u0103 este un ora\u015f foarte frumos.\n\u00cen calendarul olimpiadelor interna\u0163ionale a mai fost o edi\u0163ie a Olimpiadei de\nMatematic\u0103 anul trecut la Cluj Napoca, cu peste 400 de participan\u0163i. Anul\nacesta, \u00een care \u015fcoala \u00eempline\u015fte 150 de ani, am avut avizul de la minister\npentru a organiza \u00een jude\u0163ul Neam\u0163 \u00eempreun\u0103 cu inspectoratul \u015fcolar Olimpiada\nInterna\u0163ional\u0103 de Astronomie. Mi-am dorit ca Rare\u015ful s\u0103 fie implicat mult, nu\ndoar ca parte a unei \u00een\u015firuiri de nume, ci s\u0103 fac\u0103 ceva concret, \u00een plus fa\u0163\u0103\nde ceea ce fac eu la lot, \u015fi \u00een urma discu\u0163iilor cu pre\u015fedintele olimpiadei, a\nacceptat ca probele teoretice s\u0103 se desf\u0103\u015foare la noi, plus tot ce \u00eenseamn\u0103\npartea de secretariat. Celelalte lucruri au fost preluate foarte bine de\ninspectorat \u015fi colaboratori.<\/p>\n\n\n\n<div class=\"wp-block-image\"><figure class=\"alignright is-resized\"><img loading=\"lazy\" decoding=\"async\" src=\"https:\/\/www.slineamt.ro\/apostolul\/wp-content\/uploads\/2019\/12\/05-ap227-foto2.jpg\" alt=\"\" class=\"wp-image-18749\" width=\"361\" height=\"240\" srcset=\"http:\/\/www.slineamt.ro\/apostolul\/wp-content\/uploads\/2019\/12\/05-ap227-foto2.jpg 709w, http:\/\/www.slineamt.ro\/apostolul\/wp-content\/uploads\/2019\/12\/05-ap227-foto2-300x200.jpg 300w, http:\/\/www.slineamt.ro\/apostolul\/wp-content\/uploads\/2019\/12\/05-ap227-foto2-560x373.jpg 560w, http:\/\/www.slineamt.ro\/apostolul\/wp-content\/uploads\/2019\/12\/05-ap227-foto2-260x173.jpg 260w, http:\/\/www.slineamt.ro\/apostolul\/wp-content\/uploads\/2019\/12\/05-ap227-foto2-160x107.jpg 160w\" sizes=\"auto, (max-width: 361px) 100vw, 361px\" \/><\/figure><\/div>\n\n\n\n<p><em>\u2013 Efortul organizatoric pentru olimpiad\u0103 a fost uria\u015f.\nDezv\u0103lui\u0163i-ne din culisele acestuia.<\/em><\/p>\n\n\n\n<p>\u2013 \u00cen primul\nr\u00e2nd, cu acceptul pre\u015fedintelui Consiliului de Coordonare a Olimpiadei Interna\u0163ionale\nde Astronomie, academicianul rus Mikhail Gavrilov, am creat toat\u0103 baza de date\nreferitoare la participan\u0163i, care cuprindea foarte multe informa\u0163ii. Aceasta a\navut un rol foarte important, ajut\u00e2nd toate cele ulterioare: cazare la hotel,\nexcursii, deplas\u0103ri. <\/p>\n\n\n\n<p>Apoi, au\nfost estimate sumele de bani care trebuiau pl\u0103\u00adtite de fiecare \u0163ar\u0103. Alte\naspecte de rezolvat s-au referit la modalitatea participan\u0163ilor de a c\u0103l\u0103tori\np\u00e2n\u0103 la Ia\u015fi, respectiv Bac\u0103u \u015fi apoi accesul cu autocare p\u00e2n\u0103 la Piatra-Neam\u0163,\nlucru de care s-a ocupat inspectoratul \u015fcolar \u00eempreun\u0103 cu \u015fcolile care au\ndesemnat profesori. \u00cen ceea ce \u00eenseamn\u0103 logistica pentru olimpiad\u0103, sunt ni\u015fte\nnecesit\u0103\u0163i specifice: etichete, s\u0103li, truse de geometrie, plus efortul ISJ \u015fi\nal sponsorilor pentru tricouri, rucsacuri, \u015fepci etc., care r\u0103m\u00e2n \u00eentotdeauna\nni\u015fte amintiri despre locul \u00een care mergi. <\/p>\n\n\n\n<p>Cazarea s-a\nf\u0103cut la un hotel de 4 stele (eu n-am beneficiat \u00een cei 7 ani de o asemenea\ncazare); s\u0103 nu uit\u0103m meniurile foarte diversificate, ospitalitatea specific\nrom\u00e2neasc\u0103, excursiile \u00een zonele reprezentative ale jude\u0163ului, care au costat\nfoarte mult, toate rezolvate cu succes de ISJ Neam\u0163, sponsori, prim\u0103rii. Ne-am\nocupat p\u00e2n\u0103 \u015fi de traducerile problemelor, iar proba observa\u0163ional\u0103 am\nrealizat-o cu profesori din toat\u0103 \u0163ara dar \u015fi din Piatra-Neam\u0163; telescoapele au\nfost transportate \u015fi a\u015fezate \u00een sta\u0163ii de c\u0103tre oamenii no\u015ftri de \u00eentre\u0163inere,\ncu sprijinul celor care le-au adus, colegii de la ISJ Suceava \u015fi \u00eenc\u0103 din vreo\n3-4 locuri din \u0163ar\u0103.<\/p>\n\n\n\n<p>Voluntarii\nde la Rare\u015f \u015fi din alte \u015fcoli s-au descurcat admirabil, experien\u0163a lor a fost\nde necrezut \u015fi de \u0163inut minte o via\u0163\u0103 \u00eentreag\u0103. Poate vom scrie \u015fi o cronic\u0103 a\nacestei olimpiade. Cert este c\u0103 \u00een final, \u00eena\u00adinte de a pleca, \u015fi domnul\nGavrilov \u015fi mul\u0163i prieteni din \u0163\u0103rile participante, mi-au spus c\u0103 a fost una\ndintre cele mai reu\u015fite olimpiade, at\u00e2t din punct de vedere organizatoric c\u00e2t\n\u015fi pe partea de concurs \u2013 corectitudine \u015fi evaluare.<\/p>\n\n\n\n<p><em>\u2013 Flavia Cristina Pascal, laureat\u0103 cu medalia de bronz,\nnu este la prima reu\u015fit\u0103 de acest gen. Cum s-a sincronizat str\u0103duin\u0163a elevei cu\nimplicarea profesorului ei, Grigoru\u0163\u0103 Oniciuc?<\/em><\/p>\n\n\n\n<p>\u2013 Flavia\neste una din stelu\u0163ele care sper s\u0103 explodeze puternic c\u00e2ndva. \u00ce\u015fi dore\u015fte\nfoarte mult s\u0103 urmeze o carier\u0103 \u00een domeniul astronomiei \u015fi astrofizicii. Anul\nacesta a luat dou\u0103 medalii de bronz, una la Olimpiada Interna\u0163ional\u0103 de\nAstrofizic\u0103 \u015fi una la cea de Astronomie. Cred c\u0103 la astronomie se putea mai\nmult, dar probabil \u015fi-au spus cuv\u00e2ntul oboseala de dup\u0103 astrofizic\u0103 \u015fi stresul\ngestionat mai dificil pentru un copil la el acas\u0103. Dar p\u00e2n\u0103 la urm\u0103 sunt pu\u0163ini\ncopii \u00een \u00eenv\u0103\u0163\u0103m\u00e2ntul nem\u0163ean care s\u0103 participe la dou\u0103 olimpiade interna\u0163ionale\n\u015fi s\u0103 ob\u0163in\u0103 dou\u0103 medalii de bronz. Ea a mai fost la o olimpiad\u0103 interna\u0163ional\u0103\n\u00een clasa a VII-a, \u00een China, c\u00e2nd am considerat c\u0103 este \u00eenc\u0103 necoapt\u0103 \u015fi am avut\ndreptate. E un copil perfec\u0163ionist, o fat\u0103 foarte serioas\u0103, care se descurc\u0103\nadmirabil la fizic\u0103 \u015fi la matematic\u0103. Sper s\u0103 \u00eei g\u0103sesc urma\u015fi c\u00e2t de cur\u00e2nd \u015fi\nsunt c\u00e2\u0163iva copii din clasa a VIII-a cu care lucrez, at\u00e2t de la noi c\u00e2t \u015fi de\nla Colegiul Na\u0163ional \u201eCalistrat Hoga\u015f\u201d. \u00cenv\u0103\u0163\u0103m cu mare pasiune \u00een cadrul\nCentrului Jude\u0163ean de Excelen\u0163\u0103 \u015fi a Cercului de astronomie. Nu v\u0103 ascund c\u0103\nm-am ocupat \u015fi de elevul Grosu Teodor din Bac\u0103u, cu care am lucrat peste\njum\u0103tate de an \u015fi a luat medalie de argint la juniori \u015fi sunt elevi \u015fi din alte\nlocalit\u0103\u0163i care vor s\u0103 vin\u0103 al\u0103turi de noi. P\u00e2n\u0103 la urm\u0103 important este s\u0103 se\naduc\u0103 medalii pentru \u0163ar\u0103. Noi, profesorii, avem un rol foarte important \u00een\nceea ce \u00eenseamn\u0103 preg\u0103tirea copiilor, poate determinant, dar rezultatul ca\natare li se datoreaz\u0103 doar lor.<\/p>\n\n\n\n<p>Pe 13\ndecembrie ar fi trebuit s\u0103 plec \u00een Iran, la Olimpiada Interna\u0163ional\u0103 a \u0162\u0103rilor\ndin Asia \u015fi Pacific, dar este perioada dinainte de s\u0103rb\u0103tori, cu \u00eentoarcerea\nchiar de Cr\u0103ciun, \u015fi noi \u0163inem mult la tradi\u0163ii. <\/p>\n\n\n\n<p><em>\u2013 S\u0103 trecem la s\u0103pt\u0103m\u00e2na 25-30 noiembrie c\u00e2nd Colegiul\nNa\u0163ional \u201ePetru Rare\u015f\u201d a \u00eembr\u0103cat straie de s\u0103rb\u0103toare. De c\u00e2nd a\u0163i \u00eenceput\npreg\u0103tirile \u015fi cine v-a fost al\u0103turi \u00een aceast\u0103 imens\u0103 \u00eentreprindere?<\/em><\/p>\n\n\n\n<div class=\"wp-block-image\"><figure class=\"alignleft is-resized\"><img loading=\"lazy\" decoding=\"async\" src=\"https:\/\/www.slineamt.ro\/apostolul\/wp-content\/uploads\/2019\/12\/05-ap227-foto3-1.jpg\" alt=\"\" class=\"wp-image-18761\" width=\"367\" height=\"244\" srcset=\"http:\/\/www.slineamt.ro\/apostolul\/wp-content\/uploads\/2019\/12\/05-ap227-foto3-1.jpg 652w, http:\/\/www.slineamt.ro\/apostolul\/wp-content\/uploads\/2019\/12\/05-ap227-foto3-1-300x200.jpg 300w, http:\/\/www.slineamt.ro\/apostolul\/wp-content\/uploads\/2019\/12\/05-ap227-foto3-1-560x373.jpg 560w, http:\/\/www.slineamt.ro\/apostolul\/wp-content\/uploads\/2019\/12\/05-ap227-foto3-1-260x173.jpg 260w, http:\/\/www.slineamt.ro\/apostolul\/wp-content\/uploads\/2019\/12\/05-ap227-foto3-1-160x107.jpg 160w\" sizes=\"auto, (max-width: 367px) 100vw, 367px\" \/><\/figure><\/div>\n\n\n\n<p>\u2013\nPreg\u0103tirile au \u00eenceput de foarte mult timp cu discu\u0163ii cu dl. Mihai-Emilian\nManca\u015f, care a fost director la aniversarea de 100 de ani, cu dl. Paul\nSandovici, o adev\u0103rat\u0103 colec\u0163ie de informa\u0163ii \u015fi cu mul\u0163i dintre colegii care\nau dorit s\u0103 \u00eemp\u0103rt\u0103\u015feasc\u0103 propuneri pentru ceea ce a \u00eensemnat aceast\u0103\ns\u0103pt\u0103m\u00e2n\u0103. M-au ajutat foarte mult \u00eent\u00e2lnirile cu fo\u015ftii absolven\u0163i, din anii\n1952, 1956, 1961 \u015fi cu genera\u0163iile mai tinere, care mi-au prilejuit s\u0103 v\u0103d ce\n\u00eenseamn\u0103 un absolvent de Rare\u015f \u015fi s\u0103 creionez toate activit\u0103\u0163ile \u00een jurul unui\nconcept de baz\u0103. 150 de ani e o cifr\u0103, dar ideea de baz\u0103 pe care am lansat-o a\nfost aceea de \u00eentoarcere acas\u0103, adic\u0103 acolo unde ai primit educa\u0163ia pentru a\nrespecta anumite valori, pentru a fi un foarte bun profesionist, pentru a fi\nremarcat acolo unde te vei duce. <\/p>\n\n\n\n<p>Cine mi-a\nfost al\u0103turi? \u00cen primul r\u00e2nd colega mea, doamna Claudia Jora cu care m-am\nsf\u0103tuit practic \u00een tot ce \u00eenseamn\u0103 aceste activit\u0103\u0163i, Cristina Grigori,\nLoredana Mitrea, Dorina Lumini\u0163a Drexler, Paul Sandovici, Camelia Afloarei,\nElena N\u0103soi, Sonia Iacoban, Raluca Rusu, personalul de la secretariat &#8230; sunt\nfoarte, foarte mul\u0163i colegi care s-au implicat \u015fi au desf\u0103\u015furat \u015fi activit\u0103\u0163i\n\u00een s\u0103pt\u0103m\u00e2na respectiv\u0103. Apoi, Consiliul \u015fcolar al elevilor, Asocia\u0163ia de p\u0103rin\u0163i,\nAsocia\u0163ia Alumni. \u00cen momentul \u00een care ne-a fost clar ce vrem s\u0103 facem, am\n\u00eenceput s\u0103 adun\u0103m tot felul de materiale: volumul aniversar, apoi monografia\ndlui Paul Sandovici, moneda pe care am lucrat-o, trofeele, diplomele. Prim\u0103ria\nne-a ajutat prin proiecte aprobate \u00een Consiliul local \u015fi s\u0103 nu uit\u0103m de\nnumero\u015fii sponsori.<\/p>\n\n\n\n<p><em>\u2013 A\u0163i \u00eent\u00e2mpinat \u015fi greut\u0103\u0163i?<\/em><\/p>\n\n\n\n<p>\u2013 \u00cen primul\nr\u00e2nd unele informa\u0163ii s-au cam poticnit \u00een drumul spre noi; nu cunosc \u00eenc\u0103\nmotivele \u015fi nu cred c\u0103 sunt importante. <\/p>\n\n\n\n<p>Greut\u0103\u0163ile\nfoarte mari au fost legate de unele proiecte privite cu foarte multe \u00eendoieli.\nVezi galeria fo\u015ftilor profesori din Rare\u015f. Eu am spus c\u0103 voi trece peste orice\nfel de orgolii, \u015fi pentru oamenii care au predat 10-15 ani \u00een Rare\u015f nu-i un\nefort foarte mare s\u0103 aib\u0103 un tablou pe un hol principal. Aceasta a fost o\nprovocare foarte mare \u015fi am dep\u0103\u015fit-o, pentru a pune \u00een eviden\u0163\u0103 valorile\npedagogice care au trecut prin Rare\u015f. Alt\u0103 dificultate a fost legat\u0103 de\nsimpozioane. Pentru a nu st\u00e2rni orgolii nem\u0103surate am spus c\u0103 vor fi\nsimpozioane acolo unde se dore\u015fte, cu denumiri ale unor profesori care au\n\u00eencetat din via\u0163\u0103 \u2013 Ioan Zenembisi, Ioan Zg\u00e2rciu \u015fi Vladimir La\u015fcu \u2013 ca s\u0103 am\ncertitudinea c\u0103 nu deranjez pe cineva. <\/p>\n\n\n\n<div class=\"wp-block-image\"><figure class=\"alignright is-resized\"><img loading=\"lazy\" decoding=\"async\" src=\"https:\/\/www.slineamt.ro\/apostolul\/wp-content\/uploads\/2019\/12\/05-ap227-foto4-1.jpg\" alt=\"\" class=\"wp-image-18758\" width=\"390\" height=\"262\" srcset=\"http:\/\/www.slineamt.ro\/apostolul\/wp-content\/uploads\/2019\/12\/05-ap227-foto4-1.jpg 652w, http:\/\/www.slineamt.ro\/apostolul\/wp-content\/uploads\/2019\/12\/05-ap227-foto4-1-300x202.jpg 300w, http:\/\/www.slineamt.ro\/apostolul\/wp-content\/uploads\/2019\/12\/05-ap227-foto4-1-560x377.jpg 560w, http:\/\/www.slineamt.ro\/apostolul\/wp-content\/uploads\/2019\/12\/05-ap227-foto4-1-260x175.jpg 260w, http:\/\/www.slineamt.ro\/apostolul\/wp-content\/uploads\/2019\/12\/05-ap227-foto4-1-160x108.jpg 160w\" sizes=\"auto, (max-width: 390px) 100vw, 390px\" \/><\/figure><\/div>\n\n\n\n<p><em>\u2013 \u015etiu c\u0103 este greu de f\u0103cut o ierarhizare a\nmanifest\u0103rilor ce au avut loc. Totu\u015fi, care sunt cele mai apropiate de sufletul\nDvs.?<\/em><\/p>\n\n\n\n<p>\u2013 Primul loc\n\u00eel ocup\u0103 Gala Excellentia&#8230; Noi am g\u00e2ndit scenariul acesteia, ce trebuia s\u0103 se\n\u00eent\u00e2mple acolo, cine ar urma s\u0103 fie omagia\u0163i. \u00cens\u0103 am sim\u0163it c\u0103 lipse\u015fte ceva\npentru a transmite acea emo\u0163ie \u015fi acea stare specifice momentului. \u015ei atunci\ns-a \u00eent\u00e2mplat s\u0103 fim vizita\u0163i de o fost\u0103 elev\u0103 de-a noastr\u0103, Alina Grigore,\nprintre altele \u015fi scenarist\u0103, cu care nu mi-au trebuit dec\u00e2t dou\u0103 minute ca s\u0103\nbatem palma. Am empatizat total, i-a pl\u0103cut foarte mult ideea \u015fi s-a ocupat\ncomplet de ceea ce a \u00eensemnat organizarea galei. Am pus totul la punct prin\nvideo conferin\u0163e de c\u00e2te o or\u0103\/o or\u0103 \u015fi jum\u0103tate, ea la Bucure\u015fti, noi aici,\n\u00eentr-o perioad\u0103 \u00een care ea lucra cu o laureat\u0103 a premiului Oscar. Copiii au\n\u00eendr\u0103git-o foarte mult \u015fi ceea ce a fost acolo a fost o m\u00e2n\u0103 de profesionist,\nabsolvent de Rare\u015f \u015fi care a vrut s\u0103 ajute Rare\u015ful. <\/p>\n\n\n\n<p>O surpriz\u0103\nfoarte pl\u0103cut\u0103 pentru mine a constituit-o \u015fi Conferin\u0163a rostit\u0103 \u00een fa\u0163a\ntinerilor de Episcopul de Hu\u015fi dar m-a surprins \u015fi emo\u0163ia care a str\u0103b\u0103tut\ninaugurarea s\u0103lii de sport \u201eVladimir La\u015fcu\u201d; men\u0163ionez \u015fi Noaptea Muzeului\nRare\u015f \u2013 un proiect la care am \u0163inut mult, foarte bine primit de comunitate.<\/p>\n\n\n\n<p><em>\u2013 Cirea\u015fa de pe tort a fost \u00eenalta distinc\u0163ie regal\u0103 pe\ncare a\u0163i primit-o pe data de 25 octombrie din m\u00e2na Principesei Margareta&#8230; <\/em><\/p>\n\n\n\n<p>\u2013 Pentru\nziua de 27 noiembrie, c\u00e2nd se \u00eemplineau exact 150 de ani de atestare\ndocumentar\u0103, am vrut s\u0103 avem al\u0103turi \u015fi Casa Regal\u0103, adic\u0103 nivelul cel mai\n\u00eenalt. \u015ei am scris o scrisoare frumoas\u0103, o invita\u0163ie pe care am trimis-o Casei\nRegale. La nici o s\u0103pt\u0103m\u00e2n\u0103 am fost invitat la Ziua Regalit\u0103\u0163ii \u015fi m-am dus.\nAtunci a fost primul contact cu Principele Radu \u015fi Principesa Margareta, cu\ncare am discutat \u015fi ni s-a promis un r\u0103spuns.<\/p>\n\n\n\n<p>\u00centre timp\ndl. Mihai-Emilian Manca\u015f mi-a spus s\u0103 cercetez pe unul dintre pere\u0163ii din\ncurtea interioar\u0103, c\u0103 este ceva interesant pe un zid. Nu \u015ftia exact ce, pentru\nc\u0103 era din anii \u02bc39-\u02bc40. \u015ei m-a rugat foarte mult s\u0103 sap \u015fi spre surpriza mea\nam g\u0103sit simbolul regal \u201eStraja \u0162\u0103rii\u201d. Am trimis fotografii Casei Regale \u015fi\nmi-am anun\u0163at inten\u0163ia de a-l restaura (lucru pe care l-am \u015fi realizat).\nB\u0103nuiesc c\u0103 acesta a fost unul din lucrurile deosebite care au contat, pentru\nc\u0103 apoi am primit un mail, \u00een care ni se spunea c\u0103 \u00een data de 25 octombrie\nsuntem astepta\u0163i pentru decorarea \u015fcolii cu cea mai \u00eenalt\u0103 distinc\u0163ie a Casei\nRegale acordat\u0103 \u00een domeniul educa\u0163iei. Surpriza mare a fost c\u00e2nd am ajuns\nacolo, erau 15 nominaliz\u0103ri, printre care Academia Militar\u0103 din Bucure\u015fti,\nUniversitatea \u201eCarol Davila\u201d din Ia\u015fi, Teatrul din Sibiu \u015fi doar trei licee. Ne-am\nbucurat mult, am avut o discu\u0163ie non formal\u0103 cu Principesa Margareta, iar \u00een\nluna mai avem promis\u0103 o vizit\u0103 a domniilor lor.<\/p>\n\n\n\n<p><em>\u2013 Povesti\u0163i-ne c\u00e2te ceva despre partea nev\u0103zut\u0103 a\nprofesorului \u015fi directorului Grigoru\u0163\u0103 Oniciuc.<\/em><\/p>\n\n\n\n<p>\u2013 Cred c\u0103\ntoat\u0103 lumea m\u0103 cunoa\u015fte, nu sunt un tip ascuns, din contra sunt foarte open \u015fi\nlucrul acesta poate duce la \u00eent\u00e2mpl\u0103ri bune \u015fi mai pu\u0163in bune. Au fost \u015fi unele\nmai pu\u0163in bune care m-au marcat, pentru c\u0103 sunt un tip care, \u00een ciuda experien\u0163ei\nde la inspectorat, de la \u015fcoal\u0103, din alte locuri, sunt \u00eenc\u0103 puternic afectat de\nr\u0103ut\u0103\u0163ile unora, de modalitatea \u00een care unii sau al\u0163ii \u00eencearc\u0103 s\u0103-\u015fi fac\u0103 loc\npe ni\u015fte realiz\u0103ri ale altora. <\/p>\n\n\n\n<p>Sunt \u00eens\u0103\nfoarte bucuros \u015fi foarte \u00eenc\u00e2ntat s\u0103 lucrez cu copiii, de multe ori \u00eemi doresc\ns\u0103 reiau mai intens activitatea cu elevii pentru c\u0103 sunt minuna\u0163i. <\/p>\n\n\n\n<p>\u00cemi place\nfoarte mult s\u0103-mi \u00eengrijesc livada, \u00eemi plac foarte mult florile mele,\ntrandafirii mei, \u00eemi place foarte mult s\u0103 stau de vorb\u0103 cu b\u0103tr\u00e2nelele la \u0163ar\u0103,\ns\u0103 ne sf\u0103tuim cum se mai pune ceva \u00een p\u0103m\u00e2nt sau cum se ob\u0163ine o produc\u0163ie\nbun\u0103, schimb\u0103m tot felul de soiuri de flori. \u00cemi place s\u0103 c\u0103l\u0103toresc, am v\u0103zut\ndestul de multe locuri dar mi-a\u015f dori un concediu care s\u0103 dureze 2-3 luni, s\u0103\nam timp s\u0103 m\u0103 \u015fi odihnesc, pentru c\u0103 de obicei 10 zile \u00eenseamn\u0103 o alerg\u0103tur\u0103 de\ncolo-colo, pentru a vedea c\u00e2t mai multe; acum, mai nou, merg \u00eentr-o singur\u0103\nlocalitate \u015fi de acolo fac, cu firme specializate, excursii \u00een \u00eemprejurimi.<\/p>\n\n\n\n<p><em>\u2013 Cum v\u0103 sim\u0163i\u0163i la sf\u00e2r\u015fitul acestui an at\u00e2t de\nfructuos? Obosit? \u00cemplinit? Ce urmeaz\u0103?<\/em><\/p>\n\n\n\n<p>\u2013 Dac\u0103 anul\na fost fructuos pentru \u015fcoal\u0103, e bine. Ar trebui s\u0103 fiu lipsit de modestie s\u0103\nnu spun c\u0103 acum sunt un om obosit \u015fi \u00eemplinit. Personal, mi-am dorit foarte\nmult ca olimpiada de astronomie s\u0103 fie la Piatra-Neam\u0163 \u015fi s-a \u00eent\u00e2mplat s\u0103 fie\nchiar \u00een anul \u00een care \u015fcoala a \u00eemplinit 150 de ani. Despre aniversare, din ce\nmi s-a comunicat, din ce-am citit, din ce am v\u0103zut \u2013 a fost la nivelul\na\u015ftept\u0103rilor multora dintre cei din comunitate \u015fi nu numai; sunt mesaje de\npeste tot, din \u0163ar\u0103, din lume, pentru modul \u00een care \u015fcoala \u015fi oamenii ei au\nfost pu\u015fi \u00een eviden\u0163\u0103. Poate cel mai mult mi-am dorit s\u0103 evit ideea de\nfestivism. <\/p>\n\n\n\n<p>Colegiul\nacesta este ca o familie, \u00een care exist\u0103 \u015fi mai tineri \u015fi mai pu\u0163in tineri,\nfiecare cu pove\u015ftile lui. Pe 27 noiembrie am avut un consiliu profesoral al\nnostru, nu am dorit s\u0103 ie\u015fim la restaurant, am vrut s\u0103 fim noi \u00eentre noi,\nactualii cu fo\u015ftii profesori \u015fi am stat \u00een cancelarie \u015fi cineva a spus: \u201eA\u015fa\nera odat\u0103 \u00een cancelaria Rare\u015fului!\u201d Aceast\u0103 remarc\u0103 a fost de bun augur, m-a\nmul\u0163umit total suflete\u015fte. Cancelaria noastr\u0103 este grea, foarte grea, dar\npopulat\u0103 de oameni foarte valoro\u015fi, cu care trebuie s\u0103 comunici corespunz\u0103tor,\ns\u0103 le \u00een\u0163elegi toate dorin\u0163ele \u015fi a\u015ftept\u0103rile \u015fi s\u0103 \u00eencerci de fiecare dat\u0103 s\u0103\nrezolvi corect problemele, f\u0103r\u0103 a sup\u0103ra pe nimeni. Ce-o fi mai departe vom\nvedea&#8230;<\/p>\n\n\n\n<p><strong><em>A consemnat\nGianina BURUIAN\u0102<\/em><\/strong><\/p>\n","protected":false},"excerpt":{"rendered":"<p>\u2022 Interviu cu dl. Grigoru\u0163\u0103 Oniciuc \u2013 director al Colegiului Na\u0163ional \u201ePetru Rare\u015f\u201d \u2013 Domnule director Grigoru\u0163\u0103 Oniciuc, cum a\u0163i reu\u015fit s\u0103 transforma\u0163i Colegiul Na\u0163ional \u201ePetru Rare\u015f\u201d \u00een gazda olimpiadei interna\u0163ionale de astronomie? \u2013 \u00cen toamna aceasta se \u00eemplinesc 7&hellip;<\/p>\n<p class=\"more-link-p\"><a class=\"more-link\" href=\"http:\/\/www.slineamt.ro\/apostolul\/dubito\/din-culisele-marilor-realizari-si-impliniri\/\">Read more &rarr;<\/a><\/p>\n","protected":false},"author":1,"featured_media":0,"comment_status":"open","ping_status":"closed","sticky":false,"template":"","format":"standard","meta":{"footnotes":""},"categories":[128,416],"tags":[],"class_list":["post-18743","post","type-post","status-publish","format-standard","hentry","category-dubito","category-numarul-227"],"_links":{"self":[{"href":"http:\/\/www.slineamt.ro\/apostolul\/wp-json\/wp\/v2\/posts\/18743","targetHints":{"allow":["GET"]}}],"collection":[{"href":"http:\/\/www.slineamt.ro\/apostolul\/wp-json\/wp\/v2\/posts"}],"about":[{"href":"http:\/\/www.slineamt.ro\/apostolul\/wp-json\/wp\/v2\/types\/post"}],"author":[{"embeddable":true,"href":"http:\/\/www.slineamt.ro\/apostolul\/wp-json\/wp\/v2\/users\/1"}],"replies":[{"embeddable":true,"href":"http:\/\/www.slineamt.ro\/apostolul\/wp-json\/wp\/v2\/comments?post=18743"}],"version-history":[{"count":1,"href":"http:\/\/www.slineamt.ro\/apostolul\/wp-json\/wp\/v2\/posts\/18743\/revisions"}],"predecessor-version":[{"id":18764,"href":"http:\/\/www.slineamt.ro\/apostolul\/wp-json\/wp\/v2\/posts\/18743\/revisions\/18764"}],"wp:attachment":[{"href":"http:\/\/www.slineamt.ro\/apostolul\/wp-json\/wp\/v2\/media?parent=18743"}],"wp:term":[{"taxonomy":"category","embeddable":true,"href":"http:\/\/www.slineamt.ro\/apostolul\/wp-json\/wp\/v2\/categories?post=18743"},{"taxonomy":"post_tag","embeddable":true,"href":"http:\/\/www.slineamt.ro\/apostolul\/wp-json\/wp\/v2\/tags?post=18743"}],"curies":[{"name":"wp","href":"https:\/\/api.w.org\/{rel}","templated":true}]}}