{"id":18919,"date":"2020-01-27T18:57:40","date_gmt":"2020-01-27T18:57:40","guid":{"rendered":"http:\/\/www.slineamt.ro\/apostolul\/?p=18919"},"modified":"2020-01-27T18:57:40","modified_gmt":"2020-01-27T18:57:40","slug":"infocult%ef%bb%bf","status":"publish","type":"post","link":"http:\/\/www.slineamt.ro\/apostolul\/arte-si-meseriii\/infocult%ef%bb%bf\/","title":{"rendered":"INFOCULT\ufeff"},"content":{"rendered":"\n<p><strong>Programul manifest\u0103rilor U.A.P. Neam\u0163, 2020<\/strong><\/p>\n\n\n\n<p><strong>\u2022 Pictorul Petru Diaconu deschide sezonul plastic<\/strong><\/p>\n\n\n\n<div class=\"wp-block-image\"><figure class=\"alignleft is-resized\"><img loading=\"lazy\" decoding=\"async\" src=\"https:\/\/www.slineamt.ro\/apostolul\/wp-content\/uploads\/2020\/01\/25-ap228-foto1.jpg\" alt=\"\" class=\"wp-image-18922\" width=\"357\" height=\"267\" srcset=\"http:\/\/www.slineamt.ro\/apostolul\/wp-content\/uploads\/2020\/01\/25-ap228-foto1.jpg 510w, http:\/\/www.slineamt.ro\/apostolul\/wp-content\/uploads\/2020\/01\/25-ap228-foto1-300x224.jpg 300w, http:\/\/www.slineamt.ro\/apostolul\/wp-content\/uploads\/2020\/01\/25-ap228-foto1-260x194.jpg 260w, http:\/\/www.slineamt.ro\/apostolul\/wp-content\/uploads\/2020\/01\/25-ap228-foto1-160x120.jpg 160w\" sizes=\"auto, (max-width: 357px) 100vw, 357px\" \/><\/figure><\/div>\n\n\n\n<p>Uniunea\nArti\u015ftilor Plastici (UAP) din Rom\u00e2nia, Filiala-Neam\u0163, a f\u0103cut cunoscut\nprogramul manifest\u0103rilor din acest an. Seria evenimentelor expozi\u0163ionale va fi\ndeschis\u0103, \u00een perioada 15-31 ianuarie, de pictorul Petru Diaconu. Apoi se va\norganiza expozi\u0163ia \u201eIn Memoriam Gheorghe Vadana\u201d. Iat\u0103 programul complet:<\/p>\n\n\n\n<p><strong>Petru Diaconu<\/strong> (15-31 ianuarie); <em>In\nmemoriam<\/em> <strong>Gheorghe Vadana<\/strong> (1-14\nfebruarie); <strong>Radu Macavei<\/strong> (15-29\nfebruarie); <strong>Lauren\u0163iu Dimi\u015fc\u0103<\/strong> (1-14\nmartie); <em>Prim\u0103vara artelor<\/em>, expozi\u0163ie\ncolectiv\u0103 (15-31 martie); <strong>Cristian\nBistriceanu<\/strong> (1-14 aprilie); <strong>Mariana\nPapar\u0103<\/strong> (15-30 aprilie); <em>Expozi\u0163ia\nabsolven\u0163ilor Liceului de Arte \u201eVictor Brauner\u201d<\/em> (1-14 mai); <strong>Lucian Gogu-Craiu<\/strong> (15-31 mai); <strong>Raluca Ioana En\u0103chescu<\/strong> \u2013 UAP Bucure\u015fti\n(1-14 iunie); <em>Ora\u015ful arti\u015ftilor<\/em>,\nexpozi\u0163ie colectiv\u0103 (15-30 iunie); <strong>Br\u00e2ndu\u015fa\nStanciu<\/strong> \u2013 UAP Bucure\u015fti (1-14 iulie); <strong>Romeo\nIonescu<\/strong> \u2013 UAP Ia\u015fi (15-31 iulie); <strong>Arcadie\nR\u0103ileanu<\/strong> (1-15 august); <strong>Gigel\nB\u00e2rliba<\/strong> (15-30 septembrie); <strong>Gheorghe\nCuciureanu<\/strong> (1-14 octombrie); <strong>Dumitru\nBezem<\/strong> (15-31octombrie); <strong>Cristinel\nPrisacaru<\/strong> (1-14 noiemrie); <strong>\u015etefan\nDiaconu<\/strong> (15-30 noiembrie); <em>Salonul de\niarn\u0103<\/em> (1-31 decembrie).<\/p>\n\n\n\n<p><strong>Sear\u0103 literar\u0103 cu Editura Eikon, la Biblioteca Jude\u0163ean\u0103<\/strong><\/p>\n\n\n\n<div class=\"wp-block-image\"><figure class=\"alignright is-resized\"><img loading=\"lazy\" decoding=\"async\" src=\"https:\/\/www.slineamt.ro\/apostolul\/wp-content\/uploads\/2020\/01\/25-ap228-foto2.jpg\" alt=\"\" class=\"wp-image-18925\" width=\"435\" height=\"245\" srcset=\"http:\/\/www.slineamt.ro\/apostolul\/wp-content\/uploads\/2020\/01\/25-ap228-foto2.jpg 510w, http:\/\/www.slineamt.ro\/apostolul\/wp-content\/uploads\/2020\/01\/25-ap228-foto2-300x169.jpg 300w, http:\/\/www.slineamt.ro\/apostolul\/wp-content\/uploads\/2020\/01\/25-ap228-foto2-260x146.jpg 260w, http:\/\/www.slineamt.ro\/apostolul\/wp-content\/uploads\/2020\/01\/25-ap228-foto2-160x90.jpg 160w\" sizes=\"auto, (max-width: 435px) 100vw, 435px\" \/><\/figure><\/div>\n\n\n\n<p>Luni, 13\nianuarie 2020, Biblioteca Jude\u0163ean\u0103 \u201eG. T. Kirileanu\u201d Neam\u0163, \u00eempreun\u0103 cu\nEditura Eikon, au organizat o sear\u0103 literar\u0103, cu \u00eencepere de la ora 17:00, \u00een\nSala Cupola. Au avut loc prezent\u0103ri de noi apari\u0163ii, recitaluri de poezie,\nlecturi \u015fi discu\u0163ii despre c\u0103r\u0163i.<\/p>\n\n\n\n<p>Printre\nnout\u0103\u0163ile de la Editura Eikon au fost prezente cele ale nem\u0163enilor: \u201eRamura de\nliliac\u201d de Dan Iacob \u015fi \u201eMetode simple de \u00eencetinire a timpului\u201d de Vasile\nBaghiu. Aceasta din urm\u0103 a avut lansarea la Biblioteca Jude\u0163ean\u0103 \u201eG.T.\nKirileanu\u201d joi, 14 martie 2019.<\/p>\n\n\n\n<p>Au fost\ninvita\u0163i scriitorii Vasile Baghiu, Dan Iacob, Mihai St\u00e2ncaru, Mihai Merticaru,\n\u015etefan Munteanu, preotul poet Dorin Ploscaru, Vianu Mure\u015fan.<\/p>\n\n\n\n<p>Amfitrionul\na fost, \u015fi de aceast\u0103 dat\u0103, Mihaela Mereu\u0163\u0103, director-manager al bibliotecii,\niar moderator \u2013 Valentin Ajder, directorul Editurii Eikon.<\/p>\n\n\n\n<p><strong>Ziua Culturii Na\u0163ionale, la Biblioteca Jude\u0163ean\u0103<\/strong><\/p>\n\n\n\n<p>Biblioteca\nJude\u0163ean\u0103 \u201eG. T. Kirileanu\u201d Neam\u0163 a s\u0103rb\u0103torit Ziua Culturii Na\u0163ionale \u2013 170 de\nani de la na\u015fterea poetului Mihai Eminescu, printr-o serie de manifest\u0103ri\ndedicate evenimentului, miercuri, 15 ianuarie 2020.<\/p>\n\n\n\n<p>S-a depus o\njerb\u0103 de flori la bustul poetului din fa\u0163a bibliotecii apoi scriitorul Petru\u015f\nAndrei, membru al Uniunii Scriitorilor din Rom\u00e2nia a sus\u0163inut, \u00een sala Cupola,\nconferin\u0163a cu tema \u201eMihai Eminescu \u2013 tinere\u0163e f\u0103r\u0103 b\u0103tr\u00e2ne\u0163e \u015fi via\u0163\u0103 f\u0103r\u0103 de\nmoarte\u201d. \u00cent\u00e2lnirea a fost condimentat\u0103 cu momente muzicale sus\u0163inute de elevi\nai clasei de canto de la Liceul de Arte \u201eVictor Brauner\u201d, iar bibliotecarul Dan\nIacob a recitat din versurile eminesciene.<\/p>\n\n\n\n<p>Dup\u0103 amiaz\u0103,\npreotul Dorin Ploscaru a prezentat expozi\u0163ia de pictur\u0103 Constantin Filimon, cu\ntablouri din colec\u0163ia Elena \u015fi Vasile Ple\u015fca, iar poetul Dumitru Br\u0103neanu,\npre\u015fedintele Filialei Bac\u0103u a USR. a lansat cartea \u201eBibliotecarul infernului\u201d\nde Constantin Severin, \u201euna dintre cele mai tulbur\u0103toare c\u0103r\u0163i scris\u0103 \u00een\nultimii ani \u00een Rom\u00e2nia\u201d. <\/p>\n\n\n\n<p>De asemenea,\nsec\u0163iile bibliotecii au organizat colocvii, recitaluri de poezie \u015fi expozi\u0163ii\ntematice dedicate Zilei Culturii Na\u0163ionale, un cadou special oferind\ncititorilor Compartimentul informatizare, digitizare \u015fi dezvoltare I.T. care a\npublicat pe site-ul internet al bibliotecii Colec\u0163ia Mihai Eminescu, ce\ncuprinde 53 de documente \u00eensum\u00e2nd 14.000 de pagini. Colec\u0163ia este disponibil\u0103\npe site-ul bibgtkneamt.ro, acces\u00e2nd Biblioteca digitala\/Mihai Eminescu sau\nCatalogul, cu c\u0103utare avansat\u0103 \u015fi op\u0163iunea \u201eBibliotec\u0103 digital\u0103\u201d.<\/p>\n\n\n\n<p><strong><em>Violeta MO\u015eU<\/em><\/strong><\/p>\n","protected":false},"excerpt":{"rendered":"<p>Programul manifest\u0103rilor U.A.P. Neam\u0163, 2020 \u2022 Pictorul Petru Diaconu deschide sezonul plastic Uniunea Arti\u015ftilor Plastici (UAP) din Rom\u00e2nia, Filiala-Neam\u0163, a f\u0103cut cunoscut programul manifest\u0103rilor din acest an. Seria evenimentelor expozi\u0163ionale va fi deschis\u0103, \u00een perioada 15-31 ianuarie, de pictorul Petru&hellip;<\/p>\n<p class=\"more-link-p\"><a class=\"more-link\" href=\"http:\/\/www.slineamt.ro\/apostolul\/arte-si-meseriii\/infocult%ef%bb%bf\/\">Read more &rarr;<\/a><\/p>\n","protected":false},"author":1,"featured_media":0,"comment_status":"open","ping_status":"closed","sticky":false,"template":"","format":"standard","meta":{"footnotes":""},"categories":[7,421],"tags":[],"class_list":["post-18919","post","type-post","status-publish","format-standard","hentry","category-arte-si-meseriii","category-numarul-228"],"_links":{"self":[{"href":"http:\/\/www.slineamt.ro\/apostolul\/wp-json\/wp\/v2\/posts\/18919","targetHints":{"allow":["GET"]}}],"collection":[{"href":"http:\/\/www.slineamt.ro\/apostolul\/wp-json\/wp\/v2\/posts"}],"about":[{"href":"http:\/\/www.slineamt.ro\/apostolul\/wp-json\/wp\/v2\/types\/post"}],"author":[{"embeddable":true,"href":"http:\/\/www.slineamt.ro\/apostolul\/wp-json\/wp\/v2\/users\/1"}],"replies":[{"embeddable":true,"href":"http:\/\/www.slineamt.ro\/apostolul\/wp-json\/wp\/v2\/comments?post=18919"}],"version-history":[{"count":1,"href":"http:\/\/www.slineamt.ro\/apostolul\/wp-json\/wp\/v2\/posts\/18919\/revisions"}],"predecessor-version":[{"id":18928,"href":"http:\/\/www.slineamt.ro\/apostolul\/wp-json\/wp\/v2\/posts\/18919\/revisions\/18928"}],"wp:attachment":[{"href":"http:\/\/www.slineamt.ro\/apostolul\/wp-json\/wp\/v2\/media?parent=18919"}],"wp:term":[{"taxonomy":"category","embeddable":true,"href":"http:\/\/www.slineamt.ro\/apostolul\/wp-json\/wp\/v2\/categories?post=18919"},{"taxonomy":"post_tag","embeddable":true,"href":"http:\/\/www.slineamt.ro\/apostolul\/wp-json\/wp\/v2\/tags?post=18919"}],"curies":[{"name":"wp","href":"https:\/\/api.w.org\/{rel}","templated":true}]}}