{"id":18931,"date":"2020-01-27T18:59:54","date_gmt":"2020-01-27T18:59:54","guid":{"rendered":"http:\/\/www.slineamt.ro\/apostolul\/?p=18931"},"modified":"2020-01-27T18:59:54","modified_gmt":"2020-01-27T18:59:54","slug":"capitalele-europene-ale-anului-2020","status":"publish","type":"post","link":"http:\/\/www.slineamt.ro\/apostolul\/pasi-spre-europa\/capitalele-europene-ale-anului-2020\/","title":{"rendered":"Capitalele europene ale anului 2020"},"content":{"rendered":"\n<p>\u2022 <strong>Capitale Europene ale Culturii<\/strong> <strong>(European Capitals of Culture) \u2013 Galway\n(Irlanda) \u015fi Rijeka (Croa\u0163ia)<\/strong><\/p>\n\n\n\n<p>Este un\ntitlu conferit de c\u0103tre Uniunea European\u0103 unui sau mai multor ora\u015fe pentru o\nperioad\u0103 de un an calendaristic, \u00een care se organizeaz\u0103 o serie de evenimente\nculturale cu o puternic\u0103 rezonan\u0163\u0103 european\u0103.<\/p>\n\n\n\n<p>Programul se\nderuleaz\u0103 din 1985, c\u00e2nd Melina Mercouri, ministrul culturii al Greciei, \u015fi\nomologul s\u0103u francez, Jack Lang, au venit cu ideea de a desemna (anual) o\nCapital\u0103 a culturii pentru a apropia europenii prin eviden\u0163ierea bog\u0103\u0163iei \u015fi\ndiversit\u0103\u0163ii culturilor europene \u015fi sensibilizarea pentru cunoa\u015fterea valorilor\n\u015fi istoriei lor comune.<\/p>\n\n\n\n<p>\u2022 <strong>Capitala European\u0103 a Tineretului<\/strong> <strong>(European Youth Capital) \u2013 Amiens (Fran\u0163a)<\/strong><\/p>\n\n\n\n<p>Este titlul\nacordat unui ora\u015f european pentru perioada de un an, \u00een cursul c\u0103reia i se\nofer\u0103 posibilitatea de a prezenta, printr-un program cu mai multe fa\u0163ete,\nactivit\u0103\u0163ile pentru tineret \u00een domeniul cultural, social, politic \u015fi economic.\nCapitala European\u0103 a Tineretului este o ini\u0163iativ\u0103 a Forului European al\nTineretului, iar prima capital\u0103 a fost aleas\u0103 \u00een 2009.<\/p>\n\n\n\n<p>Din 2014,\nCongresul Autorit\u0103\u0163ilor Locale \u015fi Regionale al Consiliului Europei este\npartener oficial de organizare.<\/p>\n\n\n\n<p>\u2022 <strong>Capitala European\u0103 a Sportului<\/strong> <strong>(European Capital of Sport) \u2013 Malaga\n(Spania)<\/strong><\/p>\n\n\n\n<p>Este o nou\u0103\ndistinc\u0163ie desemnat\u0103 de Federa\u0163ia European\u0103 a Sportului (ACES Europa) pentru a\npromova sportul prin comunicarea global\u0103 \u00een conformitate cu principiile de\nresponsabilitate \u015fi etic\u0103, de con\u015ftientizare a faptului c\u0103 sportul este un\nfactor de o mai mare coeziune \u00een societate, de \u00eembun\u0103t\u0103\u0163ire a calit\u0103\u0163ii vie\u0163ii,\nbun\u0103st\u0103rii fizice \u015fi mintale, precum \u015fi de integrare deplin\u0103 a claselor sociale\ncu situa\u0163ii dificile. <\/p>\n\n\n\n<p><strong><em>Red.<\/em><\/strong><\/p>\n","protected":false},"excerpt":{"rendered":"<p>\u2022 Capitale Europene ale Culturii (European Capitals of Culture) \u2013 Galway (Irlanda) \u015fi Rijeka (Croa\u0163ia) Este un titlu conferit de c\u0103tre Uniunea European\u0103 unui sau mai multor ora\u015fe pentru o perioad\u0103 de un an calendaristic, \u00een care se organizeaz\u0103 o&hellip;<\/p>\n<p class=\"more-link-p\"><a class=\"more-link\" href=\"http:\/\/www.slineamt.ro\/apostolul\/pasi-spre-europa\/capitalele-europene-ale-anului-2020\/\">Read more &rarr;<\/a><\/p>\n","protected":false},"author":1,"featured_media":0,"comment_status":"open","ping_status":"closed","sticky":false,"template":"","format":"standard","meta":{"footnotes":""},"categories":[9,421],"tags":[],"class_list":["post-18931","post","type-post","status-publish","format-standard","hentry","category-pasi-spre-europa","category-numarul-228"],"_links":{"self":[{"href":"http:\/\/www.slineamt.ro\/apostolul\/wp-json\/wp\/v2\/posts\/18931","targetHints":{"allow":["GET"]}}],"collection":[{"href":"http:\/\/www.slineamt.ro\/apostolul\/wp-json\/wp\/v2\/posts"}],"about":[{"href":"http:\/\/www.slineamt.ro\/apostolul\/wp-json\/wp\/v2\/types\/post"}],"author":[{"embeddable":true,"href":"http:\/\/www.slineamt.ro\/apostolul\/wp-json\/wp\/v2\/users\/1"}],"replies":[{"embeddable":true,"href":"http:\/\/www.slineamt.ro\/apostolul\/wp-json\/wp\/v2\/comments?post=18931"}],"version-history":[{"count":1,"href":"http:\/\/www.slineamt.ro\/apostolul\/wp-json\/wp\/v2\/posts\/18931\/revisions"}],"predecessor-version":[{"id":18934,"href":"http:\/\/www.slineamt.ro\/apostolul\/wp-json\/wp\/v2\/posts\/18931\/revisions\/18934"}],"wp:attachment":[{"href":"http:\/\/www.slineamt.ro\/apostolul\/wp-json\/wp\/v2\/media?parent=18931"}],"wp:term":[{"taxonomy":"category","embeddable":true,"href":"http:\/\/www.slineamt.ro\/apostolul\/wp-json\/wp\/v2\/categories?post=18931"},{"taxonomy":"post_tag","embeddable":true,"href":"http:\/\/www.slineamt.ro\/apostolul\/wp-json\/wp\/v2\/tags?post=18931"}],"curies":[{"name":"wp","href":"https:\/\/api.w.org\/{rel}","templated":true}]}}