{"id":18940,"date":"2020-01-27T19:01:51","date_gmt":"2020-01-27T19:01:51","guid":{"rendered":"http:\/\/www.slineamt.ro\/apostolul\/?p=18940"},"modified":"2020-01-27T19:01:51","modified_gmt":"2020-01-27T19:01:51","slug":"simpozion-stiintific-aniversar","status":"publish","type":"post","link":"http:\/\/www.slineamt.ro\/apostolul\/panoramic-nemtean\/simpozion-stiintific-aniversar\/","title":{"rendered":"Simpozion \u015ftiin\u0163ific aniversar"},"content":{"rendered":"\n<p>Dup\u0103 aproape\nun deceniu de la \u00eenfiin\u0163are, la 15 noiembrie 1969, Muzeul de \u015etiin\u0163e Naturale\ndin Piatra-Neam\u0163, \u00ee\u015fi deschidea por\u0163ile expozi\u0163iei permanente \u015fi pentru marele\npublic. <\/p>\n\n\n\n<p>\u00cen timp,\ninstitu\u0163ia se afirm\u0103 ca o unitate muzeal\u0103 de referin\u0163\u0103 pentru muzeografia\nrom\u00e2neasc\u0103, iar Simpozionul \u015etiin\u0163ific Aniversar \u201e50 de ani de \u015etiin\u0163e\nNaturale\u201d o atest\u0103 din plin. Desf\u0103\u015furat\u0103 sub antetul Consiliului Jude\u0163ean \u015fi al\ncomplexului Muzeal jude\u0163ean Neam\u0163, activitatea a reunit pe 15-17 noiembrie 2019\nnumeroase personalit\u0103\u0163i \u015ftiin\u0163ifice din \u0163ar\u0103 \u015fi de peste hotare, lucr\u0103rile\ndesf\u0103\u015fur\u00e2ndu-se \u00een plen (la Muzeul de Art\u0103 Eneolitic\u0103 Cucuteni, comunic\u0103ri:\nprof. univ. dr. Dorin Sorin BACIU, dr. Ionu\u0163 GR\u0102DINARU, dr. Martin ROPER) \u015fi pe\nsec\u0163iuni: de geologie (la acela\u015fi muzeu, moderator: prof. univ. dr. Vlad\nCODREA) \u015fi de biologie (la Muzeul de Art\u0103, moderator: prof. univ. dr. Emeritus\nIoan MOGLAN). Au avut comunic\u0103ri \u015ftiin\u0163ifice universitari de la Universitatea\n\u201eAl. I. Cuza\u201d, Ia\u015fi (Facultatea de Biologie, Facultatea de Geografie \u015fi\nGeologie); Universitatea Babe\u015f-Bolyai, Cluj-Napoca (Facultatea de Biologie \u015fi\nGeologie); speciali\u015fti de la Muzeul Na\u0163ional de Istorie Natural\u0103 \u201eGrigore\nAntipa\u201d Bucure\u015fti, Muzeul de Istorie Natural\u0103 Brukenthal, Sibiu, Muzeul de\n\u015etiin\u0163ele Naturii, Tg. Mure\u015f, Muzeul \u0162\u0103rii Cri\u015furilor, Oradea \u015f. a.<\/p>\n\n\n\n<p>Numai\ncuvinte de laud\u0103, Comitetului \u015ftiin\u0163ific \u015fi de organizare: dr. Ciprian-Dorin\nNicola (director), dr. Mihaela-Cristina Verzea (director \u015ftiin\u0163ific) \u015fi dr.\nIonu\u0163 Gr\u0103dinaru (\u015fef serviciu). (<strong><em>M. Z.<\/em><\/strong>)<\/p>\n","protected":false},"excerpt":{"rendered":"<p>Dup\u0103 aproape un deceniu de la \u00eenfiin\u0163are, la 15 noiembrie 1969, Muzeul de \u015etiin\u0163e Naturale din Piatra-Neam\u0163, \u00ee\u015fi deschidea por\u0163ile expozi\u0163iei permanente \u015fi pentru marele public. \u00cen timp, institu\u0163ia se afirm\u0103 ca o unitate muzeal\u0103 de referin\u0163\u0103 pentru muzeografia rom\u00e2neasc\u0103,&hellip;<\/p>\n<p class=\"more-link-p\"><a class=\"more-link\" href=\"http:\/\/www.slineamt.ro\/apostolul\/panoramic-nemtean\/simpozion-stiintific-aniversar\/\">Read more &rarr;<\/a><\/p>\n","protected":false},"author":1,"featured_media":0,"comment_status":"open","ping_status":"closed","sticky":false,"template":"","format":"standard","meta":{"footnotes":""},"categories":[190,421],"tags":[],"class_list":["post-18940","post","type-post","status-publish","format-standard","hentry","category-panoramic-nemtean","category-numarul-228"],"_links":{"self":[{"href":"http:\/\/www.slineamt.ro\/apostolul\/wp-json\/wp\/v2\/posts\/18940","targetHints":{"allow":["GET"]}}],"collection":[{"href":"http:\/\/www.slineamt.ro\/apostolul\/wp-json\/wp\/v2\/posts"}],"about":[{"href":"http:\/\/www.slineamt.ro\/apostolul\/wp-json\/wp\/v2\/types\/post"}],"author":[{"embeddable":true,"href":"http:\/\/www.slineamt.ro\/apostolul\/wp-json\/wp\/v2\/users\/1"}],"replies":[{"embeddable":true,"href":"http:\/\/www.slineamt.ro\/apostolul\/wp-json\/wp\/v2\/comments?post=18940"}],"version-history":[{"count":1,"href":"http:\/\/www.slineamt.ro\/apostolul\/wp-json\/wp\/v2\/posts\/18940\/revisions"}],"predecessor-version":[{"id":18943,"href":"http:\/\/www.slineamt.ro\/apostolul\/wp-json\/wp\/v2\/posts\/18940\/revisions\/18943"}],"wp:attachment":[{"href":"http:\/\/www.slineamt.ro\/apostolul\/wp-json\/wp\/v2\/media?parent=18940"}],"wp:term":[{"taxonomy":"category","embeddable":true,"href":"http:\/\/www.slineamt.ro\/apostolul\/wp-json\/wp\/v2\/categories?post=18940"},{"taxonomy":"post_tag","embeddable":true,"href":"http:\/\/www.slineamt.ro\/apostolul\/wp-json\/wp\/v2\/tags?post=18940"}],"curies":[{"name":"wp","href":"https:\/\/api.w.org\/{rel}","templated":true}]}}