{"id":18976,"date":"2020-01-27T19:15:29","date_gmt":"2020-01-27T19:15:29","guid":{"rendered":"http:\/\/www.slineamt.ro\/apostolul\/?p=18976"},"modified":"2020-01-27T19:16:28","modified_gmt":"2020-01-27T19:16:28","slug":"18976","status":"publish","type":"post","link":"http:\/\/www.slineamt.ro\/apostolul\/cronica-literara\/18976\/","title":{"rendered":"Anivers\u0103ri: ION IACHIM"},"content":{"rendered":"\n<div class=\"wp-block-image\"><figure class=\"alignleft is-resized\"><img loading=\"lazy\" decoding=\"async\" src=\"https:\/\/www.slineamt.ro\/apostolul\/wp-content\/uploads\/2020\/01\/18-ap228-foto1.jpg\" alt=\"\" class=\"wp-image-18982\" width=\"255\" height=\"286\" srcset=\"http:\/\/www.slineamt.ro\/apostolul\/wp-content\/uploads\/2020\/01\/18-ap228-foto1.jpg 212w, http:\/\/www.slineamt.ro\/apostolul\/wp-content\/uploads\/2020\/01\/18-ap228-foto1-160x180.jpg 160w\" sizes=\"auto, (max-width: 255px) 100vw, 255px\" \/><\/figure><\/div>\n\n\n\n<p><strong>M<\/strong><\/p>\n\n\n\n<p>\u2022 70 de ani\nde la na\u015fterea scriitorului \u015fi pedagogului<\/p>\n\n\n\n<p><em>Am considerat \u00eentotdeauna c\u0103 un scriitor \u2013 dac\u0103 Dumnezeu\nl-a d\u0103ruit cu har \u2013 trebuie s\u0103 fie \u015fi un Om al Cet\u0103\u0163ii.<\/em><\/p>\n\n\n\n<p><strong><em>Ion IACHIM<\/em><\/strong><\/p>\n\n\n\n<p>Personalitate\ncu un deosebit talent de povestitor \u2013 \u201ede care nu prea avem mul\u0163i\u201d, cum spunea\nSpiridon Vangheli, Ion Iachim s-a n\u0103scut la 1 ianuarie 1950, \u00een satul Cornova,\nUngheni.<\/p>\n\n\n\n<p>Dup\u0103\nabsolvirea \u015fcolii medii din satul Codreanca (Cob\u00e2lca), Str\u0103\u015feni, se \u00eenscrie la\nFacultatea Filologie a Institutului Pedagogic \u201eIon Creang\u0103\u201d din Chi\u015fin\u0103u\n(1968-1972).<\/p>\n\n\n\n<p>\u00cen perioada\n1975-1978 \u00ee\u015fi face doctoratul \u00een cadrul Institutului de Limb\u0103 \u015fi Literatur\u0103 al\nAcademiei de \u015etiin\u0163e din Moldova. A fost profesor de limba \u015fi literatura rom\u00e2n\u0103\nla \u015ecoala medie nr. 1 din satul C\u0103rpineni, H\u00e2nce\u015fti, p\u00e2n\u0103 \u00een 1997. Din 1997\neste profesor la Colegiul de Economie \u015fi Drept \u201eSocrate\u201d din Chi\u015fin\u0103u, apoi\nredactor la ziarul \u201eF\u0103clia\u201d.<\/p>\n\n\n\n<p>A debutat\neditorial \u00een anul 1983 cu volumul de povestiri \u00centoarcerea la mare. Semneaz\u0103\nmai multe c\u0103r\u0163i pentru copii: <em>Un dar de\nla mo\u015f D\u0103nil\u0103<\/em> (1988), <em>L\u0103crimioara,\nIulia, Tr\u0103nc\u0103nel, dragii mei elevi<\/em> (1993), <em>Cu j\u0103raticul pe buze sau \u201eNastratin al Ia\u015filor\u201d<\/em> (1994) \u2013 culegere\nde nuvele despre Ion Creang\u0103, <em>Amintirile\npi\u0163igoiului Zban\u0163<\/em> (1996), <em>Nu mai\npl\u00e2nge, P\u0103s\u0103ril\u0103<\/em> (1999), <em>Piciorul de\naram\u0103 al c\u0103prioarei<\/em> (2003). A mai editat c\u0103r\u0163ile <em>Doamna iasomie<\/em> (2001), <em>Ca\nfloarea de m\u0103r, fericirea<\/em> (2002), <em>Mereu\nsub steag<\/em> (2004), <em>Decameron\nbasarabean sau Dumnezeu i-a dat omului pu\u015fc\u0103<\/em> (2005), <em>Ascult cum \u00eenflore\u015fte inul<\/em> (2007).<\/p>\n\n\n\n<p>\u00cen anul 2009\napare <strong><em>O istorie a expansiunilor ruse\u015fti<\/em><\/strong> (edi\u0163ia a III-a) \u015fi cartea\npentru copii <em>\u00cen \u0163ara pove\u015ftilor<\/em>. \u00ce\u015fi\ncontinu\u0103 activitatea literar\u0103 cu nuvela satiric\u0103 <em>O bra\u015foav\u0103 adev\u0103rat\u0103 despre nem\u0163i \u015fi satul Lopatna<\/em> (2011), romanul <em>Cire\u015fe pentru Mare\u015fal<\/em>, nuvela <em>Teia<\/em> (2011), romanul <em>Cu j\u0103raticul pe buze<\/em> (2012), <em>P\u0103storind cu Ahile<\/em> (2014), <em>Sarcofagul cu iubite<\/em> (2018). Public\u0103 numeroase\nstudii \u015fi articole de istorie literar\u0103 \u015fi pedagogie, editeaz\u0103 manuale-crestoma\u0163ii\npentru elevi.<\/p>\n\n\n\n<p>Ion Iachim\neste membru al Uniunii Scriitorilor din Moldova (1990), membru al Uniunii\nScriitorilor din Rom\u00e2nia (2004).<\/p>\n\n\n\n<p>Numeroase\nsemne ale recunoa\u015fterii publice: Eminent al \u00cenv\u0103\u0163\u0103m\u00e2ntului Public (1986),\nPremiul de Stat al Moldovei \u00een domeniul \u00eenv\u0103\u0163\u0103m\u00e2ntului (1988). Diplom\u0103 de\ngradul I a Guvernului Republicii Moldova \u201epentru activitate \u00eendelungat\u0103 \u015fi\nrodnic\u0103 \u00een domeniul crea\u0163iei literare, publicisticii, contribu\u0163ie substan\u0163ial\u0103\nla promovarea valorilor na\u0163ionale\u201d (2010); Premiul \u201eRomanul Anului\u201d, acordat \u00een\ncadrul Salonului Interna\u0163ional de Carte, edi\u0163ia a XXI-a 2012, pentru cartea <strong><em>Cire\u015fe\npentru Mare\u015fal<\/em><\/strong> \u015f. a. (<strong>N.R.<\/strong> \u2013\nText prelucrat dup\u0103 <em>Anivers\u0103ri culturale,\n2020<\/em>, Biblioteca \u201eIon Creang\u0103\u201d, Chi\u015fin\u0103u)<\/p>\n\n\n\n<p><strong><em>Tamara\nCROITORU<\/em><\/strong><\/p>\n\n\n\n<p><em>Ion Creang\u0103 s-ar fi m\u00e2ndrit cu o asemenea p\u0103trundere a\npsihologismului eroilor crea\u0163i de Ion Iachim. \u015eansa unei asemenea \u201ere\u00eenvieri\u201d\nse datoreaz\u0103 intuirii climatului social, a atmosferei morale \u00een care tr\u0103ia \u015fi\nse manifesta \u00eendr\u0103gitul personaj. Naratorul trage \u00een pl\u0103m\u00e2ni aerul acelui timp\nca s\u0103 poat\u0103 respira protagonistul s\u0103u, precum \u015fi celelalte personaje. Ca \u015fi cum\nne-am afla \u00eentr-o poveste bine cunoscut\u0103. Cine e \u00eenzestrat cu har poate\ncontinua firul g\u00e2ndurilor, cine nu \u2013 r\u0103m\u00e2ne cu propria-i uimire.<\/em> (<strong><em>Timofei RO\u015eCA<\/em><\/strong>) <\/p>\n\n\n\n<p><em>Ion Iachim face literatur\u0103 eseistic\u0103 din istorie, o face\ncu durere, dar \u015fi cu mult\u0103 responsabilitate, aceasta se \u00eent\u00e2mpl\u0103 pentru c\u0103 el\n\u00een mul\u0163imea expresiilor crude, \u015fi de data aceasta, nu ocole\u015fte deloc\nadev\u0103rurile vie\u0163ii, ci scrie \u201eextrem de simplu, accesibil, u\u015for \u015fi foarte\npoetic.\u201d<\/em> (<strong><em>Iurie\nCOLESNIC<\/em><\/strong>)<\/p>\n","protected":false},"excerpt":{"rendered":"<p>M \u2022 70 de ani de la na\u015fterea scriitorului \u015fi pedagogului Am considerat \u00eentotdeauna c\u0103 un scriitor \u2013 dac\u0103 Dumnezeu l-a d\u0103ruit cu har \u2013 trebuie s\u0103 fie \u015fi un Om al Cet\u0103\u0163ii. Ion IACHIM Personalitate cu un deosebit talent&hellip;<\/p>\n<p class=\"more-link-p\"><a class=\"more-link\" href=\"http:\/\/www.slineamt.ro\/apostolul\/cronica-literara\/18976\/\">Read more &rarr;<\/a><\/p>\n","protected":false},"author":1,"featured_media":0,"comment_status":"open","ping_status":"closed","sticky":false,"template":"","format":"standard","meta":{"footnotes":""},"categories":[16,421],"tags":[],"class_list":["post-18976","post","type-post","status-publish","format-standard","hentry","category-cronica-literara","category-numarul-228"],"_links":{"self":[{"href":"http:\/\/www.slineamt.ro\/apostolul\/wp-json\/wp\/v2\/posts\/18976","targetHints":{"allow":["GET"]}}],"collection":[{"href":"http:\/\/www.slineamt.ro\/apostolul\/wp-json\/wp\/v2\/posts"}],"about":[{"href":"http:\/\/www.slineamt.ro\/apostolul\/wp-json\/wp\/v2\/types\/post"}],"author":[{"embeddable":true,"href":"http:\/\/www.slineamt.ro\/apostolul\/wp-json\/wp\/v2\/users\/1"}],"replies":[{"embeddable":true,"href":"http:\/\/www.slineamt.ro\/apostolul\/wp-json\/wp\/v2\/comments?post=18976"}],"version-history":[{"count":3,"href":"http:\/\/www.slineamt.ro\/apostolul\/wp-json\/wp\/v2\/posts\/18976\/revisions"}],"predecessor-version":[{"id":18991,"href":"http:\/\/www.slineamt.ro\/apostolul\/wp-json\/wp\/v2\/posts\/18976\/revisions\/18991"}],"wp:attachment":[{"href":"http:\/\/www.slineamt.ro\/apostolul\/wp-json\/wp\/v2\/media?parent=18976"}],"wp:term":[{"taxonomy":"category","embeddable":true,"href":"http:\/\/www.slineamt.ro\/apostolul\/wp-json\/wp\/v2\/categories?post=18976"},{"taxonomy":"post_tag","embeddable":true,"href":"http:\/\/www.slineamt.ro\/apostolul\/wp-json\/wp\/v2\/tags?post=18976"}],"curies":[{"name":"wp","href":"https:\/\/api.w.org\/{rel}","templated":true}]}}