{"id":18994,"date":"2020-01-27T19:18:31","date_gmt":"2020-01-27T19:18:31","guid":{"rendered":"http:\/\/www.slineamt.ro\/apostolul\/?p=18994"},"modified":"2020-01-27T19:18:31","modified_gmt":"2020-01-27T19:18:31","slug":"tvr-moldova-apropie-inimile-romanilor","status":"publish","type":"post","link":"http:\/\/www.slineamt.ro\/apostolul\/pasi-spre-europa\/tvr-moldova-apropie-inimile-romanilor\/","title":{"rendered":"TVR Moldova apropie inimile rom\u00e2nilor"},"content":{"rendered":"\n<div class=\"wp-block-image\"><figure class=\"alignleft\"><img loading=\"lazy\" decoding=\"async\" width=\"425\" height=\"210\" src=\"https:\/\/www.slineamt.ro\/apostolul\/wp-content\/uploads\/2020\/01\/17-ap228-foto1-1.jpg\" alt=\"\" class=\"wp-image-18997\" srcset=\"http:\/\/www.slineamt.ro\/apostolul\/wp-content\/uploads\/2020\/01\/17-ap228-foto1-1.jpg 425w, http:\/\/www.slineamt.ro\/apostolul\/wp-content\/uploads\/2020\/01\/17-ap228-foto1-1-300x148.jpg 300w, http:\/\/www.slineamt.ro\/apostolul\/wp-content\/uploads\/2020\/01\/17-ap228-foto1-1-260x128.jpg 260w, http:\/\/www.slineamt.ro\/apostolul\/wp-content\/uploads\/2020\/01\/17-ap228-foto1-1-160x79.jpg 160w\" sizes=\"auto, (max-width: 425px) 100vw, 425px\" \/><\/figure><\/div>\n\n\n\n<p>Ca un gest\nde recunoa\u015ftere a valorii oamenilor de cultur\u0103 \u015fi a cercet\u0103torilor din\nBasarabia, dar \u015fi ca vector de promovare a c\u0103r\u0163ii basarabene \u00een spa\u0163iul\nrom\u00e2nesc extins, pe parcursul lunilor decembrie 2019 \u2013 ianuarie 2020, TVR\nMoldova a organizat \u015fi desf\u0103\u015furat campania \u201eCartea care ne une\u015fte. Din\nBasarabia, cu drag!\u201d.<\/p>\n\n\n\n<p>\u00cen acest\nscop, editurile din Republica Moldova au fost invitate s\u0103 contribuie cu dona\u0163ii\nde carte, editat\u0103 pe parcursul celor 30 de ani de scriere \u00een grafia latin\u0103. <\/p>\n\n\n\n<p>Amenajarea\nunor standuri permanente de carte \u00een dou\u0103 dintre cele mai prestigioase institu\u0163ii\nde cultur\u0103 din Rom\u00e2nia, la Biblioteca Metropolitan\u0103 \u201eMihail Sadoveanu\u201d din\nBucure\u015fti \u015fi la Biblioteca Central\u0103 Universitar\u0103 \u201eCarol I\u201d va contribui la\nconectarea direct\u0103 a cititorilor din \u0162ar\u0103 la produc\u0163ia literar\u0103 din Basarabia,\nse arat\u0103 \u00een comunicatul emis de organizatori. <\/p>\n\n\n\n<p>Totodat\u0103,\nprezentarea lucr\u0103rilor \u015ftiin\u0163ifice notabile \u00een domenii de cercetare precum\nistorie, antropologie, arheologie, geografie, medicin\u0103, critic\u0103 literar\u0103,\nteatru, arhitectur\u0103, pedagogie, muzeografie, muzeologie etc. va impulsiona schimburile\nacademice \u015fi proiectele de cercetare comun\u0103. <\/p>\n\n\n\n<p>Campaniei\n\u201eCartea care ne une\u015fte. Din Basarabia, cu drag!\u201d s-au al\u0103turat numeroase\nedituri, precum Cartier, Litera, \u015etiin\u0163a, Prut Interna\u0163ional, Lexon, ARC, dar\n\u015fi mul\u0163i autori din Republica Moldova.<\/p>\n\n\n\n<p>&nbsp;<strong><em>Veste bun\u0103 pentru basarabeni:<\/em><\/strong> Anul\nacesta TVR Moldova va putea transmite programele pe \u00eentreg teritoriul\nRepublicii Moldova. Consiliul Audiovizualului de la Chi\u015fin\u0103u a votat unanim\npentru acordarea frecven\u0163ei na\u0163ionale pentru Televiziunea Rom\u00e2n\u0103. TVR Moldova\nva de\u0163ine frecven\u0163a na\u0163ional\u0103 p\u00e2n\u0103 la 1 martie 2020 \u2013 termenul la care R.\nMoldova s-a angajat s\u0103 sisteze emisia analogic\u0103 \u015fi s\u0103 treac\u0103 la definitiv la\nteleviziunea digital\u0103 terestr\u0103.<\/p>\n\n\n\n<p>\u201eS-a f\u0103cut\ndreptate dup\u0103 12 ani de c\u00e2nd TVR a r\u0103mas f\u0103r\u0103 frecven\u0163\u0103, aceasta fiind retras\u0103\nabuziv \u00een 2007, de c\u0103tre guvernarea comunist\u0103\u201d, scrie TVR Moldova.<\/p>\n\n\n\n<p><strong><em>Angelina\nBEGU<\/em><\/strong><\/p>\n","protected":false},"excerpt":{"rendered":"<p>Ca un gest de recunoa\u015ftere a valorii oamenilor de cultur\u0103 \u015fi a cercet\u0103torilor din Basarabia, dar \u015fi ca vector de promovare a c\u0103r\u0163ii basarabene \u00een spa\u0163iul rom\u00e2nesc extins, pe parcursul lunilor decembrie 2019 \u2013 ianuarie 2020, TVR Moldova a organizat&hellip;<\/p>\n<p class=\"more-link-p\"><a class=\"more-link\" href=\"http:\/\/www.slineamt.ro\/apostolul\/pasi-spre-europa\/tvr-moldova-apropie-inimile-romanilor\/\">Read more &rarr;<\/a><\/p>\n","protected":false},"author":1,"featured_media":0,"comment_status":"open","ping_status":"closed","sticky":false,"template":"","format":"standard","meta":{"footnotes":""},"categories":[9,421],"tags":[],"class_list":["post-18994","post","type-post","status-publish","format-standard","hentry","category-pasi-spre-europa","category-numarul-228"],"_links":{"self":[{"href":"http:\/\/www.slineamt.ro\/apostolul\/wp-json\/wp\/v2\/posts\/18994","targetHints":{"allow":["GET"]}}],"collection":[{"href":"http:\/\/www.slineamt.ro\/apostolul\/wp-json\/wp\/v2\/posts"}],"about":[{"href":"http:\/\/www.slineamt.ro\/apostolul\/wp-json\/wp\/v2\/types\/post"}],"author":[{"embeddable":true,"href":"http:\/\/www.slineamt.ro\/apostolul\/wp-json\/wp\/v2\/users\/1"}],"replies":[{"embeddable":true,"href":"http:\/\/www.slineamt.ro\/apostolul\/wp-json\/wp\/v2\/comments?post=18994"}],"version-history":[{"count":1,"href":"http:\/\/www.slineamt.ro\/apostolul\/wp-json\/wp\/v2\/posts\/18994\/revisions"}],"predecessor-version":[{"id":19000,"href":"http:\/\/www.slineamt.ro\/apostolul\/wp-json\/wp\/v2\/posts\/18994\/revisions\/19000"}],"wp:attachment":[{"href":"http:\/\/www.slineamt.ro\/apostolul\/wp-json\/wp\/v2\/media?parent=18994"}],"wp:term":[{"taxonomy":"category","embeddable":true,"href":"http:\/\/www.slineamt.ro\/apostolul\/wp-json\/wp\/v2\/categories?post=18994"},{"taxonomy":"post_tag","embeddable":true,"href":"http:\/\/www.slineamt.ro\/apostolul\/wp-json\/wp\/v2\/tags?post=18994"}],"curies":[{"name":"wp","href":"https:\/\/api.w.org\/{rel}","templated":true}]}}