{"id":19003,"date":"2020-01-27T19:21:03","date_gmt":"2020-01-27T19:21:03","guid":{"rendered":"http:\/\/www.slineamt.ro\/apostolul\/?p=19003"},"modified":"2020-01-27T19:21:03","modified_gmt":"2020-01-27T19:21:03","slug":"scoarta-de-causeni-vedeta-a-targului-covorul-dorului-din-chisinau","status":"publish","type":"post","link":"http:\/\/www.slineamt.ro\/apostolul\/arte-si-meseriii\/scoarta-de-causeni-vedeta-a-targului-covorul-dorului-din-chisinau\/","title":{"rendered":"Scoar\u0163a de C\u0103u\u015feni, vedet\u0103 a T\u00e2rgului \u201eCovorul Dorului\u201d din Chi\u015fin\u0103u"},"content":{"rendered":"\n<div class=\"wp-block-image\"><figure class=\"alignleft is-resized\"><img loading=\"lazy\" decoding=\"async\" src=\"https:\/\/www.slineamt.ro\/apostolul\/wp-content\/uploads\/2020\/01\/16-ap228-foto1.jpg\" alt=\"\" class=\"wp-image-19006\" width=\"388\" height=\"276\" srcset=\"http:\/\/www.slineamt.ro\/apostolul\/wp-content\/uploads\/2020\/01\/16-ap228-foto1.jpg 425w, http:\/\/www.slineamt.ro\/apostolul\/wp-content\/uploads\/2020\/01\/16-ap228-foto1-300x213.jpg 300w, http:\/\/www.slineamt.ro\/apostolul\/wp-content\/uploads\/2020\/01\/16-ap228-foto1-260x185.jpg 260w, http:\/\/www.slineamt.ro\/apostolul\/wp-content\/uploads\/2020\/01\/16-ap228-foto1-160x114.jpg 160w\" sizes=\"auto, (max-width: 388px) 100vw, 388px\" \/><\/figure><\/div>\n\n\n\n<p>Cea de-a\n\u015fasea edi\u0163ie a T\u00e2rgului Na\u0163ional al Covorului, cu genericul \u201eCovorul Dorului\u201d,\ns-a desf\u0103\u015furat la 15 decembrie 2019, la Muzeul Na\u0163ional de Etnografie \u015fi\nIstorie Natural\u0103. <\/p>\n\n\n\n<p>Elementul\ncentral al t\u00e2rgului l-a constituit expozi\u0163ia \u201eScoar\u0163a de C\u0103u\u015feni \u2013 tezaur de\nculoare \u015fi simbol\u201d.<\/p>\n\n\n\n<p>\u201eEste o\nexpozi\u0163ie formidabil\u0103, prezentat\u0103 pentru T\u00e2rgul Na\u0163ional al Covorului. Este un\nsucces al colegilor mei, talenta\u0163i \u015fi temerari, care va permite s\u0103 \u00een\u0163elegem\nmai altfel limbajul minunatelor scoar\u0163e de C\u0103u\u015feni\u201d, a apreciat Varvara Buzil\u0103,\nsecretar \u015ftiin\u0163ific al Muzeului Na\u0163ional de Etnografie \u015fi Istorie. <\/p>\n\n\n\n<p>Totodat\u0103,\nexpozi\u0163ia a oferit vizitatorilor prilejul de a cunoa\u015fte piese din patrimoniul\nMuzeului Na\u0163ional de Etnografie \u015fi Istorie Natural\u0103, Muzeului Na\u0163ional de\nIstorie a Moldovei, Muzeului raional de Istorie \u015fi Etnografie C\u0103u\u015feni, Muzeului\nde Etnografie din satul Cania, Cantemir, Casei-Muzeu \u201eAlexei Mateevici\u201d din\nZaim, C\u0103u\u015feni.<\/p>\n\n\n\n<p>De asemenea,\nT\u00e2rgul a expus scoar\u0163e \u0163esute recent de Complexul de me\u015fte\u015fuguri \u201eArt\u0103\nRustic\u0103\u201d, din Cli\u015fova Nou\u0103, Orhei, condus de \u0163es\u0103toarea Ecaterina Popescu \u015fi\nMuzeul \u201eCasa P\u0103rinteasc\u0103\u201d, din Palanca, C\u0103l\u0103ra\u015fi, director Tatiana Popa.\nPublicul a avut posibilitatea s\u0103 admire \u015fi s\u0103 cumpere covoare \u0163esute de\nme\u015fterii populari: Parascovia Pasat, satul Ustia, Glodeni, dinastia de \u0163es\u0103toare\nspecializat\u0103 \u00een \u0163esutul covoarelor mi\u0163oase, condus\u0103 de Ludmila Scutaru din\nsatul Mih\u0103ileni, R\u00e2\u015fcani, \u0163es\u0103toarea Raisa Lungu de la Centrul de me\u015fte\u015fuguri\n\u201eCu i\u0163e \u015fi suveic\u0103\u201d din satul Cri\u015fc\u0103u\u0163i, Dondu\u015feni.<\/p>\n\n\n\n<p>Curtea\nMuzeului a g\u0103zduit Iarmarocul Me\u015fterilor Populari, care a oferit vizitatorilor\nposibilitatea s\u0103 achizi\u0163ioneze obiecte me\u015fte\u015fug\u0103re\u015fti, confec\u0163ionate de \u0163es\u0103tori,\ncojocari, olari, lemnari, me\u015fteri \u00een arta pieselor de port popular, produselor\nde artizanat etc. Iarmarocul a fost \u00eenso\u0163it \u015fi de un program artistic, dedicat\ntradi\u0163iilor din ajunul Cr\u0103ciunului \u015fi al Anului Nou, prin evocarea elementelor\nTeatrului popular de iarn\u0103. Un interes deosebit au prezentat colindele de ceat\u0103\nb\u0103rb\u0103teasc\u0103 \u2013 element \u00eenscris, \u00een anul 2013, \u00een Lista Reprezentativ\u0103 UNESCO a\npatrimoniului cultural imaterial al umanit\u0103\u0163ii de c\u0103tre Republica Moldova \u015fi\nRom\u00e2nia.<\/p>\n\n\n\n<p><em>Scoar\u0163a este un covor cu urzeal\u0103 de l\u00e2n\u0103 sau bumbac \u015fi\nb\u0103teal\u0103 din l\u00e2n\u0103. Mai mul\u0163i exper\u0163i afirm\u0103 c\u0103 \u201escoar\u0163ele basarabene au un stil\ninconfundabil, determinat de tematica, expresia artistic\u0103, stilistica motivelor\nornamentale, de \u00eenscrierea lor \u00een registre decorative \u015fi de cromatica \u00een care\nau fost realizate\u201d.<\/em><\/p>\n\n\n\n<p><em>Tehnicile tradi\u0163ionale de realizare a scoar\u0163ei \u00een Rom\u00e2nia\n\u015fi Republica Moldova, la 1 decembrie 2016, au fost \u00eenscrise \u00een Lista\nreprezentativ\u0103 UNESCO a patrimoniului cultural imaterial al umanit\u0103\u0163ii. <\/em><\/p>\n\n\n\n<p><strong><em>A. BEGU<\/em><\/strong><\/p>\n","protected":false},"excerpt":{"rendered":"<p>Cea de-a \u015fasea edi\u0163ie a T\u00e2rgului Na\u0163ional al Covorului, cu genericul \u201eCovorul Dorului\u201d, s-a desf\u0103\u015furat la 15 decembrie 2019, la Muzeul Na\u0163ional de Etnografie \u015fi Istorie Natural\u0103. Elementul central al t\u00e2rgului l-a constituit expozi\u0163ia \u201eScoar\u0163a de C\u0103u\u015feni \u2013 tezaur de&hellip;<\/p>\n<p class=\"more-link-p\"><a class=\"more-link\" href=\"http:\/\/www.slineamt.ro\/apostolul\/arte-si-meseriii\/scoarta-de-causeni-vedeta-a-targului-covorul-dorului-din-chisinau\/\">Read more &rarr;<\/a><\/p>\n","protected":false},"author":1,"featured_media":0,"comment_status":"open","ping_status":"closed","sticky":false,"template":"","format":"standard","meta":{"footnotes":""},"categories":[7,421],"tags":[],"class_list":["post-19003","post","type-post","status-publish","format-standard","hentry","category-arte-si-meseriii","category-numarul-228"],"_links":{"self":[{"href":"http:\/\/www.slineamt.ro\/apostolul\/wp-json\/wp\/v2\/posts\/19003","targetHints":{"allow":["GET"]}}],"collection":[{"href":"http:\/\/www.slineamt.ro\/apostolul\/wp-json\/wp\/v2\/posts"}],"about":[{"href":"http:\/\/www.slineamt.ro\/apostolul\/wp-json\/wp\/v2\/types\/post"}],"author":[{"embeddable":true,"href":"http:\/\/www.slineamt.ro\/apostolul\/wp-json\/wp\/v2\/users\/1"}],"replies":[{"embeddable":true,"href":"http:\/\/www.slineamt.ro\/apostolul\/wp-json\/wp\/v2\/comments?post=19003"}],"version-history":[{"count":1,"href":"http:\/\/www.slineamt.ro\/apostolul\/wp-json\/wp\/v2\/posts\/19003\/revisions"}],"predecessor-version":[{"id":19009,"href":"http:\/\/www.slineamt.ro\/apostolul\/wp-json\/wp\/v2\/posts\/19003\/revisions\/19009"}],"wp:attachment":[{"href":"http:\/\/www.slineamt.ro\/apostolul\/wp-json\/wp\/v2\/media?parent=19003"}],"wp:term":[{"taxonomy":"category","embeddable":true,"href":"http:\/\/www.slineamt.ro\/apostolul\/wp-json\/wp\/v2\/categories?post=19003"},{"taxonomy":"post_tag","embeddable":true,"href":"http:\/\/www.slineamt.ro\/apostolul\/wp-json\/wp\/v2\/tags?post=19003"}],"curies":[{"name":"wp","href":"https:\/\/api.w.org\/{rel}","templated":true}]}}