{"id":19024,"date":"2020-01-27T19:26:02","date_gmt":"2020-01-27T19:26:02","guid":{"rendered":"http:\/\/www.slineamt.ro\/apostolul\/?p=19024"},"modified":"2020-01-27T19:26:02","modified_gmt":"2020-01-27T19:26:02","slug":"cartea-de-proza-2","status":"publish","type":"post","link":"http:\/\/www.slineamt.ro\/apostolul\/arte-si-meseriii\/cartea-de-proza-2\/","title":{"rendered":"Cartea de proz\u0103"},"content":{"rendered":"\n<p>\u00centre\ncandoare \u015fi sarcasm<\/p>\n\n\n\n<p>\u00cenainte de a\na\u015feza \u00een pagin\u0103 recenzia c\u0103r\u0163ii care ne-a inspirat titlul de mai sus, prezent\u0103m\ncititorilor c\u00e2teva tr\u0103s\u0103turi definitorii ale personalit\u0103\u0163ii lui Constantin\nArdeleanu, autorul recentei c\u0103r\u0163i intitulate <strong><em>Ia\u015fi \u2013 escala tinere\u0163ii absolute<\/em><\/strong>.\n<\/p>\n\n\n\n<p>N\u0103scut la\nTazl\u0103u, pe mirifica vale omonim\u0103, localitate intrat\u0103 \u00een istorie prin ctitoria\nmonahal\u0103 a lui \u015etefan cel Mare \u015fi \u00een istoria literaturii prin scriitorul I. I.\nMironescu, cel care nu de pu\u0163ine ori a organizat aici \u015fez\u0103tori cu participarea\ncolaboratorilor Revistei \u201eVia\u0163a Rom\u00e2neasc\u0103\u201d, Constantin Ardeleanu, dup\u0103\nabsolvirea \u015fcolii elementare din sat \u015fi a liceului din Buhu\u015fi, devine student\nal Facult\u0103\u0163ii de \u015etiin\u0163e Economice a Universit\u0103\u0163ii \u201eAl. I. Cuza\u201d din Ia\u015fi\n(1966-1971), \u00eenc\u0103rcata de istorie capital\u0103 a Moldovei. Aceast\u0103 perioad\u0103 poate\nfi considerat\u0103 ca un interval de timp benefic \u00een formarea unei baze solide a\nviitorului intelectual, datorit\u0103 interesului aparte pe care t\u00e2n\u0103rul student \u00eel\nva manifesta pentru istoria ora\u015fului \u015fi pentru via\u0163a cultural\u0103 oferit\u0103 de\ninstitu\u0163ii precum Teatrul Na\u0163ional \u201eVasile Alecsandri\u201d, Filarmonica \u015fi Opera,\nBiblioteca \u201eMihai Eminescu\u201d, Muzeul din Palatul Culturii \u015fi nu \u00een ultimul r\u00e2nd\nde casele memoriale, cele mai numeroase din \u0163ar\u0103. Tot aici este demn de men\u0163ionat\n\u015fi faptul c\u0103 t\u00e2n\u0103rul particip\u0103 \u015fi la cursurile de ini\u0163iere \u00een tainele muzicii\nclasice, organizate pe atunci de muzicologul George Pascu. <\/p>\n\n\n\n<p>Toate\nacestea, a\u015fezate pe zestrea nativ\u0103 mo\u015ftenit\u0103 din familie \u015fi sub beneficiul unui\nironic sim\u0163 de observa\u0163ie, au f\u0103cut ca, \u00een peregrin\u0103rile pe meridianele lumii\n\u00een interes de serviciu, economistul Constantin Ardeleanu s\u0103 g\u0103seasc\u0103 timpul necesar\npentru completarea \u00eenzestr\u0103rii sale culturale, prin frecventarea unor renumite\ninstitu\u0163ii precum operele din Milano, Viena \u015f. a. <\/p>\n\n\n\n<p>\u00cencepe s\u0103\nscrie \u015fi s\u0103 publice \u00eenc\u0103 din timpul studen\u0163iei, dar debutul editorial a avut\nloc la deplin\u0103 maturitate (1996), de atunci p\u00e2n\u0103 \u00een prezent scriitorul reu\u015find\ns\u0103 \u00eencre\u00addin\u0163eze tiparului peste 30 de c\u0103r\u0163i, abord\u00e2nd diferite genuri \u015fi\nspecii literare: poezie, proz\u0103, carte sportiv\u0103, teatru, parodie.<\/p>\n\n\n\n<p>&nbsp;Este posibil ca cititorul gr\u0103bit s\u0103 considere <em>Ia\u015fi \u2013 escala tinere\u0163ii absolute<\/em> un\nvolum eterogen alc\u0103tuit din texte recuperate de autor din publica\u0163iile \u00een care\nle-a risipit cu generozitate de-a lungul timpului. E numai o p\u0103rere. Textele\nincluse \u00een volum nu apar\u0163in literaturii de evocare, nu sunt nici amintiri, nici\nmemorii ci, din toate acestea c\u00e2te pu\u0163in.<\/p>\n\n\n\n<p>Credem c\u0103 \u00een\naceast\u0103 carte Cons\u00adtantin Ardeleanu \u015fi-a propus s\u0103 ilustreze ideea potrivit\nc\u0103reia un t\u00e2n\u0103r ajuns la v\u00e2rsta majoratului, student \u00eentr-un mare ora\u015f cultural\npoate pune aici at\u00e2t bazele solide ale unei profesii, c\u00e2t \u015fi pe acelea ale\nviitoarei sale forma\u0163iuni intelectuale, dac\u0103 mai este \u015fi \u00eenzestrat cu o \u201egen\u0103 a\ncuriozit\u0103\u0163ii\u201d. Este ceea ce face personajul narator al c\u0103r\u0163ii, aflat \u00eentr-o\ncontinu\u0103 lupt\u0103 pentru des\u0103v\u00e2r\u015firea unei identit\u0103\u0163i spirituale.<\/p>\n\n\n\n<p>Celor care\nvor avea posibilitatea s\u0103 citeasc\u0103 aceast\u0103 carte le suger\u0103m s\u0103 observe c\u0103,\ntematic, autorul a distribuit cele c\u00e2teva zeci de texte \u00een patru p\u0103r\u0163i f\u0103r\u0103 a\nrespecta cronologia nar\u0103rii faptelor \u015fi f\u0103r\u0103 a semnala compartimentarea. <\/p>\n\n\n\n<p>\u00cen prima\nparte este prezentat\u0103 perioada studen\u0163iei realiz\u00e2nd o ima\u00adgine verosimil\u0103\nalc\u0103tuit\u0103 din portrete de profesori, schi\u0163e, uneori realizate doar din c\u00e2teva\ntu\u015fe ale colegilor de grup\u0103, via\u0163a \u00een c\u0103minele studen\u0163e\u015fti, excursii \u015fi alte\nforme de petrecere a timpului liber.<\/p>\n\n\n\n<p>A doua parte\na c\u0103r\u0163ii, mai restr\u00e2ns\u0103 ca dimensiuni, con\u0163ine prezentarea anilor de liceu\n\u00eentr-un or\u0103\u015fel de provincie. <\/p>\n\n\n\n<p>Deosebit de\nimportant\u0103 este partea a patra, \u00een care autorul prezint\u0103 o suit\u0103 de personalit\u0103\u0163i\n\u015fi de institu\u0163ii culturale care au marcat \u00een mod benefic via\u0163a artistic\u0103 \u015fi\n\u015ftiin\u0163ific\u0103 \u00een ultimele dou\u0103 secole a b\u0103tr\u00e2nei capitale moldave. <\/p>\n\n\n\n<p>Demne de men\u0163ionat\n\u015fi de re\u0163inut sunt \u015fi paginile ce con\u0163in relat\u0103ri despre participarea unor\npersonalit\u0103\u0163i ale vie\u0163ii culturale \u015fi artistice din Ia\u015fi la \u015fez\u0103tori literare,\n\u00een localitatea natal\u0103 a autorului. Mai \u00eent\u00e2i, \u00een perioada interbelic\u0103, perioad\u0103\nde \u00eenflorire a literaturii rom\u00e2ne, c\u00e2nd amfitrion pentru scriitorii de la \u201eVia\u0163a\nRom\u00e2neasc\u0103\u201d era scriitorul I. I. Mironescu, fiul \u00eenv\u0103\u0163\u0103torului din localitate.\nCea de-a doua perioad\u0103 s-a datorat profesorului \u015fi publicistului Gheorghe Blaga\ncare a organizat \u015fez\u0103tori anuale, cu participarea unor oameni de cultur\u0103 din\nIa\u015fi \u015fi din jude\u0163ul Neam\u0163 \u015fi s-a ocupat \u00een mod deosebit de \u00eenfiin\u0163area \u015fi\neditarea revistei de cultur\u0103 \u201eLa Tazl\u0103u\u201d. <\/p>\n\n\n\n<p>Pe l\u00e2ng\u0103\naceste merite, cartea la care ne-am referit, la fel ca \u00eentreaga oper\u0103 literar\u0103\na scriitorului Constantin Ardeleanu, etaleaz\u0103 \u00een mod indiscutabil dou\u0103 calit\u0103\u0163i\nale autorului. Mai \u00eent\u00e2i re\u0163inem umorul desf\u0103\u015furat \u00een toate textele, pe o gam\u0103\nlarg\u0103, de la ironie, ging\u0103\u015fie \u015fi candoare, p\u00e2n\u0103 la formele cele mai acute ale\nsarcasmului. A doua calitate, de loc de neglijat, este folosirea \u015fi de aceast\u0103\ndat\u0103 a limbii rom\u00e2ne literare, aproape f\u0103r\u0103 gre\u015feal\u0103.<\/p>\n\n\n\n<p><strong><em>Constantin\nTOM\u015eA<\/em><\/strong><\/p>\n","protected":false},"excerpt":{"rendered":"<p>\u00centre candoare \u015fi sarcasm \u00cenainte de a a\u015feza \u00een pagin\u0103 recenzia c\u0103r\u0163ii care ne-a inspirat titlul de mai sus, prezent\u0103m cititorilor c\u00e2teva tr\u0103s\u0103turi definitorii ale personalit\u0103\u0163ii lui Constantin Ardeleanu, autorul recentei c\u0103r\u0163i intitulate Ia\u015fi \u2013 escala tinere\u0163ii absolute. N\u0103scut la&hellip;<\/p>\n<p class=\"more-link-p\"><a class=\"more-link\" href=\"http:\/\/www.slineamt.ro\/apostolul\/arte-si-meseriii\/cartea-de-proza-2\/\">Read more &rarr;<\/a><\/p>\n","protected":false},"author":1,"featured_media":0,"comment_status":"open","ping_status":"closed","sticky":false,"template":"","format":"standard","meta":{"footnotes":""},"categories":[7,421],"tags":[],"class_list":["post-19024","post","type-post","status-publish","format-standard","hentry","category-arte-si-meseriii","category-numarul-228"],"_links":{"self":[{"href":"http:\/\/www.slineamt.ro\/apostolul\/wp-json\/wp\/v2\/posts\/19024","targetHints":{"allow":["GET"]}}],"collection":[{"href":"http:\/\/www.slineamt.ro\/apostolul\/wp-json\/wp\/v2\/posts"}],"about":[{"href":"http:\/\/www.slineamt.ro\/apostolul\/wp-json\/wp\/v2\/types\/post"}],"author":[{"embeddable":true,"href":"http:\/\/www.slineamt.ro\/apostolul\/wp-json\/wp\/v2\/users\/1"}],"replies":[{"embeddable":true,"href":"http:\/\/www.slineamt.ro\/apostolul\/wp-json\/wp\/v2\/comments?post=19024"}],"version-history":[{"count":1,"href":"http:\/\/www.slineamt.ro\/apostolul\/wp-json\/wp\/v2\/posts\/19024\/revisions"}],"predecessor-version":[{"id":19027,"href":"http:\/\/www.slineamt.ro\/apostolul\/wp-json\/wp\/v2\/posts\/19024\/revisions\/19027"}],"wp:attachment":[{"href":"http:\/\/www.slineamt.ro\/apostolul\/wp-json\/wp\/v2\/media?parent=19024"}],"wp:term":[{"taxonomy":"category","embeddable":true,"href":"http:\/\/www.slineamt.ro\/apostolul\/wp-json\/wp\/v2\/categories?post=19024"},{"taxonomy":"post_tag","embeddable":true,"href":"http:\/\/www.slineamt.ro\/apostolul\/wp-json\/wp\/v2\/tags?post=19024"}],"curies":[{"name":"wp","href":"https:\/\/api.w.org\/{rel}","templated":true}]}}