{"id":19048,"date":"2020-01-27T19:35:45","date_gmt":"2020-01-27T19:35:45","guid":{"rendered":"http:\/\/www.slineamt.ro\/apostolul\/?p=19048"},"modified":"2020-01-27T19:35:45","modified_gmt":"2020-01-27T19:35:45","slug":"o-viata-o-istorie-o-carte-ii%ef%bb%bf","status":"publish","type":"post","link":"http:\/\/www.slineamt.ro\/apostolul\/arte-si-meseriii\/o-viata-o-istorie-o-carte-ii%ef%bb%bf\/","title":{"rendered":"O VIA\u0162\u0102, O ISTORIE, O CARTE (II)\ufeff"},"content":{"rendered":"\n<div class=\"wp-block-image\"><figure class=\"alignleft is-resized\"><img loading=\"lazy\" decoding=\"async\" src=\"https:\/\/www.slineamt.ro\/apostolul\/wp-content\/uploads\/2020\/01\/11-ap228-foto1.jpg\" alt=\"\" class=\"wp-image-19051\" width=\"404\" height=\"296\" srcset=\"http:\/\/www.slineamt.ro\/apostolul\/wp-content\/uploads\/2020\/01\/11-ap228-foto1.jpg 454w, http:\/\/www.slineamt.ro\/apostolul\/wp-content\/uploads\/2020\/01\/11-ap228-foto1-300x220.jpg 300w, http:\/\/www.slineamt.ro\/apostolul\/wp-content\/uploads\/2020\/01\/11-ap228-foto1-260x191.jpg 260w, http:\/\/www.slineamt.ro\/apostolul\/wp-content\/uploads\/2020\/01\/11-ap228-foto1-160x117.jpg 160w\" sizes=\"auto, (max-width: 404px) 100vw, 404px\" \/><\/figure><\/div>\n\n\n\n<p><br><\/p>\n\n\n\n<p><strong>Adrian-Pavel Sandovici \u2013 \u201eLiceul Petru Rare\u015f Piatra-Neam\u0163\n\u2013 O istorie de 150 de ani\u201d<\/strong><\/p>\n\n\n\n<p>Ed. Cetatea\nDoamnei \u2013 2019<\/p>\n\n\n\n<p>S\u0103 scrii o\ncarte \u00eenseamn\u0103 s\u0103 por\u0163i un r\u0103zboi dificil pe mai multe fronturi: s\u0103 lup\u0163i cu\ntine \u00eensu\u0163i, cu puterile tale fatal limitate; s\u0103 lup\u0163i cu timpul, care nu are\nniciodat\u0103 r\u0103bdare; s\u0103 \u00eenfrun\u0163i modelele \u015fi modele contemporaneit\u0103\u0163ii, \u00een\npermanent\u0103 primenire; \u015fi, mai ales, s\u0103 lup\u0163i cu posteritatea, de obicei\nnemiloas\u0103 \u015fi dreapt\u0103, cea care stabile\u015fte concluziile definitive asupra c\u0103r\u0163ii\n\u015fi asupra autorului.<\/p>\n\n\n\n<p>O asemenea\nlupt\u0103 pentru realizarea unei c\u0103r\u0163i masive, de \u2013 exact \u2013 \u015fapte sute \u015fi patruzeci\n\u015fi dou\u0103 de pagini dense, \u00eenchinate istoriei de p\u00e2n\u0103 acum a Liceului \u201ePetru\nRare\u015f\u201d din Piatra-Neam\u0163, care, \u00een noiembrie 2019, a \u00eemplinit un secol \u015fi\njum\u0103tate de glorioas\u0103 via\u0163\u0103, a dus de-a lungul a \u015fapte ani autorul, bine\ncunoscutul profesor pietrean Adrian-Pavel Sandovici.<\/p>\n\n\n\n<p>Pentru a\nizbuti, \u00ee\u0163i trebuie un suflu de maratonist; \u015fi autorul a dovedit c\u0103 este un\nalerg\u0103tor de curs\u0103 lung\u0103. \u00cen adaos, ai nevoie de o meticulozitate \u015fi de o\nr\u0103bdare de giuvaergiu. Profesorul Sandovici le are, f\u0103r\u0103 nici o \u00eendoial\u0103.<\/p>\n\n\n\n<p>&nbsp;\u00cen cei \u015fapte ani, c\u00e2t timp a trudit cu o\npasiune rar \u00eent\u00e2lnit\u0103, fiecare am\u0103nunt inclus \u00een lucrare a fost verificat dup\u0103\nprincipiul celor trei surse obligatorii, ca nu cumva s\u0103 scape la lumin\u0103 vreun\nneadev\u0103r. Ca urmare, din prisos de pruden\u0163\u0103 declarat\u0103, unele momente \u015fi\npersonaje mai pu\u0163in vizibile, dar c\u00e2t de c\u00e2t interesante, nu au mai intrat \u00een\npaginile c\u0103r\u0163ii.<\/p>\n\n\n\n<p>Titlul \u2013\n\u201eLiceul <em>Petru Rare\u015f<\/em> \u2013 o istorie de\n150 de ani\u201d \u2013 nu devoaleaz\u0103 totu\u015fi \u00eentregul con\u0163inut al lucr\u0103rii, c\u0103ci, dup\u0103\ncele aproape trei sute de pagini ce cuprind, \u00eentr-o ordine nou\u0103 \u015fi original\u0103,\nistoria liceului, urmeaz\u0103 anexe bogate \u00een nume \u015fi date,listele complete ale\nprofesorilor, directorilor, ale personalului didactic auxiliar, ale\npersonalului de \u00eengrijire, \u015fi, ceea ce a cerut un efort deosebit \u00een cercetare,\nlistele tuturor absolven\u0163ilor, unii cu mediile ob\u0163inute la absolvire, to\u0163i cu\nlocul lor \u00een promo\u0163ie, cu \u015fefii lor de promo\u0163ie \u015fi cu premian\u0163ii, pe ani \u015fi pe\nclase, 142 de promo\u0163ii, din 1873 p\u00e2n\u0103 \u00een 2019.<\/p>\n\n\n\n<div class=\"wp-block-image\"><figure class=\"alignright is-resized\"><img loading=\"lazy\" decoding=\"async\" src=\"https:\/\/www.slineamt.ro\/apostolul\/wp-content\/uploads\/2020\/01\/11-ap228-foto2.jpg\" alt=\"\" class=\"wp-image-19054\" width=\"260\" height=\"373\" srcset=\"http:\/\/www.slineamt.ro\/apostolul\/wp-content\/uploads\/2020\/01\/11-ap228-foto2.jpg 296w, http:\/\/www.slineamt.ro\/apostolul\/wp-content\/uploads\/2020\/01\/11-ap228-foto2-209x300.jpg 209w, http:\/\/www.slineamt.ro\/apostolul\/wp-content\/uploads\/2020\/01\/11-ap228-foto2-260x373.jpg 260w, http:\/\/www.slineamt.ro\/apostolul\/wp-content\/uploads\/2020\/01\/11-ap228-foto2-160x230.jpg 160w\" sizes=\"auto, (max-width: 260px) 100vw, 260px\" \/><\/figure><\/div>\n\n\n\n<p>Dispunerea\noriginal\u0103 a materialului extrem de bogat este motivat\u0103 \u00een paginile de prefa\u0163\u0103,\nintitulate \u201eDin partea autorului\u201d: \u201e\u00cen fa\u0163a noianului de informa\u0163ii \u015ftirbite, a\ndisp\u0103rut din c\u00e2mpul discu\u0163iei ideea de monografie \u2026 A\u015fa s-a ajuns la aceast\u0103\nistorie a celor 150 de ani; \u015fi, pentru c\u0103 \u015fi aceasta poate fi completat\u0103 cu\nmulte, foarte multe alte componente, am decis s\u0103 o numesc \u201eO istorie de 150 de\nani.\u201d (\u201eO istorie\u201d, nu \u201eistoria\u201d \u2013 n.n.)<\/p>\n\n\n\n<p>Are cineva\nnevoie de o istorie succint\u0103 a \u00eenv\u0103\u0163\u0103m\u00e2ntului rom\u00e2nesc \u00een veacul al XIX-lea? O\ng\u0103si\u0163i \u00een paginile 7 \u015fi 8.<\/p>\n\n\n\n<p>V\u0103\npasioneaz\u0103 istoria \u015fcolii na\u0163ionale a Rom\u00e2niei, de la \u00eenceputuri \u015fi p\u00e2n\u0103\nast\u0103zi? Simplu. V\u0103 st\u0103 la dispozi\u0163ie, \u00een rezumat, \u00eentre paginile 20 \u015fi 60.<\/p>\n\n\n\n<p>\u00centreb\u00e2ndu-m\u0103\ndespre rostul acestei prezent\u0103ri pe larg a \u015fcolii na\u0163ionale \u015fi dac\u0103 este\nabsolut obligatorie \u00een economia c\u0103r\u0163ii, am ajuns finalmente la convingerea c\u0103\nautorul a dorit s\u0103 explice multe acte \u015fi fapte esen\u0163iale din evolu\u0163ia liceului\nprin progresele, dar \u015fi prin avatarii \u015fi \u00eenc\u00e2lcelile \u015fcolii na\u0163ionale.<\/p>\n\n\n\n<p>De pild\u0103,\ncum s\u0103-l faci a \u00een\u0163elege meandrele dramatice ale institu\u0163iei pietrene de \u00eenv\u0103\u0163\u0103m\u00e2nt\n\u00een anii comunismului rom\u00e2nesc, dac\u0103 cititorul de azi nu cunoa\u015fte din proprie\nexperien\u0163\u0103 mediul politic \u015fi institu\u0163ional din timpul c\u00e2nd \u0163ara era condus\u0103 de\ndictatori analfabe\u0163i?<\/p>\n\n\n\n<p>Construind\naceast\u0103 imagine ampl\u0103, autorul a str\u0103b\u0103tut cu r\u0103bdare mai multe rafturi lungi,\npline cu c\u0103r\u0163i (\u015fi cu documente), unele greu de \u00een\u0163eles pentru min\u0163ile tinere\nde ast\u0103zi.<\/p>\n\n\n\n<p>Atent la\n(aproape) tot ce s-a scris de-a lungul anilor despre istoria Liceului \u201ePetru\nRare\u015f\u201d, cu prec\u0103dere, despre marii profesori, unii intra\u0163i \u00een legend\u0103;<\/p>\n\n\n\n<p>observ\u00e2nd cu\naten\u0163ie deosebit\u0103 ultimele dou\u0103 lucr\u0103ri de mari propor\u0163ii pe aceast\u0103 tem\u0103,\nsemnate de profesorul Alexandru Iftimie \u2013 <em>Monografia\nLiceului \u201ePetru Rare\u015f\u201d \u2013 1869 \u2013 1969<\/em> \u2013 \u015fi de profesorii Leti\u0163ia \u015fi Gheorghe\nBunghez \u2013 <em>Colegiul Na\u0163ional \u201ePetru Rare\u015f\u201d\nPiatra-Neam\u0163, file de poveste \u2013 1969 \u2013 1999<\/em> (carte care excede cadrul unei\nsimple monografii);<\/p>\n\n\n\n<p>Adrian-Pavel\nSandovici a preferat s\u0103-\u015fi organizeze materialul dup\u0103 un plan care s\u0103-i\n\u00eenlesneasc\u0103 cetitorului, la alegere, fie \u00eentreaga cunoa\u015ftere a istoriei\nLiceului, fie doar a unei anumite perioade, ori numai povestea unei cariere\ndidactice ie\u015fite din comun.<\/p>\n\n\n\n<p>Dup\u0103 o\nscurt\u0103 prefa\u0163\u0103 (\u201eDin partea autorului\u201d), se \u00een\u015firuie \u015faptesprezece capitole,\nurmate de unsprezece anexe \u015fi de o bogat\u0103 list\u0103 bibliografic\u0103. <\/p>\n\n\n\n<p>Chiar \u015fi\nnumai citind sumarul c\u0103r\u0163ii, este lesne de \u00een\u0163eles c\u0103 profesorul Sandovici nu a\nurmat tipicul consacrat al monografiilor \u00eenchinate \u015fcolilor, evit\u00e2nd \u00een parte\nprincipiul cronologic. Iar pentru cei care obosesc repede c\u00e2nd citesc, autorul\nintroduce un scurt istoric al Liceului (Anexa 1).<\/p>\n\n\n\n<div class=\"wp-block-image\"><figure class=\"alignleft\"><img loading=\"lazy\" decoding=\"async\" width=\"367\" height=\"425\" src=\"https:\/\/www.slineamt.ro\/apostolul\/wp-content\/uploads\/2020\/01\/11-ap228-foto3.jpg\" alt=\"\" class=\"wp-image-19057\" srcset=\"http:\/\/www.slineamt.ro\/apostolul\/wp-content\/uploads\/2020\/01\/11-ap228-foto3.jpg 367w, http:\/\/www.slineamt.ro\/apostolul\/wp-content\/uploads\/2020\/01\/11-ap228-foto3-259x300.jpg 259w, http:\/\/www.slineamt.ro\/apostolul\/wp-content\/uploads\/2020\/01\/11-ap228-foto3-260x301.jpg 260w, http:\/\/www.slineamt.ro\/apostolul\/wp-content\/uploads\/2020\/01\/11-ap228-foto3-160x185.jpg 160w\" sizes=\"auto, (max-width: 367px) 100vw, 367px\" \/><\/figure><\/div>\n\n\n\n<p>Autorul \u00ee\u015fi\nalege cu grij\u0103 o sum\u0103 de \u0163inte esen\u0163iale \u015fi le acord\u0103 toat\u0103 aten\u0163ia, atribuind\nfiec\u0103reia c\u00e2te un capitol. <\/p>\n\n\n\n<p>Prin urmare,\ndup\u0103 o lectur\u0103 atent\u0103, da capo al fine, te g\u0103se\u015fti ca la sf\u00e2r\u015fitul unui joc de\npuzzle, o inven\u0163ie valoroas\u0103, care-l satisface \u015fi pe cel interesat de un\nprofesor sau de o activitate fundamental\u0103 a \u015ecolii, dar \u015fi pe cel dornic s\u0103 se\nafle \u00een fa\u0163a unei imagini ample, integrale, a fenomenului secular <em>Petru Rare\u015f<\/em>. <\/p>\n\n\n\n<p>Stilul\nalert, curat, obi\u015fnuit \u00een via\u0163a intelectual\u0103 a profesorului de englez\u0103 \u015fi\nrom\u00e2n\u0103 Paul Sandovici, umorul subtil, p\u0103rerile formulate limpede, direct \u015fi\nf\u0103r\u0103 perifraze politicoase, toate tr\u0103s\u0103turile esen\u0163iale ale condeierului\n\u00eenzestrat cu har \u015fi cu \u015ftiin\u0163a limbii conduc la o lectur\u0103 agreabil\u0103,\ncaptivant\u0103. <\/p>\n\n\n\n<p>Cel care\nscrie aceste r\u00e2nduri, unul dintre cei mai califica\u0163i cunosc\u0103tori ai istoriei\nLiceului, a citit cartea (\u015fi a recitit multe capitole) f\u0103r\u0103 cel mai mic\nplictis, tr\u0103ind \u00een plus \u015fi pl\u0103cerea pricinuit\u0103 de bune pagini de literatur\u0103.<\/p>\n\n\n\n<p>Evident (\u015ei\nautorul o recunoa\u015fte de la \u00eenceput.), \u00een pofida num\u0103rului impresionant de\nizvoare, de bun\u0103 seam\u0103 c\u0103 din lipsa documentelor necesare sau a m\u0103rturiilor, nu\nau fost men\u0163ionate unele evenimente \u015fi persoane care \u0163in de istoria \u015ecolii\npietrene.<\/p>\n\n\n\n<p>Potrivit\nlegii, niciodat\u0103 \u00een \u015fcoal\u0103 nu era admis\u0103 activitatea politic\u0103. \u00cen realitate,\nuneori pe sub m\u00e2n\u0103, \u00een multe r\u00e2nduri cu acordul sau din ordinul celor de sus,\nelevii au fost \u00eenregimenta\u0163i politic. Str\u0103jeria \u015fi UTC sunt exemple elocvente.<\/p>\n\n\n\n<p>Absen\u0163a\ndatelor despre mi\u015fc\u0103rile extremiste de dreapta \u00een r\u00e2ndul unei minorit\u0103\u0163i a\ndasc\u0103lilor sau \u00een via\u0163a elevilor de la <em>Rare\u015f<\/em>\neste explicabil\u0103 nu doar prin penuria de m\u0103rturii \u015fi de documente, ci fiindc\u0103\ndespre acestea nu se prea face vorbire \u00een ultimii ani, ocolindu-se subiectul\ndelicat.<\/p>\n\n\n\n<p>Totu\u015fi, \u00een\nscurta perioad\u0103 a regimului legionar, \u00eentre septembrie 1940 \u015fi februarie 1941,\ncel pu\u0163in directorul de atunci al Liceului \u201ePetru Rare\u015f\u201d era adept al Legiunii.\n<\/p>\n\n\n\n<p>\u00cen r\u00e2ndul\nelevilor a existat organiza\u0163ia legionar\u0103 a \u201eFr\u0103\u0163iilor de Cruce\u201d. Eu \u00eensumi i-am\nv\u0103zut echipa\u0163i \u00een uniforma G\u0103rzii de Fier: bluzon verde, centur\u0103 cu diagonal\u0103\nofi\u0163ereasc\u0103, pantaloni negri, cizme, c\u0103ciul\u0103 neagr\u0103, din blan\u0103 de miel. Fratele\nmeu, elev \u00een clasa a \u015fasea (a zecea de azi) la \u201eRare\u015f\u201d \u00een vremea aceea, poseda\n\u015fi fotografii cu fedeci\u015fti \u00een uniform\u0103, pierdute odat\u0103 cu decesul s\u0103u.<\/p>\n\n\n\n<p>Eugen Poli,\ntrezorierul organiza\u0163iei de la \u201eRare\u015f\u201d, a fost condamnat, \u00een 1941, la ani mul\u0163i\nde \u00eenchisoare. L-am cunoscut dup\u0103 eliberarea din temni\u0163\u0103. Fusese coleg de clas\u0103\n\u015fi prieten cu fratele meu, Nicolae. A intrat \u00een pu\u015fc\u0103rie c\u00e2nd \u00eenc\u0103 nu \u00eemplinise\n17 ani \u015fi a p\u0103r\u0103sit-o abia \u00een 1964. Comandantul FDC din Liceu, Theodor\nDimitriu, a murit subit, \u00een condi\u0163ii niciodat\u0103 cunoscute.<\/p>\n\n\n\n<p>\u201eO istorie\nde 150 de ani\u201d m-a interesat \u00een chip deosebit, ca o imagine nou\u0103 a vie\u0163ii\nliceului care m\u0103 primise c\u00e2nd eram copil, dornic de a \u015fti, \u015fi m\u0103 trimisese \u00een\nlume june lupt\u0103tor cu morile de v\u00e2nt, decis s\u0103 devin dasc\u0103l.<\/p>\n\n\n\n<p>&nbsp;Am citit cartea, cunosc\u00e2nd bine nu doar\nacribia autorului, ci \u015fi dragostea plin\u0103 de respect pe care o are fa\u0163\u0103 de\nLiceu. <\/p>\n\n\n\n<p>&nbsp;De-a lungul deceniilor, citisem despre \u201eRare\u015f\u201d\ntot ce mi-a fost la \u00eendem\u00e2n\u0103, de la studiile monografice, p\u00e2n\u0103 la articolele de\nziar. Sunt convins c\u0103 mult\u0103 vreme de aici \u00eencolo nu se va mai efectua o\nincursiune similar\u0103, nec plus ultra, \u00een istoria Liceului.<\/p>\n\n\n\n<p>Este o carte\nde temelie pentru a cunoa\u015fte istoria primilor 150 de ani ai Liceului \u201ePetru\nRare\u015f\u201d.<\/p>\n\n\n\n<p>&nbsp;\u2026 Iar pentru autor, finis coronat opus!<\/p>\n\n\n\n<p><strong><em>Mihai \u2013\nEmilian MANCA\u015e<\/em><\/strong><\/p>\n","protected":false},"excerpt":{"rendered":"<p>Adrian-Pavel Sandovici \u2013 \u201eLiceul Petru Rare\u015f Piatra-Neam\u0163 \u2013 O istorie de 150 de ani\u201d Ed. Cetatea Doamnei \u2013 2019 S\u0103 scrii o carte \u00eenseamn\u0103 s\u0103 por\u0163i un r\u0103zboi dificil pe mai multe fronturi: s\u0103 lup\u0163i cu tine \u00eensu\u0163i, cu puterile&hellip;<\/p>\n<p class=\"more-link-p\"><a class=\"more-link\" href=\"http:\/\/www.slineamt.ro\/apostolul\/arte-si-meseriii\/o-viata-o-istorie-o-carte-ii%ef%bb%bf\/\">Read more &rarr;<\/a><\/p>\n","protected":false},"author":1,"featured_media":0,"comment_status":"open","ping_status":"closed","sticky":false,"template":"","format":"standard","meta":{"footnotes":""},"categories":[7,421],"tags":[],"class_list":["post-19048","post","type-post","status-publish","format-standard","hentry","category-arte-si-meseriii","category-numarul-228"],"_links":{"self":[{"href":"http:\/\/www.slineamt.ro\/apostolul\/wp-json\/wp\/v2\/posts\/19048","targetHints":{"allow":["GET"]}}],"collection":[{"href":"http:\/\/www.slineamt.ro\/apostolul\/wp-json\/wp\/v2\/posts"}],"about":[{"href":"http:\/\/www.slineamt.ro\/apostolul\/wp-json\/wp\/v2\/types\/post"}],"author":[{"embeddable":true,"href":"http:\/\/www.slineamt.ro\/apostolul\/wp-json\/wp\/v2\/users\/1"}],"replies":[{"embeddable":true,"href":"http:\/\/www.slineamt.ro\/apostolul\/wp-json\/wp\/v2\/comments?post=19048"}],"version-history":[{"count":1,"href":"http:\/\/www.slineamt.ro\/apostolul\/wp-json\/wp\/v2\/posts\/19048\/revisions"}],"predecessor-version":[{"id":19060,"href":"http:\/\/www.slineamt.ro\/apostolul\/wp-json\/wp\/v2\/posts\/19048\/revisions\/19060"}],"wp:attachment":[{"href":"http:\/\/www.slineamt.ro\/apostolul\/wp-json\/wp\/v2\/media?parent=19048"}],"wp:term":[{"taxonomy":"category","embeddable":true,"href":"http:\/\/www.slineamt.ro\/apostolul\/wp-json\/wp\/v2\/categories?post=19048"},{"taxonomy":"post_tag","embeddable":true,"href":"http:\/\/www.slineamt.ro\/apostolul\/wp-json\/wp\/v2\/tags?post=19048"}],"curies":[{"name":"wp","href":"https:\/\/api.w.org\/{rel}","templated":true}]}}