{"id":20307,"date":"2020-06-15T13:02:06","date_gmt":"2020-06-15T13:02:06","guid":{"rendered":"http:\/\/www.slineamt.ro\/apostolul\/?p=20307"},"modified":"2020-06-15T13:02:06","modified_gmt":"2020-06-15T13:02:06","slug":"radu-cristian-macavei-bucuria-de-a-ne-descoperi-prin-arta","status":"publish","type":"post","link":"http:\/\/www.slineamt.ro\/apostolul\/arte-si-meserii-plastica\/radu-cristian-macavei-bucuria-de-a-ne-descoperi-prin-arta\/","title":{"rendered":"Radu Cristian Macavei: bucuria de a ne descoperi prin art\u0103"},"content":{"rendered":"\n<div class=\"wp-block-image\"><figure class=\"alignleft is-resized\"><img loading=\"lazy\" decoding=\"async\" src=\"http:\/\/www.slineamt.ro\/apostolul\/wp-content\/uploads\/2020\/06\/08-ap231-foto1.jpg\" alt=\"\" class=\"wp-image-20308\" width=\"310\" height=\"460\" srcset=\"http:\/\/www.slineamt.ro\/apostolul\/wp-content\/uploads\/2020\/06\/08-ap231-foto1.jpg 434w, http:\/\/www.slineamt.ro\/apostolul\/wp-content\/uploads\/2020\/06\/08-ap231-foto1-202x300.jpg 202w, http:\/\/www.slineamt.ro\/apostolul\/wp-content\/uploads\/2020\/06\/08-ap231-foto1-260x385.jpg 260w, http:\/\/www.slineamt.ro\/apostolul\/wp-content\/uploads\/2020\/06\/08-ap231-foto1-160x237.jpg 160w\" sizes=\"auto, (max-width: 310px) 100vw, 310px\" \/><\/figure><\/div>\n\n\n\n<p>\u201eUn\ntemperament frenetic \u015fi o gesticula\u0163ie abundent\u0103&#8230; traseele tu\u015felor dominate\nde o fantezie debordant\u0103, se ordoneaz\u0103 totu\u015fi \u00een jurul unui semn prestabilit\nsau aleatoriu&#8230; Cromatica este vie, solar\u0103 p\u00e2n\u0103 la incandescen\u0163\u0103, fie glacial\u0103\n\u015fi eteric\u0103&#8230;\u201d<\/p>\n\n\n\n<p>&nbsp;<strong><em>Valentin CIUC\u0102<\/em><\/strong> (<em>Un secol de arte frumoase \u00een Moldova<\/em>)<\/p>\n\n\n\n<p><em>&#x25aa; Ce considera\u0163i c\u0103 ar fi relevant s\u0103 afle cititorii\nrevistei noastre despre pictorul Radu Cristian Macavei?<\/em><\/p>\n\n\n\n<p>\u2013 Sunt at\u00e2t\npictor c\u00e2t \u015fi grafician, sau, cum se spune \u00een ziua de ast\u0103zi \u2013 artist vizual,\nmembru al Uniunii Arti\u015ftilor Plastici din Rom\u00e2nia, profesor de pictur\u0103 \u015fi\ngrafic\u0103 la \u015ecoala Popular\u0103 de Arte din Piatra Neam\u0163 \u015fi, \u00een acela\u015fi timp, din\nanul 2016 sunt coordonatorul acestei \u015fcoli, care este un departament al\nCentrului pentru Cultur\u0103 \u015fi Arte \u201eCarmen Saeculare\u201d.<\/p>\n\n\n\n<p>De-a lungul\nultimilor 30 de ani de activitate artistic\u0103 am participat la mai multe expozi\u0163ii\nde grup, tabere de crea\u0163ie \u015fi simpozioane, \u015fi, de asemenea am realizat nou\u0103\nexpozi\u0163ii personale, at\u00e2t \u00een \u0163ar\u0103 c\u00e2t \u015fi \u00een afara grani\u0163elor.<\/p>\n\n\n\n<p>\u00cen anul 1999\nam ob\u0163inut premiul al II-lea la expozi\u0163ia \u201eMasks in Venice 2\u201d, din cadrul \u201eArt\nAddiction Gallery\u201d, Vene\u0163ia \u2013 Italia, iar \u00een anul 1998 \u2013 Diploma de excelen\u0163\u0103\nla \u201eAnnuale Autunnale di Venezia\u201d \u2013 Italia. <\/p>\n\n\n\n<p><em>&#x25aa; Cum v\u0103 explica\u0163i aceast\u0103 apreciere deosebit\u0103 a\nlucr\u0103rilor Dvs. din partea mediului artistic italian?<\/em><\/p>\n\n\n\n<div class=\"wp-block-image\"><figure class=\"alignright is-resized\"><img loading=\"lazy\" decoding=\"async\" src=\"http:\/\/www.slineamt.ro\/apostolul\/wp-content\/uploads\/2020\/06\/08-ap231-foto2.jpg\" alt=\"\" class=\"wp-image-20309\" width=\"343\" height=\"309\" srcset=\"http:\/\/www.slineamt.ro\/apostolul\/wp-content\/uploads\/2020\/06\/08-ap231-foto2.jpg 532w, http:\/\/www.slineamt.ro\/apostolul\/wp-content\/uploads\/2020\/06\/08-ap231-foto2-300x271.jpg 300w, http:\/\/www.slineamt.ro\/apostolul\/wp-content\/uploads\/2020\/06\/08-ap231-foto2-260x235.jpg 260w, http:\/\/www.slineamt.ro\/apostolul\/wp-content\/uploads\/2020\/06\/08-ap231-foto2-160x144.jpg 160w\" sizes=\"auto, (max-width: 343px) 100vw, 343px\" \/><\/figure><\/div>\n\n\n\n<p>\u2013 Expozi\u0163iile\nla care am participat au fost de talie interna\u0163ional\u0103, dar de art\u0103 \u201emic\u0103\u201d,\nadic\u0103, lucr\u0103ri de mici dimensiuni, organizate de o galerie interna\u0163ional\u0103, pe\nteritoriul italian, respectiv Vene\u0163ia, ei organiz\u00e2nd astfel de expozi\u0163ii \u015fi \u00een\nalte ora\u015fe din lume. Pe atunci, locuind \u00een Grecia mi-a fost mai u\u015for s\u0103 \u00eei\ncontactez, mi-au acceptat lucr\u0103rile \u015fi \u00een urma juriz\u0103rii am ob\u0163inut acele\naprecieri.<\/p>\n\n\n\n<p>Cam at\u00e2t&#8230;\nnu \u015ftiu dac\u0103 au avut a\u015fa un mare impact \u00een mediul artistic italian. Nu a\u015f putea\ns\u0103 v\u0103 spun. Eu eram \u00een Grecia, unde am locuit din 1991 p\u00e2n\u0103 \u00een 2006 \u015fi unde am\navut mai multe expozi\u0163ii de grup \u015fi trei personale.<\/p>\n\n\n\n<p><em>&#x25aa; \u00cen ce mod v-a marcat personalitatea artistic\u0103 Ia\u015ful\ncopil\u0103riei \u015fi studen\u0163iei Dvs.?<\/em><\/p>\n\n\n\n<p>\u2013 M-am\nn\u0103scut la Ia\u015fi, \u00een anul 1965. Am \u00eenceput studiul artelor vizuale la v\u00e2rsta de\nzece ani, la Liceul de Art\u0103 \u201eOctav B\u0103ncil\u0103\u201d din Ia\u015fi, continu\u00e2nd apoi la\nAcademia de Arte \u201eGeorge Enescu\u201d din acela\u015fi ora\u015f, pe care am absolvit-o \u00een\nanul 1989, la clasa maestrului Dan Hatmanu.<\/p>\n\n\n\n<p>Am avut\nbucuria, cu toate dificult\u0103\u0163ile ultimilor ani de comunism de atunci, de a tr\u0103i\n\u00eenc\u0103 \u00een acel Ia\u015fi cu cl\u0103diri \u015fi str\u0103zi vechi, \u00eenc\u0103rcat de romantism, de\nparfumul trecutului \u015fi de acel \u201eceva\u201d special, care \u00eel f\u0103cea diferit ca ora\u015f,\nlucru pe care ast\u0103zi \u00eel reg\u0103sim din ce \u00een ce mai greu. Totodat\u0103 am avut \u015fansa\nde a avea ca profesori arti\u015fti cunoscu\u0163i \u015fi adev\u0103ra\u0163i mentori, c\u0103rora le r\u0103m\u00e2n\nprofund recunosc\u0103tor. Toate aceste lucruri \u00eempreun\u0103 au avut un impact major\nasupra form\u0103rii mele ca om \u015fi ca artist \u015fi, cu siguran\u0163\u0103, mi-au marcat evolu\u0163ia\nulterioar\u0103.<\/p>\n\n\n\n<p><em>&#x25aa; \u201ePentru mine pictura \u00eenseamn\u0103&#8230;\u201d<\/em><\/p>\n\n\n\n<p>\u2013 Nu mai\n\u00eenseamn\u0103 demult&#8230; a devenit&#8230; firesc, parte din via\u0163a mea, din sufletul meu.\n\u015etiu c\u0103 sun\u0103 pu\u0163in a cli\u015feu, dar este un mod de a tr\u0103i \u015fi, \u00eemi permit s\u0103 spun\nasta pentru c\u0103 am \u00een spate ceva ani de experien\u0163\u0103 \u015fi de convie\u0163uire cu\npictura&#8230; cu arta.<\/p>\n\n\n\n<p><em>&#x25aa; S\u0103 facem un exerci\u0163iu de imagina\u0163ie \u015fi s\u0103 ne \u00eenchipuim\nc\u0103 nu a\u0163i fi putut deveni pictor? Cum v-a\u0163i vedea destinul \u00een aceste condi\u0163ii?<\/em><\/p>\n\n\n\n<p>\u2013 Destul de\ngreu de imaginat\u2026 pentru c\u0103 variabilele sunt foarte mari. S\u0103 spunem, poate ceva\n\u00een zona arhitecturii peisajului, a peisagisticii. Mi-au pl\u0103cut \u00eentotdeauna spa\u0163iile\nlargi, luminoase, deschise&#8230; natura. Unul dintre locurile mele preferate din\nIa\u015fi, unde \u00eemi petreceam ore \u00een \u015fir, era gr\u0103dina botanic\u0103. \u00cen liceu am urmat\nsec\u0163ia de art\u0103 monumental\u0103 (fresca, alsseco, mozaic etc) av\u00e2ndu-l ca profesor\npe unul dintre oamenii care mi-au marcat evolu\u0163ia artistic\u0103, domnul Jeno\nBarto\u015f\u2026 iar\u0103\u015fi fiind obliga\u0163i s\u0103 acces\u0103m \u015fi s\u0103 decor\u0103m suprafe\u0163e mari.<\/p>\n\n\n\n<p><em>&#x25aa; Care sunt temele cu care a\u0163i rezonat \u00een timp? A\u0163i avut\nperioade \u00een care v-a\u0163i pierdut busola? <\/em><\/p>\n\n\n\n<p>\u2013 Temele cu\ncare am rezonat dintotdeauna sunt cele mitologice, religioase, cele care\ntranscend realitatea imediat\u0103, dar asta nu \u00eenseamn\u0103 c\u0103 nu fac periodic exerci\u0163iul\nrealismului, realit\u0103\u0163ii \u015fi naturii, care r\u0103m\u00e2n p\u00e2n\u0103 la urm\u0103 cei mai buni\nmae\u015ftri. Nordul r\u0103m\u00e2ne la locul lui, doar numele i se schimb\u0103\u2026<\/p>\n\n\n\n<p><em>&#x25aa; C\u00e2nd \u00eencepe\u0163i s\u0103 lucra\u0163i la un tablou ave\u0163i totul clar\n\u00een minte sau v\u0103 l\u0103sa\u0163i purtat de inspira\u0163ie?<\/em><\/p>\n\n\n\n<p>\u2013 Uneori mi\nse \u00eent\u00e2mpl\u0103 s\u0103 \u201ev\u0103d\u201d tabloul dinainte, dar niciodat\u0103 ceea ce iese \u00een final,\ndup\u0103 ore \u015fi ore de munc\u0103, nu este \u015fi nu cred c\u0103 poate fi 100% la fel cu ceea ce\nmi-am imaginat. Din experien\u0163a anilor de lucru, am observat c\u0103 exist\u0103 o\ninterferen\u0163\u0103, o grani\u0163\u0103 foarte greu de descifrat, \u00eentre ceea ce face artistul\ncu lucrarea sa \u015fi ceea ce lucrarea sa \u00eel provoac\u0103 s\u0103 fac\u0103. Aici intervine\nsinceritatea ta cu tine \u00eensu\u0163i \u015fi puterea de a-\u0163i direc\u0163iona lucrarea, nu de a\nte lasa direc\u0163ionat de ea, ci doar inspirat.<\/p>\n\n\n\n<p><em>&#x25aa; Povesti\u0163i-ne c\u00e2te ceva din culisele proiectului \u201eBabel\nMultiplicat\u201d, pe care iubitorii de art\u0103 tocmai l-au admirat la Galeriile de\nArt\u0103 \u201eLasc\u0103r Vorel\u201d.<\/em><\/p>\n\n\n\n<div class=\"wp-block-image\"><figure class=\"alignleft is-resized\"><img loading=\"lazy\" decoding=\"async\" src=\"http:\/\/www.slineamt.ro\/apostolul\/wp-content\/uploads\/2020\/06\/08-ap231-foto3.jpg\" alt=\"\" class=\"wp-image-20310\" width=\"409\" height=\"579\" srcset=\"http:\/\/www.slineamt.ro\/apostolul\/wp-content\/uploads\/2020\/06\/08-ap231-foto3.jpg 452w, http:\/\/www.slineamt.ro\/apostolul\/wp-content\/uploads\/2020\/06\/08-ap231-foto3-212x300.jpg 212w, http:\/\/www.slineamt.ro\/apostolul\/wp-content\/uploads\/2020\/06\/08-ap231-foto3-260x368.jpg 260w, http:\/\/www.slineamt.ro\/apostolul\/wp-content\/uploads\/2020\/06\/08-ap231-foto3-160x227.jpg 160w\" sizes=\"auto, (max-width: 409px) 100vw, 409px\" \/><\/figure><\/div>\n\n\n\n<p>\u2013 Proiectul\nexpozi\u0163iei nu s-a axat de la \u00eenceput \u00een jurul \u201eBabelului\u201d, ideea \u00een sine a\nap\u0103rut pe parcurs \u015fi cumva, mi le-a inclus \u015fi legat \u015fi pe celelalte. Ini\u0163ial\npornisem pe ideea de portaluri, de treceri, tem\u0103 ce se poate observa \u00een cam\ntoate lucr\u0103rile mele. Mai t\u00e2rziu, a\u015fa cum am spus \u015fi la vernisaj, m-am g\u00e2ndit\ns\u0103 includ \u015fi lucr\u0103rile altor persoane, pentru a da o alt\u0103 dimensiune, mai\nlarg\u0103, conceptului expozi\u0163iei. Astfel le-am invitat pe doamnele Irina Moldovan\n\u015fi Gina \u0162ical\u0103 s\u0103 participe cu lucr\u0103rile dumnealor. Rezultatul s-a v\u0103zut at\u00e2t\npe simeze individual, c\u00e2t \u015fi ca impact general al evenimentului \u00een sine asupra\nprivitorului. Impact reu\u015fit, zic eu, cel pu\u0163in vizavi de ceea ce mi-am propus,\nc\u00e2t \u015fi de reac\u0163ia publicului.<\/p>\n\n\n\n<p>&#x25aa; <em>Conduce\u0163i de-o bun\u0103 bucat\u0103 de vreme\ncursurile de pictur\u0103 din cadrul Centrului pentru Cultur\u0103 \u015fi Arte \u201eCarmen\nSaeculare\u201d. Ce calit\u0103\u0163i ar trebui s\u0103 aib\u0103 o persoan\u0103 care dore\u015fte s\u0103 urmeze\ncursurile Dvs.?<\/em><\/p>\n\n\n\n<p>\u2013 Calit\u0103\u0163i\nartistice cred c\u0103 exist\u0103 \u00een fiecare dintre noi. Dar, pentru a \u00eencepe ni\u015fte\ncursuri de pictur\u0103, grafic\u0103 sau altceva din acest domeniu, \u00een primul r\u00e2nd\ntrebuie s\u0103 te atrag\u0103, iar \u00een al doilea r\u00e2nd \u00ee\u0163i trebuie r\u0103bdare \u015fi consecven\u0163\u0103.\nToate acestea sunt necesare mai ales pentru \u00eenceput, pentru c\u0103 pe parcurs vin\n\u015fi celelalte. Mai ales satisfac\u0163ia de a te descoperi pe tine, care este o\ncalitate a noastr\u0103, a tuturor, dar, din p\u0103cate, este prea pu\u0163in educat\u0103 \u015fi\nexersat\u0103 \u015fi prin prisma artei.<\/p>\n\n\n\n<p>&#x25aa; <em>\u00cen finalul interviului v-a\u015f invita s\u0103 v\u0103\n\u201el\u0103uda\u0163i\u201d pu\u0163in cu c\u00e2\u0163iva dintre discipolii Dvs. care v-au \u00eencununat\neforturile.<\/em><\/p>\n\n\n\n<p>\u2013 Ha, ha,\nha&#8230; eforturile \u00een acest domeniu sunt sarcina pe care ne-o asum\u0103m ca\n\u00eendrum\u0103tori. Nu ne a\u015ftept\u0103m, prin urmare, la satisfac\u0163ii imediate, dar ele vin\n\u00een timp. Personal, pe l\u00e2ng\u0103 cele dou\u0103 foste cursante de care am amintit mai\nsus, am avut bucuria s\u0103 constat c\u0103 unii dintre absolven\u0163ii \u015fcolii noastre au\nmers mai departe, ori spre \u00eenv\u0103\u0163\u0103m\u00e2ntul superior artistic, ori pur \u015fi simplu\n\u015fi-au continuat c\u0103ut\u0103rile artistice \u00een plan individual. Cred c\u0103 mai ales de\naici vine plenitudinea, c\u0103 ai putut oferi celorlal\u0163i ceva din experien\u0163a ta. \u00cen\nrest totul r\u0103m\u00e2ne doar un joc, un joc frumos&#8230;<\/p>\n\n\n\n<p>&nbsp;<strong><em>A\nconsemnat Gianina BURUIAN\u0102<\/em><\/strong><\/p>\n","protected":false},"excerpt":{"rendered":"<p>\u201eUn temperament frenetic \u015fi o gesticula\u0163ie abundent\u0103&#8230; traseele tu\u015felor dominate de o fantezie debordant\u0103, se ordoneaz\u0103 totu\u015fi \u00een jurul unui semn prestabilit sau aleatoriu&#8230; Cromatica este vie, solar\u0103 p\u00e2n\u0103 la incandescen\u0163\u0103, fie glacial\u0103 \u015fi eteric\u0103&#8230;\u201d &nbsp;Valentin CIUC\u0102 (Un secol de&hellip;<\/p>\n<p class=\"more-link-p\"><a class=\"more-link\" href=\"http:\/\/www.slineamt.ro\/apostolul\/arte-si-meserii-plastica\/radu-cristian-macavei-bucuria-de-a-ne-descoperi-prin-arta\/\">Read more &rarr;<\/a><\/p>\n","protected":false},"author":1,"featured_media":0,"comment_status":"open","ping_status":"closed","sticky":false,"template":"","format":"standard","meta":{"footnotes":""},"categories":[196,434],"tags":[],"class_list":["post-20307","post","type-post","status-publish","format-standard","hentry","category-arte-si-meserii-plastica","category-numarul-231"],"_links":{"self":[{"href":"http:\/\/www.slineamt.ro\/apostolul\/wp-json\/wp\/v2\/posts\/20307","targetHints":{"allow":["GET"]}}],"collection":[{"href":"http:\/\/www.slineamt.ro\/apostolul\/wp-json\/wp\/v2\/posts"}],"about":[{"href":"http:\/\/www.slineamt.ro\/apostolul\/wp-json\/wp\/v2\/types\/post"}],"author":[{"embeddable":true,"href":"http:\/\/www.slineamt.ro\/apostolul\/wp-json\/wp\/v2\/users\/1"}],"replies":[{"embeddable":true,"href":"http:\/\/www.slineamt.ro\/apostolul\/wp-json\/wp\/v2\/comments?post=20307"}],"version-history":[{"count":1,"href":"http:\/\/www.slineamt.ro\/apostolul\/wp-json\/wp\/v2\/posts\/20307\/revisions"}],"predecessor-version":[{"id":20311,"href":"http:\/\/www.slineamt.ro\/apostolul\/wp-json\/wp\/v2\/posts\/20307\/revisions\/20311"}],"wp:attachment":[{"href":"http:\/\/www.slineamt.ro\/apostolul\/wp-json\/wp\/v2\/media?parent=20307"}],"wp:term":[{"taxonomy":"category","embeddable":true,"href":"http:\/\/www.slineamt.ro\/apostolul\/wp-json\/wp\/v2\/categories?post=20307"},{"taxonomy":"post_tag","embeddable":true,"href":"http:\/\/www.slineamt.ro\/apostolul\/wp-json\/wp\/v2\/tags?post=20307"}],"curies":[{"name":"wp","href":"https:\/\/api.w.org\/{rel}","templated":true}]}}