{"id":20312,"date":"2020-06-15T13:07:29","date_gmt":"2020-06-15T13:07:29","guid":{"rendered":"http:\/\/www.slineamt.ro\/apostolul\/?p=20312"},"modified":"2020-06-15T13:07:29","modified_gmt":"2020-06-15T13:07:29","slug":"anul-omagial-al-pastoratiei-parintilor-si-copiilor","status":"publish","type":"post","link":"http:\/\/www.slineamt.ro\/apostolul\/nihil-sine-deo\/anul-omagial-al-pastoratiei-parintilor-si-copiilor\/","title":{"rendered":"Anul omagial al pastora\u0163iei p\u0103rin\u0163ilor \u015fi copiilor"},"content":{"rendered":"\n<div class=\"wp-block-image\"><figure class=\"alignleft is-resized\"><img loading=\"lazy\" decoding=\"async\" src=\"http:\/\/www.slineamt.ro\/apostolul\/wp-content\/uploads\/2020\/06\/07-ap231-foto1.jpg\" alt=\"\" class=\"wp-image-20313\" width=\"346\" height=\"415\" srcset=\"http:\/\/www.slineamt.ro\/apostolul\/wp-content\/uploads\/2020\/06\/07-ap231-foto1.jpg 454w, http:\/\/www.slineamt.ro\/apostolul\/wp-content\/uploads\/2020\/06\/07-ap231-foto1-250x300.jpg 250w, http:\/\/www.slineamt.ro\/apostolul\/wp-content\/uploads\/2020\/06\/07-ap231-foto1-260x312.jpg 260w, http:\/\/www.slineamt.ro\/apostolul\/wp-content\/uploads\/2020\/06\/07-ap231-foto1-160x192.jpg 160w\" sizes=\"auto, (max-width: 346px) 100vw, 346px\" \/><\/figure><\/div>\n\n\n\n<p>Pilda p\u0103rin\u0163ilor \u00een educa\u0163ia copiilor <\/p>\n\n\n\n<p>Av\u00e2nd \u00een vedere faptul c\u0103 anul 2020 a fost declarat de c\u0103tre Sf\u00e2ntul Sinod al Bisericii Ortodoxe Rom\u00e2ne drept \u201eAnul omagial al pastora\u0163iei p\u0103rin\u0163ilor \u015fi copiilor\u201d \u015fi \u201eAnul comemorativ al filantropilor ortodoc\u015fi rom\u00e2ni\u201d, mi-am propus s\u0103 supun spre medita\u0163ie, problema familiei \u00een educarea copiilor. Cu at\u00e2t mai mult cu c\u00e2t, \u00een ultima perioad\u0103, p\u0103rin\u0163ii au avut oportunitatea de a sta mai mult timp cu proprii copii, aloc\u00e2ndu-le o mai mare aten\u0163ie, mul\u0163i chiar descoperindu-le adev\u0103ratele abilit\u0103\u0163i \u015fi preocup\u0103rile reale. <\/p>\n\n\n\n<p>Chiar dac\u0103\ns-au spus \u015fi s-au scris multe (de c\u0103tre urechi\u015fti sau alfabetiza\u0163i \u00een domeniu),\ntrebuie s\u0103 recunoa\u015ftem c\u0103 \u00een educa\u0163ie, cel mai important punct de plecare \u00eel\nconstituie familia, cu toate cele bune \u015fi rele ale ei. Familia constituie\nmediul din care copilul absoarbe primele impresii, sentimente \u015fi tr\u0103iri. O mare\nparte dintre cuno\u015ftin\u0163ele despre natur\u0103, societate, deprinderile igienice,\nobi\u015fnuin\u0163ele de comportament, copilul le datoreaz\u0103 educa\u0163iei primite \u00een\nfamilie. Tot familia se preocup\u0103 \u015fi de dezvoltarea proceselor intelectuale ale\ncopiilor. Ea le dezvolt\u0103 spiritul de observa\u0163ie, creativitatea, memoria \u015fi\ng\u00e2ndirea.<\/p>\n\n\n\n<p>Se\nrecunoa\u015fte sau nu, <em>cei \u015fapte ani de-acas\u0103<\/em>\nlas\u0103 urme decisive. P\u0103rin\u0163ii sunt modele pe care copiii, con\u015ftient sau\nincon\u015ftient, le v\u0103d cu ochii min\u0163ii \u015fi le urmeaz\u0103. \u00cen familie se realizeaz\u0103\nsocializarea de baz\u0103 (primar\u0103), aceasta fiind esen\u0163ial\u0103 pentru integrarea\nsocial\u0103 a copiilor. E\u015fecurile socializ\u0103rii \u00een familie au consecin\u0163e negative la\nnivelul comunit\u0103\u0163ilor \u015fi al societ\u0103\u0163ii. \u00cen mod normal, socializarea \u00een familie\neste convergent\u0103 cu normele \u015fi valorile promovate la nivelul societ\u0103\u0163ii. Cu\ntoate acestea exist\u0103 \u015fi situa\u0163ii \u00een care socializarea \u00een familie se face \u00een\ndiscordan\u0163\u0103 cu normele \u015fi valorile sociale generale. Socializarea \u00een familie se\nrealizeaz\u0103 printr-o serie de procese de \u00eenv\u0103\u0163are deoarece familia este o mic\u0103\nsocietate iar leg\u0103tura de afec\u0163iune dintre membrii ei este at\u00e2t de mare, \u00eenc\u00e2t\nea ajunge s\u0103 tr\u0103iasc\u0103 oarecum ca un organism de sine st\u0103t\u0103tor, cu o\npersonalitate aparte. Totodat\u0103 aceast\u0103 socializare presupune existen\u0163a mai\nmultor componente: normativ\u0103, cognitiv\u0103, creativ\u0103 \u015fi psihologic\u0103. <\/p>\n\n\n\n<p>Morala\nfamilial\u0103 pl\u0103m\u0103de\u015fte \u00eenceputurile vie\u0163ii copilului care va intra \u00een \u015fcoal\u0103 a\u015fa\ncum a fost format \u00een familie de la primele gesturi, de la primele cuvinte. \u00cen\nfamilie se formeaz\u0103 cele mai importante deprinderi de comportament: respectul,\npolite\u0163ea, cinstea, sinceritatea, decen\u0163a \u00een comunicare \u015fi atitudini, ordinea,\ncump\u0103tarea, grija fa\u0163\u0103 de lucrurile \u00eencredin\u0163ate. \u00cen realizarea acestor\nsarcini, modelul parental ajut\u0103 cel mai mult, deoarece p\u0103rintele constituie un\nexemplu viu \u015fi real pentru propriul copil.<\/p>\n\n\n\n<p>P\u0103rin\u0163ii le\nexpun copiilor ceea ce este bine \u015fi ce este r\u0103u, ce e drept \u015fi ce e nedrept, ce\ne frumos \u015fi ce este ur\u00e2t \u00een comportamente. Aceste no\u0163iuni vor ajuta pe copii s\u0103\nse orienteze \u00een evaluarea comportamentului propriu \u015fi al celor din jur. Tot \u00een\nsens moral, familia \u00eei \u00eendrum\u0103 s\u0103 fie sociabili, buni colegi \u015fi prieteni cu\nceilal\u0163i copii. Dup\u0103 cum sus\u0163ine \u015fi marele pedagog J. H. Pestalozzi, lumea\ntrebuie s\u0103-i fie prezentat\u0103 copilului a\u015fa cum a fost creat\u0103 de Dumnezeu cu\nfrumuse\u0163ile ei, nu numai a\u015fa cum apare ea plin\u0103 de f\u0103r\u0103delegi, pentru ca\npretutindeni copilul s\u0103 vad\u0103 un semn al divinit\u0103\u0163ii.<\/p>\n\n\n\n<p>Religiozitatea\ncopilului este determinat\u0103 \u00een mare parte de mediul familial. P\u0103rin\u0163ilor le\nrevine marele rol de a pune temelia form\u0103rii tinerelor vl\u0103stare pentru via\u0163\u0103. \u201e\u0162inta\neduca\u0163iei nu este o idee pl\u0103m\u0103dit\u0103 de mintea omului, nici o imagine psihologic\u0103\nevocat\u0103 pentru a \u00eent\u00e2mpina nevoile supersti\u0163ioase ale societ\u0103\u0163ii, ci Dumnezeu\ncel ve\u015fnic \u015fi mesajul c\u0103tre lumea Sa\u201d, afirma p\u0103rintele profesor Constantin\nNecula. Atitudinea pe care o va avea mai t\u00e2rziu copilul fa\u0163\u0103 de aspectele\nreligioase depinde, \u00een cea mai mare m\u0103sur\u0103, de atitudinea pe care o manifest\u0103\np\u0103rin\u0163ii fa\u0163\u0103 de acestea. De aceea, \u00een familie nu trebuie absolut nimic\nneglijat din ceea ce ar contribui la pl\u0103m\u0103direa celor ce vor deveni membrii\nsociet\u0103\u0163ii de m\u00e2ine.<\/p>\n\n\n\n<p><strong><em>Prof. dr. Mihai FLOROAIA<\/em><\/strong><\/p>\n","protected":false},"excerpt":{"rendered":"<p>Pilda p\u0103rin\u0163ilor \u00een educa\u0163ia copiilor Av\u00e2nd \u00een vedere faptul c\u0103 anul 2020 a fost declarat de c\u0103tre Sf\u00e2ntul Sinod al Bisericii Ortodoxe Rom\u00e2ne drept \u201eAnul omagial al pastora\u0163iei p\u0103rin\u0163ilor \u015fi copiilor\u201d \u015fi \u201eAnul comemorativ al filantropilor ortodoc\u015fi rom\u00e2ni\u201d, mi-am propus&hellip;<\/p>\n<p class=\"more-link-p\"><a class=\"more-link\" href=\"http:\/\/www.slineamt.ro\/apostolul\/nihil-sine-deo\/anul-omagial-al-pastoratiei-parintilor-si-copiilor\/\">Read more &rarr;<\/a><\/p>\n","protected":false},"author":1,"featured_media":0,"comment_status":"open","ping_status":"closed","sticky":false,"template":"","format":"standard","meta":{"footnotes":""},"categories":[22,434],"tags":[],"class_list":["post-20312","post","type-post","status-publish","format-standard","hentry","category-nihil-sine-deo","category-numarul-231"],"_links":{"self":[{"href":"http:\/\/www.slineamt.ro\/apostolul\/wp-json\/wp\/v2\/posts\/20312","targetHints":{"allow":["GET"]}}],"collection":[{"href":"http:\/\/www.slineamt.ro\/apostolul\/wp-json\/wp\/v2\/posts"}],"about":[{"href":"http:\/\/www.slineamt.ro\/apostolul\/wp-json\/wp\/v2\/types\/post"}],"author":[{"embeddable":true,"href":"http:\/\/www.slineamt.ro\/apostolul\/wp-json\/wp\/v2\/users\/1"}],"replies":[{"embeddable":true,"href":"http:\/\/www.slineamt.ro\/apostolul\/wp-json\/wp\/v2\/comments?post=20312"}],"version-history":[{"count":1,"href":"http:\/\/www.slineamt.ro\/apostolul\/wp-json\/wp\/v2\/posts\/20312\/revisions"}],"predecessor-version":[{"id":20314,"href":"http:\/\/www.slineamt.ro\/apostolul\/wp-json\/wp\/v2\/posts\/20312\/revisions\/20314"}],"wp:attachment":[{"href":"http:\/\/www.slineamt.ro\/apostolul\/wp-json\/wp\/v2\/media?parent=20312"}],"wp:term":[{"taxonomy":"category","embeddable":true,"href":"http:\/\/www.slineamt.ro\/apostolul\/wp-json\/wp\/v2\/categories?post=20312"},{"taxonomy":"post_tag","embeddable":true,"href":"http:\/\/www.slineamt.ro\/apostolul\/wp-json\/wp\/v2\/tags?post=20312"}],"curies":[{"name":"wp","href":"https:\/\/api.w.org\/{rel}","templated":true}]}}