{"id":20371,"date":"2020-09-18T09:43:34","date_gmt":"2020-09-18T09:43:34","guid":{"rendered":"http:\/\/www.slineamt.ro\/apostolul\/?p=20371"},"modified":"2020-09-18T09:43:35","modified_gmt":"2020-09-18T09:43:35","slug":"sumarul-revistei-apostolul-revista-didactica-si-literara-seria-veche","status":"publish","type":"post","link":"http:\/\/www.slineamt.ro\/apostolul\/lectia-de-istorie\/sumarul-revistei-apostolul-revista-didactica-si-literara-seria-veche\/","title":{"rendered":"SUMARUL REVISTEI APOSTOLUL, REVIST\u0102 DIDACTIC\u0102 \u015eI LITERAR\u0102, SERIA VECHE"},"content":{"rendered":"\n<p>Un ochi\nc\u00e2rcota\u015f ar putea spune c\u0103 acest sumar e o umplere gratuit\u0103 a paginilor\nrevistei. Gre\u015fit. De la cele 24 de pagini tradi\u0163ionale, num\u0103rul a fost\nsuplimentat la 28, \u015fi va r\u0103m\u00e2ne a\u015fa p\u00e2n\u0103 ne termin\u0103m treaba.<\/p>\n\n\n\n<p>Probabil pu\u0163in\u0103\nlume a aflat c\u0103 a existat o prim\u0103 serie interbelic\u0103 a revistei (nov. 1934 \u2013\nseptembrie1943). Nu avem \u015ftiin\u0163\u0103 despre existen\u0163a unei colec\u0163ii integrale.\nBiblioteca pietrean\u0103 a avut \u00eens\u0103 generozitatea de a pune pe internet numerele\nexistente \u00een fondul G.T. Kirileanu, care pot fi consultate \u015fi pe http:\/\/apostolul.slineamt.ro\nsau pe www.educarte.ro.<\/p>\n\n\n\n<p>Surprind \u00een\naceast\u0103 prim\u0103 serie bog\u0103\u0163ia tematic\u0103 a sumarului, calitatea intelectual\u0103 a\ntextelor, corectitudinea gramatical\u0103. Revista cultiv\u0103 elevii talenta\u0163i de la\n\u015ecoala Normal\u0103, are \u00een fiecare num\u0103r un <em>Buletin\nal Asocia\u0163iei<\/em> \u015fi se afl\u0103 \u00een schimburi de idei \u015fi recenzii cu mai toate\nrevistele din \u0163ar\u0103 \u015fi de peste Prut: <em>Viea\u0163a\nBasarabiei<\/em> (Chi\u015fin\u0103u, dir. Pan Halipa), <em>Cuget\nMoldovenesc<\/em> (B\u0103l\u0163i), <em>Biserica\nbasarabean\u0103<\/em> (Hotin) \u015f. a. Se traduce mult \u2013 literatur\u0103, pedagogie,\npsihologie \u2013 se public\u0103 monografii \u015fi culegeri de folclor, studii sociologice,\nportrete de dasc\u0103li, relat\u0103ri ale unor activit\u0103\u0163i menite s\u0103 cimenteze spiritul\nde cast\u0103: \u015fez\u0103torile \u015fi cercurile culturale sau didactice.<\/p>\n\n\n\n<p>Un num\u0103r\ndedicat memoriei lui Ioan Dr\u0103gan. (nr. 1-2, decemvrie 1937 \u2013 ianuarie 1938)\ndemonstreaz\u0103 prestigiul profesorului \u015fi al revistei; semneaz\u0103 aici pictorul\nNicolae Tonitza, rectorul Academiei de Arte Frumoase din Ia\u015fi, o profesoar\u0103 din\nCahul, directorul \u015ecoalei Normale din Chi\u015fin\u0103u, oficialit\u0103\u0163i din Bucure\u015fti \u015f.a<\/p>\n\n\n\n<p>Alte edi\u0163ii\nau devenit repere ale istoriei noastre, ale rom\u00e2nismului \u015fi patriotismului.\nAstfel, un num\u0103r \u00eenchinat Basarabiei, este deschis de <em>Proclama\u0163ia c\u0103tre \u0163ar\u0103<\/em> a Generalului Ion Antonescu (nr. 4-6,\naprilie-iunie, 1941), iar un num\u0103r special este \u00eenchinat memoriei \u00eenv\u0103\u0163\u0103torilor\ndin jude\u0163ul Neam\u0163 c\u0103zu\u0163i pe c\u00e2mpul de onoare (nr. 5, mai, 1942).<\/p>\n\n\n\n<p>Poate n-ar\nfi r\u0103u de subliniat autoritatea de care se bucurau membrii marcan\u0163i ai breslei:\nLeon Mrejeriu, pre\u015fedintele primei asocia\u0163ii nem\u0163ene a fost \u015fi prefect de Neam\u0163,\ninspector \u015fcolar \u00een Ministerul Instruc\u0163iunii Publice, deputat \u015fi vicepre\u015fedinte\nal Adun\u0103rii Deputa\u0163ilor. Iar un alt pre\u015fedinte pe \u0163ar\u0103 al asocia\u0163iei a intrat\n\u00een audien\u0163\u0103 la rege, i-a spus p\u0103surile dasc\u0103lilor \u015fi l-a invitat la un Congres\nal \u00eenv\u0103\u0163\u0103torilor. \u015ei Carol al II-lea a onorat invita\u0163ia. N-a\u015f face un sondaj \u00een\nNeam\u0163 ca s\u0103 aflu c\u00e2\u0163i dintre \u00eenv\u0103\u0163\u0103tori \u015ftiu numele pre\u015fedintelui ASINt \u015fi nici\nn-a\u015f paria c\u0103 pre\u015fedintele AGIRO va ob\u0163ine prea cur\u00e2nd o audien\u0163\u0103 la Klaus\nIohannis.(<strong><em>Mircea ZAHARIA<\/em><\/strong>)<\/p>\n\n\n\n<p><strong>An. I, nr.1, noiembrie, 1934 <\/strong><\/p>\n\n\n\n<div class=\"wp-block-image\"><figure class=\"alignleft\"><img loading=\"lazy\" decoding=\"async\" width=\"321\" height=\"454\" src=\"http:\/\/www.slineamt.ro\/apostolul\/wp-content\/uploads\/2020\/09\/37-ap232-foto1.jpg\" alt=\"\" class=\"wp-image-20372\" srcset=\"http:\/\/www.slineamt.ro\/apostolul\/wp-content\/uploads\/2020\/09\/37-ap232-foto1.jpg 321w, http:\/\/www.slineamt.ro\/apostolul\/wp-content\/uploads\/2020\/09\/37-ap232-foto1-212x300.jpg 212w, http:\/\/www.slineamt.ro\/apostolul\/wp-content\/uploads\/2020\/09\/37-ap232-foto1-260x368.jpg 260w, http:\/\/www.slineamt.ro\/apostolul\/wp-content\/uploads\/2020\/09\/37-ap232-foto1-160x226.jpg 160w\" sizes=\"auto, (max-width: 321px) 100vw, 321px\" \/><figcaption>invatamant<\/figcaption><\/figure><\/div>\n\n\n\n<p>\u2022 \u201eAPOSTOLUL\u201d\n\u2013 <em>Pornim la lucru<\/em> \u2022 V. GABOREANU \u2013 <em>Aptitudinile \u015fi selec\u0163ia elevilor ca mijloc al orient\u0103rii profesionale<\/em>\n\u2022 C. LUCHIAN \u2013\n<em>Rolul social al \u00eenv\u0103\u0163\u0103torului<\/em> \u2022 M. AVADANEI \u2013 <em>Discu\u0163ii asupra \u00eenv\u0103\u0163\u0103m\u00e2ntului primar complet<\/em> \u2022 V. SCRIPCARIU \u2013 <em>Un caz grav<\/em> (schi\u0163\u0103) \u2022 M. STAMATE \u2013 <em>Morala cet\u0103\u0163eneasc\u0103<\/em> \u2022 C. LUCHIAN \u2013 <em>\u00censemn\u0103ri<\/em> (<em>Din carnetul unui\nrevizor \u015fcolar<\/em>) \u2022 Recenzii: \u201eApostol\u201d, <em>roman\nde Cezar Petrescu<\/em> \u2022 <em>Bibliografie. C\u0103r\u0163i. Po\u015fta redac\u0163iei, informa\u0163iuni<\/em>.<\/p>\n\n\n\n<p><strong>An. I, nr. 2, decembrie, 1934 <\/strong><\/p>\n\n\n\n<div class=\"wp-block-image\"><figure class=\"alignright is-resized\"><img loading=\"lazy\" decoding=\"async\" src=\"http:\/\/www.slineamt.ro\/apostolul\/wp-content\/uploads\/2020\/09\/37-ap232-foto2.jpg\" alt=\"\" class=\"wp-image-20373\" width=\"337\" height=\"437\" srcset=\"http:\/\/www.slineamt.ro\/apostolul\/wp-content\/uploads\/2020\/09\/37-ap232-foto2.jpg 350w, http:\/\/www.slineamt.ro\/apostolul\/wp-content\/uploads\/2020\/09\/37-ap232-foto2-231x300.jpg 231w, http:\/\/www.slineamt.ro\/apostolul\/wp-content\/uploads\/2020\/09\/37-ap232-foto2-260x337.jpg 260w, http:\/\/www.slineamt.ro\/apostolul\/wp-content\/uploads\/2020\/09\/37-ap232-foto2-160x208.jpg 160w\" sizes=\"auto, (max-width: 337px) 100vw, 337px\" \/><figcaption>invatamant<\/figcaption><\/figure><\/div>\n\n\n\n<p>\u2022 Ioan DR\u0102GAN\n\u2013 <em>\u015ecoala normal\u0103<\/em> (va urma) \u2022 V. GABOREANU \u2013 <em>Aptitudinile \u015fi selec\u0163ia elevilor ca mijloc al orient\u0103rii profesionale<\/em>\n(urmare \u015fi sf\u00e2r\u015fit) \u2022 Mihail D. STAMATE \u2013 <em>Influen\u0163a\n\u015fcoalei \u00een combaterea relelor apuc\u0103turi ale elevilor<\/em> \u2022 Teofan MACOVEI \u2013 <em>Cercurile culturale<\/em> \u2022 N. V. ZAHARIA (com. I, G. Duca) \u2013 <em>Ce trebue s\u0103 nu se uite<\/em> \u2022 V. SCRIPCARIU \u2013 <em>Un caz grav<\/em> (urmare) \u2022 Ludmila FLOREA \u2013 <em>Istoria Oamenilor, Anatol France<\/em>, trad. \u2022 Victor S\u0102NDULESCU \u2013 <em>Albumul \u00cenv\u0103\u0163\u0103torilor \u015fi \u00cenv\u0103\u0163\u0103toarelor din Jude\u0163ul Neam\u0163<\/em> \u2022 Ioan STROIA \u2013 <em>Scrisori. Informa\u0163iuni. Po\u015fta redac\u0163iei. C\u0103r\u0163i<\/em>.<\/p>\n\n\n\n<p><strong>An. I, nr. 3, ianuarie, 1935 <\/strong><\/p>\n\n\n\n<div class=\"wp-block-image\"><figure class=\"alignleft\"><img loading=\"lazy\" decoding=\"async\" width=\"321\" height=\"454\" src=\"http:\/\/www.slineamt.ro\/apostolul\/wp-content\/uploads\/2020\/09\/37-ap232-foto4.jpg\" alt=\"\" class=\"wp-image-20375\" srcset=\"http:\/\/www.slineamt.ro\/apostolul\/wp-content\/uploads\/2020\/09\/37-ap232-foto4.jpg 321w, http:\/\/www.slineamt.ro\/apostolul\/wp-content\/uploads\/2020\/09\/37-ap232-foto4-212x300.jpg 212w, http:\/\/www.slineamt.ro\/apostolul\/wp-content\/uploads\/2020\/09\/37-ap232-foto4-260x368.jpg 260w, http:\/\/www.slineamt.ro\/apostolul\/wp-content\/uploads\/2020\/09\/37-ap232-foto4-160x226.jpg 160w\" sizes=\"auto, (max-width: 321px) 100vw, 321px\" \/><figcaption>invatamant<\/figcaption><\/figure><\/div>\n\n\n\n<p>\u2022 Ioan DR\u0102GAN\n\u2013 <em>\u015ecoala normal\u0103<\/em> (urmarea a II-a) \u2022 I. T\u0102ZLAUANU, profesor \u2013 <em>Specificul protoplasmatic \u00een formarea individualit\u0103\u0163ii<\/em> \u2022 Mihail AVADANEI (dela Sarata) \u2013 <em>Cre\u015ftinismul \u00een educa\u0163ie<\/em> \u2022 R. P. GHEORGHEASA \u2013 <em>Iubirea de aproapele<\/em> (conferin\u0163\u0103) \u2022 Const. LUCHIAN \u2013 <em>C\u0103minul \u00eenv\u0103\u0163\u0103torilor<\/em> \u2022 Aurel BACIU, Bro\u015fteni \u2013 <em>\u015eez\u0103torile, mijloc de \u00eent\u0103rirea unit\u0103\u0163ii suflete\u015fti \u015fi for\u0163ei morale a\nneamului nostru<\/em> \u2022 \u00cenv. Gh. SAVINESCU (Cr\u0103c\u0103oani-Neam\u0163) \u2013 <em>Piedicile obligativit\u0103\u0163ii \u00eenv\u0103\u0163\u0103m\u00e2ntului\nprimar<\/em> \u2022 \u00cenv. Pr. C. COJOCARIU \u2013 <em>Cercurile culturale<\/em> \u2022 Institutor, I. D. TOMULESCU \u2013 <em>Obiceiuri de Cr\u0103ciun<\/em> \u2022 <em>Informa\u0163iuni. Po\u015fta redac\u0163iei<\/em>.<\/p>\n\n\n\n<p><strong>An. I, nr. 4, februarie, 1935<\/strong><\/p>\n\n\n\n<div class=\"wp-block-image\"><figure class=\"alignright\"><img loading=\"lazy\" decoding=\"async\" width=\"351\" height=\"454\" src=\"http:\/\/www.slineamt.ro\/apostolul\/wp-content\/uploads\/2020\/09\/37-ap232-foto3.jpg\" alt=\"\" class=\"wp-image-20374\" srcset=\"http:\/\/www.slineamt.ro\/apostolul\/wp-content\/uploads\/2020\/09\/37-ap232-foto3.jpg 351w, http:\/\/www.slineamt.ro\/apostolul\/wp-content\/uploads\/2020\/09\/37-ap232-foto3-232x300.jpg 232w, http:\/\/www.slineamt.ro\/apostolul\/wp-content\/uploads\/2020\/09\/37-ap232-foto3-260x336.jpg 260w, http:\/\/www.slineamt.ro\/apostolul\/wp-content\/uploads\/2020\/09\/37-ap232-foto3-160x207.jpg 160w\" sizes=\"auto, (max-width: 351px) 100vw, 351px\" \/><figcaption>invatamant<\/figcaption><\/figure><\/div>\n\n\n\n<p>\u2022 Const.\nLUCHIAN \u2013 <em>Politica cultural\u0103<\/em> \u2022 Mihail D. STAMATE \u2013 <em>Educa\u0163ia caracterului<\/em> \u2022 \u00cenv. N. CIUBOTRIU (Pipirig) \u2013 <em>Importan\u0163a folclorului pentru educa\u0163ie<\/em> \u2022 Ioan JUVERDEANU (Ceahl\u0103u) \u2013 <em>Munca \u00eenv\u0103\u0163\u0103torului<\/em> \u2022 Maria DIMITRIEV \u2013 <em>O lec\u0163ie de gimnastic\u0103<\/em> \u2022 \u00cen. Victor S\u0102NDULESCU (Grum\u0103ze\u015fti) \u2013 <em>Ce se petrece la sate<\/em> \u2022 Ludmila FLOREA \u2013 <em>Pariul<\/em> (traducere) \u2022 <em>Cronica<\/em> (C. L.) <em>Spicuiri<\/em>\n(V. S.) <em>Informa\u0163iuni<\/em>. <em>Po\u015fta redac\u0163iei<\/em>. <em>R\u0103spuns Manca\u015f<\/em> \u2022 Victor S\u0102NDULESCU \u2013 <em>Demersul Asocia\u0163iei \u00cenv\u0103\u0163\u0103torilor la dl. ministru al instruc\u0163iunii<\/em>.<\/p>\n\n\n\n<p><strong>An. I, nr. 5, martie,1935<\/strong><\/p>\n\n\n\n<div class=\"wp-block-image\"><figure class=\"alignleft\"><img loading=\"lazy\" decoding=\"async\" width=\"321\" height=\"454\" src=\"http:\/\/www.slineamt.ro\/apostolul\/wp-content\/uploads\/2020\/09\/37-ap232-foto6.jpg\" alt=\"\" class=\"wp-image-20376\" srcset=\"http:\/\/www.slineamt.ro\/apostolul\/wp-content\/uploads\/2020\/09\/37-ap232-foto6.jpg 321w, http:\/\/www.slineamt.ro\/apostolul\/wp-content\/uploads\/2020\/09\/37-ap232-foto6-212x300.jpg 212w, http:\/\/www.slineamt.ro\/apostolul\/wp-content\/uploads\/2020\/09\/37-ap232-foto6-260x368.jpg 260w, http:\/\/www.slineamt.ro\/apostolul\/wp-content\/uploads\/2020\/09\/37-ap232-foto6-160x226.jpg 160w\" sizes=\"auto, (max-width: 321px) 100vw, 321px\" \/><figcaption>invatamant<\/figcaption><\/figure><\/div>\n\n\n\n<p>\u2022 V.\nSCRIPCARIU \u2013 <em>1784-1785<\/em> (<em>Fapte \u015fi \u00eenv\u0103\u0163\u0103minte<\/em>) \u2022 D. \u0162IPA (Buhu\u015f) \u2013 <em>Metode intuitive: Intui\u0163ie direct\u0103. Intui\u0163ie indirect\u0103<\/em> \u2022 \u00cenv. Pr. C. COJOCARIU \u2013 <em>Cre\u015ftinismul \u00een educa\u0163ie<\/em> \u2022 Gh. BOANC\u0102 \u2013 <em>Din roadele \u015fcoalei primare s\u0103te\u015fti<\/em> \u2022 Teofan MACOVEI (S\u0103vine\u015fti) \u2013 <em>O carte pentru \u015fcolari<\/em> \u2022 N. V. ZAHARIA (I. G. Duca) \u2013 <em>\u015ecoala \u015fi Biserica<\/em> \u2022 Gh. MARE\u015e, Dochia \u2013 <em>\u00cendrumarea sufleteasc\u0103 a tineretului<\/em> \u2022 <em>Spicuiri. Cronica<\/em> (C. L.) <em>Informa\u0163iuni.\nApel. Aviz<\/em>.<\/p>\n\n\n\n<p><strong>An. I, nr. 6, aprilie, 1935<\/strong><\/p>\n\n\n\n<div class=\"wp-block-image\"><figure class=\"alignright\"><img loading=\"lazy\" decoding=\"async\" width=\"321\" height=\"454\" src=\"http:\/\/www.slineamt.ro\/apostolul\/wp-content\/uploads\/2020\/09\/37-ap232-foto5.jpg\" alt=\"\" class=\"wp-image-20377\" srcset=\"http:\/\/www.slineamt.ro\/apostolul\/wp-content\/uploads\/2020\/09\/37-ap232-foto5.jpg 321w, http:\/\/www.slineamt.ro\/apostolul\/wp-content\/uploads\/2020\/09\/37-ap232-foto5-212x300.jpg 212w, http:\/\/www.slineamt.ro\/apostolul\/wp-content\/uploads\/2020\/09\/37-ap232-foto5-260x368.jpg 260w, http:\/\/www.slineamt.ro\/apostolul\/wp-content\/uploads\/2020\/09\/37-ap232-foto5-160x226.jpg 160w\" sizes=\"auto, (max-width: 321px) 100vw, 321px\" \/><figcaption>invatamant<\/figcaption><\/figure><\/div>\n\n\n\n<p>\u2022 \u201eAPOSTOLUL\u201d \u2013\n<em>Au plecat patru tineri<\/em> \u2022 M. D. STAMATE, Mihai AVADANEI \u2013 <em>Octav Dimitriu<\/em> \u2022 Teofan MACOVEI \u2013 <em>Mihai C. Cr\u0103ciun<\/em> \u2022 Petru POPOVICI (Mastac\u0103n) \u2013 <em>La moartea lui Mihai Cr\u0103ciun<\/em> (versuri) \u2022 D. DOMINTE \u2013 <em>\u015etefan Lefter<\/em> \u2022 D. D. \u0162IPA \u2013 <em>Intui\u0163ia indirect\u0103<\/em> \u2022 M. D. STAMATE \u2013 <em>Caracterul: temelia societ\u0103\u0163ii<\/em> \u2022 Ioan POPA (Ar\u0103moaia, Talpa) \u2013 <em>Sentimentul inferiorit\u0103\u0163ii la copil<\/em> \u2022 Gr. STURZU (T\u00e2rzia, Baia) \u2013 <em>S\u0103-i c\u0103ut\u0103m<\/em> \u2022 Vasile N. CIUBOTARIU (Boboe\u015fti) \u2013 <em>\u00cenv\u0103\u0163\u0103torul \u015fi cultura<\/em> \u2022 Gh. BOANC\u0102 \u2013 <em>Fi\u015fa individualit\u0103\u0163ii \u015fcolarului<\/em> \u2022 \u201eAPOSTOLUL\u201d \u2013 <em>Concursul de<\/em> \u201e<em>Compuneri\nliber-ilustrate<\/em>\u201d \u2022 \u00cenv. VIERU (B\u0103l\u0103ne\u015fti) \u2013 <em>Recenzii: Crim\u0103 \u015fi pedeaps\u0103 de Dostoevschi<\/em>.<\/p>\n\n\n\n<p><strong>An. I, nr. 7, mai, 1935<\/strong><\/p>\n\n\n\n<div class=\"wp-block-image\"><figure class=\"alignleft\"><img loading=\"lazy\" decoding=\"async\" width=\"321\" height=\"454\" src=\"http:\/\/www.slineamt.ro\/apostolul\/wp-content\/uploads\/2020\/09\/37-ap232-foto7.jpg\" alt=\"\" class=\"wp-image-20378\" srcset=\"http:\/\/www.slineamt.ro\/apostolul\/wp-content\/uploads\/2020\/09\/37-ap232-foto7.jpg 321w, http:\/\/www.slineamt.ro\/apostolul\/wp-content\/uploads\/2020\/09\/37-ap232-foto7-212x300.jpg 212w, http:\/\/www.slineamt.ro\/apostolul\/wp-content\/uploads\/2020\/09\/37-ap232-foto7-260x368.jpg 260w, http:\/\/www.slineamt.ro\/apostolul\/wp-content\/uploads\/2020\/09\/37-ap232-foto7-160x226.jpg 160w\" sizes=\"auto, (max-width: 321px) 100vw, 321px\" \/><figcaption>invatamant<\/figcaption><\/figure><\/div>\n\n\n\n<p>\u2022 \u00cenv. Gh.\nSECAR\u0102 (R\u0103uce\u015fti) \u2013 <em>Hristos a \u00eenviat!<\/em>\n\u2022 Pr. Mihai\nGAVRILESCU \u2013 <em>Valoarea tradi\u0163iei\nreligioase pentru conservarea unui popor<\/em> \u2022 Ioan STROIA \u2013 <em>Oan\u0163u \u2013 Criza moral\u0103 \u015fi material\u0103<\/em> \u2022 Gr. STURZU \u2013 <em>Gre\u015feli ireparabile<\/em> \u2022 Vasile DORNEANU \u2013 <em>Epigrame<\/em> \u2022 Victor S\u0102NDULESCU (Topoli\u0163a) \u2013 <em>C\u0103r\u0163i pentru popor<\/em> \u2022 Const. LUCHIAN \u2013 <em>Cercul didactic \u2013 Statutul &#8230;<\/em> \u2022 <em>Cronica. C\u0103r\u0163i \u015fi reviste. Po\u015fta redac\u0163iei.<\/em> (C. L.)<\/p>\n\n\n\n<p><strong>An. I, nr. 8, iunie, 1935<\/strong><\/p>\n\n\n\n<p>\u2022 V. SCRIPCARU\n\u2013 <em>Din zile mari<\/em> \u2022 Const. LUCHIAN \u2013 <em>Compunerile libere<\/em> \u2022 CHIRIB\u0102U VERONICA (elev\u0103 \u015ec. Bicaz) \u2013 <em>De ce pomenim \u00een fiecare an pe Eroii\nNeamului<\/em> \u2022 N. PODOLEAN, Institutor \u2013 <em>Prietenia<\/em> \u2022 Mihail AVADANEI \u2013 <em>Educa\u0163ia\nna\u0163ional\u0103 \u00een \u015fcoala primar\u0103<\/em> \u2022 Ion VESPREMIE \u2013 <em>Ceahl\u0103ul<\/em> (versuri) <em>Epigrame<\/em>\n\u2022 Vasile\nDORNEANU \u2013 <em>Literatur\u0103: Boul \u015fi locomotiva<\/em>\n(fabul\u0103) \u2022 N. L. \u2013 <em>O \u00eendoit\u0103 s\u0103rb\u0103toare a \u00eenv\u0103\u0163\u0103torimii<\/em> \u2022 <em>De la Asocia\u0163ia \u00cenv\u0103\u0163\u0103torilor<\/em> \u2022 <em>Cronica<\/em> (C. L.) <em>Informa\u0163iuni<\/em>.<\/p>\n\n\n\n<p><strong>An. I, nr. 12, octombrie, 1935<\/strong><\/p>\n\n\n\n<p>\u2022 APOSTOLUL \u2013 <em>Un An<\/em> \u2022 Constantin TURCU \u2013 <em>Cultur\u0103 Regional\u0103<\/em> \u2022 D. HOGEA \u2013 <em>Din trecutul \u00eenv\u0103\u0163\u0103m\u00e2ntului nostru: Manoil Halunga<\/em> \u2022 Alex GHEORRGHIU \u2013 <em>Manoil Halunga<\/em> \u2022 Vasile DORNEANU \u2013 <em>\u00cen cimitir. Se stinge ziua<\/em> \u2022 V. SCRIPCARU \u2013 <em>Un prieten, un \u00eenv\u0103\u0163\u0103tor: C. Luchian<\/em> \u2022 V. SCRIPCARU \u2013 <em>Omagiu unei energii: Leon Mrejeriu<\/em> \u2022 Mihail AVADANEI \u2013 <em>Congresul de la Timi\u015foara<\/em> \u2022 M. AVADANEI \u2013 <em>Adunarea general\u0103 a Asocia\u0163iei din jud. Neam\u0163<\/em> \u2022 S. PURICE \u2013 <em>Cum se poate veni \u00een ajutorul copiilor s\u0103raci<\/em> \u2022 S. PURICE \u2013 <em>Pagina oficial\u0103<\/em>.<\/p>\n\n\n\n<p><strong>An. II, nr. 13, 1decembrie, 1935<\/strong><\/p>\n\n\n\n<p>\u2022 V. GABOREANU\n\u2013 \u00cencepem al doilea An \u2022 Victor ANDREI \u2013 Locul c\u0103rturarului or\u0103\u015fean \u00een ac\u0163iunea de\nculturalizare s\u0103teasc\u0103 \u2022 Const. TURCU \u2013 Biserica \u015fi rolul ei social \u2022 Eufrosina MANOLIU \u2013 O privire asupra voin\u0163ei\nde F. Garcin (traducere) \u2022 Vasile DORNEANU \u2013 Bilan\u0163 nostalgic.\nAutobiografie \u2022 Ion VESPREMIE \u2013 Nihil. Cetatea Neam\u0163ului \u2022 Ion TAZLAUANU \u2013 Ereditatea \u015fi specificul\nprotoplasmatic \u2022 Mihail AVADANEI \u2013 Cultura formal\u0103 \u2022 V. GABOREANU, S. PURICE \u2013 Pagina oficial\u0103.\nProfesionale.<\/p>\n\n\n\n<p><strong>An. II, nr. 2 (14), ianuarie, 1936<\/strong><\/p>\n\n\n\n<p>\u2022 Gh. TULBURE\n\u2013 <em>Sate \u015fi dasc\u0103li<\/em> \u2022 P. GHIORGHEASA \u2013 \u201e<em>Calea unei vie\u0163i<\/em>\u201d \u2022 Z. M. \u2013 <em>Valori\nspirituale<\/em> \u2022 Const. LUCHIAN \u2013 <em>Ce\npoate realiza \u015fcoala<\/em> \u2022 D. \u0162IPA \u2013 <em>Tolstoi\nca pedagog<\/em> \u2022 Vasile N. CIUBOTARU (Pipirig) \u2013 <em>\u015ecoala \u015fi caracterul<\/em> \u2022 S. PURICE \u2013 <em>Gh. C\u0103dere, I. Juverdeanu<\/em> \u2022 <em>Pagina\noficial\u0103. Informa\u0163iuni<\/em>.<\/p>\n\n\n\n<p><strong>An. II, nr. 3 (15), februarie, 1936<\/strong><\/p>\n\n\n\n<p>\u2022 Constantin\nTURCU \u2013 <em>Despre Darwinism<\/em> \u2022 C. LUCHIAN \u2013 <em>Contribu\u0163ie la o nou\u0103 \u015fi viitoare reform\u0103 \u015fcolar\u0103<\/em> \u2022 Ion T\u0102ZL\u0102OANU \u2013 <em>Leg\u0103turile dintre corp \u015fi suflet<\/em> \u2022 Mihail AVADANEI \u2013 <em>Cultura formal\u0103<\/em> \u2022 Eufrosina MANOLIU \u2013 <em>Iubirea de sine<\/em> \u2022 Th. URSU \u2013 <em>Schitul Runcului<\/em> (monografie) \u2022 <em>Pagina oficial\u0103<\/em>.<\/p>\n\n\n\n<p><strong>An. II, nr. 4-5 (16-17), martie-aprilie, 1936<\/strong><\/p>\n\n\n\n<p>\u2022 Ion DRAGAN \u2013\n<em>Optimism<\/em> \u2022 Eufrosina MANOLIU \u2013 <em>\u00cenfr\u00e2na\u0163i dorin\u0163ele<\/em> \u2022 Neculai PODOLEANU \u2013 <em>B\u0103taia \u00een \u015ecoal\u0103<\/em> \u2022 Vasile DORNEANU \u2013 <em>Iarna. P\u0103dure<\/em> \u2022 I. VESPREMIE \u2013 <em>Crux. Rural\u0103<\/em> \u2022 Pr. M. GAVRILESCU \u2013 <em>\u00cenv\u0103\u0163\u0103torul ca factor social<\/em> \u2022 Teofan MACOVEI \u2013 <em>Cooperativele \u015fcolare<\/em> \u2022 Nicolae MOGA \u2013 <em>Organizarea \u015fez\u0103torilor<\/em> \u2022 Th. URSU \u2013 <em>Biserica lui Canan\u0103u<\/em> (<em>monografie<\/em>)\n\u2022 Vasile N.\nCIUBOTARU \u2013 <em>Propuneri \u00een leg\u0103tur\u0103 cu\nBanca noastr\u0103<\/em> \u2022 Ioan \u015et. NEAM\u0162U \u2013 <em>Prietene<\/em>\n\u2022 Octav\nPARFENIE \u2013 <em>Str\u0103jeria \u015fi conducerea de\nsine<\/em> \u2022 C. LUCHIAN \u2013\n<em>Dela asocia\u0163ia general\u0103<\/em> \u2022 Mihail AVADANEI \u2013 <em>C\u0103r\u0163i-reviste<\/em> \u2022 S. PURICE \u2013 <em>Pagina oficial\u0103<\/em> \u2022 <em>Informa\u0163iuni.\nAudien\u0163a d-lui D. V. \u0162oni la Suveran<\/em>.<\/p>\n\n\n\n<p><strong>An. II, nr. 6 (18), mai, 1936<\/strong><\/p>\n\n\n\n<p>\u2022 Victor \u0162\u0102RANU\n\u2013 <em>Prin meleaguri nem\u0163ene<\/em> \u2022 Octav PARFENIE \u2013 <em>\u015ecoala activ\u0103<\/em> \u2022 Pr. Victor GERVESCU \u2013 <em>Via\u0163a colonelului Gh. Roseti Roznovanu<\/em> \u2022 Ion PURCARU \u2013 <em>Privind viitorul<\/em> \u2022 Teofan MACOVEI \u2013 <em>Recuno\u015ftin\u0163\u0103 lui Creang\u0103<\/em> \u2022 Mihai AVADANEI \u2013 <em>\u00censemn\u0103ri: \u00cenv\u0103\u0163\u0103torii, Profesorii<\/em> \u2022 M. A. \u2013 <em>C\u0103r\u0163i\n\u015fi Reviste<\/em> \u2022 <em>Revizor \u015fcolar S. PURICE \u2013 Pagina oficial\u0103<\/em>.<\/p>\n\n\n\n<p><strong>An. II, nr. 19-20, iunie-iulie, 1936<\/strong><\/p>\n\n\n\n<p>\u2022 V.\nGABOREANU\u2013 <em>Dorin\u0163a Majest\u0103\u0163ii Sale<\/em> \u2022 Octav PARFENIE \u2013 <em>Factorii naturali \u00een agricultur\u0103<\/em> \u2022 Th. URSU \u2013 \u201e<em>Cet\u0103\u0163uia<\/em>\u201d (<em>monografie<\/em>) \u2022 S. PURICE \u2013 <em>Dela Revizoratul \u015ecolar: Raport general anual<\/em> \u2022 Constantin TURCU \u2013 <em>C\u00e2teva lucruri vechi<\/em> \u2022 M. AVADANEI \u2013 <em>Probleme \u015fcolare<\/em> \u2022 Dr. C. MANOILESCU \u2013 <em>Anuarul Liceului<\/em> \u201e<em>Petru Rare\u015f<\/em>\u201d\n<em>Piatra-Neam\u0163 1934-35<\/em> \u2022 <em>De la Asocia\u0163ia \u00cenv\u0103\u0163\u0103torilor. Convocare<\/em> \u2022 <em>C\u0103r\u0163i.\nReviste<\/em>. <em>Pagina oficial\u0103<\/em>.<\/p>\n\n\n\n<p><strong>An. II, nr. 21-22, august-septemvrie1936<\/strong><\/p>\n\n\n\n<p>\u2022 \u201eAPOSTOLUL\u201d \u2013\n<em>Leon Mrejeru<\/em> \u2022 V. GHI\u0162ULESCU \u2013 <em>Rostul propagandei culturale a cercurilor \u00eenv\u0103\u0163\u0103tore\u015fti<\/em> \u2022 Victor \u0162\u0102RANU \u2013 <em>Art\u0103 \u015fi suflet<\/em> \u2022 Eufrosina MANOLIU \u2013 <em>Educa\u0163ia, oper\u0103 de armonie<\/em> \u2022 Ioan T\u0102ZL\u0102UANU \u2013 <em>Cum zelul dasc\u0103lului poate corecta insuficien\u0163a legiuitorului pedagogic<\/em>\n\u2022 V. DORNEANU\n\u2013 <em>\u0162\u0103ranii. Facerea lumii. Promenad\u0103<\/em> \u2022 Ion VESPREMIE \u2013 <em>Sf\u00e2r\u015fit. C\u00e2ntec pentru mine \u00eensumi. C\u00e2ntec pentru mine floarea din vis<\/em>\n\u2022 N. GHI\u0162ULESCU\n\u2013 <em>Singur\u0103tate<\/em> \u2022 I. NEAM\u0162U \u2013 <em>Regretul. Versuri<\/em> \u2022 V. SCRIPCARU \u2013 <em>Reg\u0103siri fragmentare<\/em> \u2022 Th. URSU \u2013 \u201e<em>Vadul ru\u015filor<\/em>\u201d (<em>file dintr-o\nmonografie<\/em>) \u2022 Gh. N. \u015eERBAN \u2013 <em>De\nla cursurile de var\u0103 ale Asoc. Generale dela C\u00e2mpulung-Muscel<\/em> \u2022 M. AVADANEI \u2013 <em>De la Asocia\u0163ia de Neam\u0163, Congresul din Cern\u0103u\u0163i<\/em> \u2022 V. S\u0102NDULESCU (Topoli\u0163a) \u2013 <em>C\u00e2teva propuneri<\/em> \u2022 Teofan MACOVEI \u2013 <em>Asocia\u0163ia fo\u015ftilor elevi ai \u015fcolii<\/em> \u201e<em>Vasile Lupu<\/em>\u201d <em>din Ia\u015fi<\/em> \u2022 Teofan MACOVEI \u2013 <em>Prietenii \u015fcolii Normale<\/em> \u201e<em>Gh.\nAsachi<\/em>\u201d \u2022 Victor S\u0102NDULESCU \u2013 <em>Albumul\n\u00eenv\u0103\u0163\u0103toarelor \u015fi \u00eenv\u0103\u0163\u0103torilor din jud. Neam\u0163.<\/em><\/p>\n\n\n\n<p><strong>An. II, nr. 23-25 octombrie-decembrie, 1936<\/strong><\/p>\n\n\n\n<p>\u2022 V. GHI\u0162ULESCU\n\u2013 <em>Din \u00een\u0163elepciunea poporului<\/em> \u2022 Ioan PURCARIU \u2013 <em>Rolul civic al \u00eenv\u0103\u0163\u0103torului<\/em> \u2022 C. TURCU \u2013 <em>Despre Darwinism<\/em> \u2022 Neculae MOGA \u2013 <em>Conferin\u0163a intim\u0103 a cercurilor culturale<\/em> \u2022 I. VESPREMIE \u2013 <em>Bistri\u0163a. Toamn\u0103. Scrisoare<\/em> \u2022 George MORO\u015eANU \u2013 <em>Sonet<\/em> \u2022 Gheorghe FIDLER \u2013 <em>Trimite-mi\nflori de liliac<\/em> \u2022 Th. URSU \u2013 \u201e<em>Lipoveni-B\u00e2rjoveni<\/em>\u201d\n(<em>monografie<\/em>) \u2022 Maria PESTER \u2013 <em>\u015ecoala primar\u0103 \u015fi cercet\u0103\u015fia<\/em> \u2022 <em>Calendarul\nosta\u015fului. Calendarul s\u0103tenilor. Pagina oficial\u0103<\/em>.<\/p>\n\n\n\n<p><strong>An. III, nr. 26-27, ianuarie-februarie, 1937 <\/strong><\/p>\n\n\n\n<p>\u2022 APSTOLUL \u2013 <em>Precuv\u00e2ntare<\/em> \u2022 V. GHI\u0162ESCU \u2013 <em>\u00centrebuin\u0163area simbolic\u0103 a numerelor<\/em> \u2022 Aurora TURCU \u2013 <em>Valoarea educativ\u0103 a \u00eenv\u0103\u0163\u0103m\u00e2ntului practic \u00een cadrul regiunii<\/em> \u2022 L. D. ROIC (Ceahl\u0103u) \u2013 <em>Str\u0103jerismul \u015fi Tinerimea cea Nou\u0103<\/em> \u2022 Neculai MOGA \u2013 <em>Alecu Russo<\/em> \u2022 Aurel A. ROTUNDU \u2013 <em>R\u0103bojul<\/em> \u2022 Nicu NOHAI \u2013 <em>Prietenul\ncare a plecat. Ce-i Balul?<\/em> \u2022 George MORO\u015eANU \u2013 <em>Diluvian\u0103 \u2013 Apostolii<\/em> \u2022 Ludmila FLOREA \u2013 <em>O noapte de groaz\u0103<\/em> \u2022 Ion VESPREMIE \u2013 <em>Alb. Final. Scris<\/em> \u2022 George FIDLER \u2013 <em>Tu taci. Bonzi<\/em> \u2022 V. C. GHEORGHIU \u2013 <em>Ceas<\/em> \u2022 HAR. MIH\u0102ILESCU \u2013 <em>T\u00e2lcuire<\/em>\n\u2022 Th. URSU \u2013 <em>Valea Orbicului<\/em> \u2022 N. MATEESCU-MOV \u2013 <em>\u015etefan Vod\u0103 \u015fi Mo\u015fneagul<\/em> \u2022 C. T\u0102NASE-TEIU \u2013 <em>De pe Valea Bistri\u0163ei<\/em> \u2022 I. T. LEAHU, M. MARCU, Victor N. DARIE \u2013 <em>Cronici. C\u0103r\u0163i \u015fi reviste<\/em>.<\/p>\n\n\n\n<p><strong>An. III, nr. 30, mai, 1937 <\/strong><\/p>\n\n\n\n<p>\u2022 \u00cenv. D.D. \u0162IPA\n\u2013 \u015ecoala \u015fi orientarea profesional\u0103 \u2022 Pr. M. GAVRILESCU \u2013 Testele \u015fi valoarea lor \u2022 \u00cenv. M. COJOCARU \u2013 Reforma \u00eenv\u0103\u0163\u0103m\u00e2ntului \u00een\nFran\u0163a \u2022 Mihail\nTEODORESCU (cl. VIII-a N) \u2013 Urme preistorice \u00een \u0163ara noastr\u0103 \u2022 Victor \u0162\u0102RANU \u2013 Literatura estetic\u0103\ntransilv\u0103nean\u0103 \u2022 George MORO\u015eANU \u2013 Provincie (poezie) \u2022 Greta RO\u015eCA \u2013 \u00cen mai (poezie) \u2022 G. F. \u2013 Am spus \u2022 C. T\u0102NASE-TEIU \u2013 C\u00e2ntec de str\u0103in\u0103tate Folklor\n\u2022 N. MOGA \u2013\nTitu Maiorescu: \u00censemn\u0103ri zilnice \u2022 M. C. \u2013 Reviste. Cercuri culturale. Pagina\noficial\u0103.<\/p>\n\n\n\n<p><strong>An. III, nr. 31-32, iunie-iulie, 1937 <\/strong><\/p>\n\n\n\n<p>\u2022 \u00cenv. D. D. \u0162IPA\n\u2013 <em>\u015ecoala \u015fi orientarea profesional\u0103<\/em>\n(urmare) \u2022 Ion PURCARU\n\u2013 <em>Spre Rom\u00e2nia de m\u00e2ine<\/em> \u2022 D. S\u0102VESCU (R\u0103uce\u015fti) \u2013 <em>Monografia satului \u015eerbe\u015fti, jud. Neam\u0163 \u015fi a Bisericii Sf. Gheorghe<\/em>\n\u2022 Mihail\nTEODORESCU \u2013 <em>Urme preistorice \u00een \u0163ara\nnoastr\u0103<\/em> (urmare) \u2022 H. MESTEC\u0102NEANU \u2013 <em>Romanul\n\u00een literatura rom\u00e2n\u0103<\/em> \u2022 Victor \u0162\u0102RANU \u2013 <em>Mi\u015fcarea cultural\u0103 \u015fi literar\u0103 din Transilvania<\/em> \u2022 Ion VESPRENIE \u2013 <em>Vraj\u0103<\/em> \u2022 C. T\u0102NASE-TEIU \u2013 <em>C\u00e2ntecul\nur\u00e2tului. C\u00e2ntecul recrutului. C\u00e2ntecul Pluta\u015fului. Folklor<\/em> \u2022 Victor ANDREI \u2013 <em>Idei<\/em>. <em>Fapte. Oameni<\/em> \u2022 N. MOGA \u015fi M. COJOCARU \u2013 <em>Recenzii, c\u0103r\u0163i-reviste, cronic\u0103, note<\/em>.<\/p>\n\n\n\n<p><strong>An. III, nr. 33-34, august \u2013 septemvrie 1937 <\/strong><\/p>\n\n\n\n<p>\u2022 Prof. Iosif\nI GABREA \u2013 <em>Promovarea elementului rural<\/em>\n\u2022 Teofan\nMACOVEI \u2013 <em>Rolul imita\u0163iei \u00een formarea\nlimbajului<\/em> \u2022 Pr. D. S\u0102VESCU (R\u0103uce\u015fti) \u2013 <em>Monografia satului \u015eerbe\u015fti<\/em> \u2022 Th. URSU \u2013 <em>Boerescul \u015fi Oameni mari<\/em> \u2022 Victor \u0162\u0102RANU \u2013 <em>Atingerea str\u0103rom\u00e2nilor cu barbarii<\/em> \u2022 H. MESTEC\u0102NEANU \u2013 <em>Romanul \u00een lit. Rom\u00e2n\u0103<\/em> \u2022 M. AVADANEI (delas\u0103rata) \u2013 <em>Congresul dela 4 iulie<\/em> \u2022 M. AVADANEI \u2013 <em>Cursurile Asocia\u0163iei Generale, dela Piatra-Neam\u0163<\/em> \u2022 N. MOGA \u015fi V. \u0162\u0102RANU \u2013 <em>Cronici. Note. Recenzii<\/em> \u2022 C. R\u0102DULESCU-MOTRU \u2013 <em>Apel<\/em>.<\/p>\n\n\n\n<p><strong>An. III, nr. 35, octomvrie, 1937 <\/strong><\/p>\n\n\n\n<p>\u2022 Gr. CAP\u015eA \u2013 <em>Surmenajul \u015fcolar<\/em> \u2022 L.&nbsp;&nbsp;&nbsp;&nbsp;&nbsp;&nbsp;&nbsp;&nbsp;&nbsp; T\u0102ZL\u0102UANU\n\u2013 <em>\u015etiin\u0163\u0103 \u015fi religie<\/em> \u2022 Prof. Lucia STR\u0102TILESCU \u2013 <em>Educa\u0163ie str\u0103jereasc\u0103<\/em> \u2022 Prof. \u0162\u0102RANU \u2013 <em>Torna, torna, fratre<\/em> \u2022 C-tin ANGHEL (cl. VI-a) \u2013 <em>Cum vorbeau \u015fi cum sim\u0163eau str\u0103mo\u015fii no\u015ftri<\/em>\n\u2022 Iosif A.\nMOVILEANU (cl. V-a) \u2013 <em>Natura \u0163\u0103rii \u015fi\nsufletul Rom\u00e2nului in lirica poporan\u0103<\/em> \u2022 G. MORO\u015eANU \u2013 <em>C\u0103l\u0103torie<\/em> \u2022 I. VESPREMIE \u2013 <em>Veleat<\/em>\n\u2022 M. COJOCARU\n\u2013 <em>Recenzii. Note<\/em> \u2022 <em>Pagina oficial\u0103<\/em>.<\/p>\n\n\n\n<p><strong>An. III, nr. 36, noiemvrie, 1937 <\/strong><\/p>\n\n\n\n<p>\u2022 Victor \u0162\u0102RANU\n\u2013 <em>\u015ecoale \u015fi dasc\u0103li din vechime<\/em> \u2022 M. COJOCARU \u2013 <em>Apercep\u0163ia la copii. Cercetarea \u015fi diagnosticarea ei<\/em> \u2022 Victor ANDREI \u2013 <em>Dup\u0103 dou\u0103zeci \u015fi cinci de ani<\/em> \u2022 Ion ARN\u0102UTU \u2013 <em>M.S. Marele Voievod Mihai<\/em> \u2022 Teodor GROSU (cl. VII-a) \u2013 <em>Natura \u00een pastelurile lui V. Alecsandri<\/em> \u2022 George MORO\u015eANU \u2013 <em>Hrisov. Interiorizare<\/em> \u2022 Ion VESPREMIE \u2013 <em>\u00cenchinare<\/em> \u2022 Nec. MOGA \u2013 <em>Statistici\ncare pot fi folosite \u00een conferin\u0163e populare<\/em> \u2022 <em>Pagina oficial\u0103<\/em>.<\/p>\n\n\n\n<p><strong>An. IV, nr. 1-2, decemvrie 1937 \u2013 ianuarie 1938<\/strong><\/p>\n\n\n\n<div class=\"wp-block-image\"><figure class=\"alignleft\"><img loading=\"lazy\" decoding=\"async\" width=\"321\" height=\"454\" src=\"http:\/\/www.slineamt.ro\/apostolul\/wp-content\/uploads\/2020\/09\/37-ap232-foto8.jpg\" alt=\"\" class=\"wp-image-20379\" srcset=\"http:\/\/www.slineamt.ro\/apostolul\/wp-content\/uploads\/2020\/09\/37-ap232-foto8.jpg 321w, http:\/\/www.slineamt.ro\/apostolul\/wp-content\/uploads\/2020\/09\/37-ap232-foto8-212x300.jpg 212w, http:\/\/www.slineamt.ro\/apostolul\/wp-content\/uploads\/2020\/09\/37-ap232-foto8-260x368.jpg 260w, http:\/\/www.slineamt.ro\/apostolul\/wp-content\/uploads\/2020\/09\/37-ap232-foto8-160x226.jpg 160w\" sizes=\"auto, (max-width: 321px) 100vw, 321px\" \/><figcaption>invatamant<\/figcaption><\/figure><\/div>\n\n\n\n<p>\u2022 <em>\u00cenchinare memoriei profesorului IOAN DR\u0102GAN<\/em> (<em>1886-1937<\/em>)\n\u2022 <em>Omnes una manet nox<\/em> (<em>Pe to\u0163i\nne a\u015fteapt\u0103 aceea\u015fi noapte. Hora\u0163iu<\/em>) \u2022 Semneaz\u0103: N. N. TONITZA, rectorul Academiei\nde Arte Frumoase din Ia\u015fi, Prof. D FOC\u015eA, profesor la Liceul Spiru Haret din\nBucure\u015fti, fost director al \u015ecoalei Normale Piatra-Neam\u0163, AURORA V. ANDREI,\nprofesoar\u0103 \u2013 Cahul, N. V. PETROVEANU, profesor Ia\u015fi, Asachi, \u015et. C.\nGHEORGHIADE, directorul \u015ecoalei Normale din Chi\u015fin\u0103u, P. GHEORGHEASA, fost\ninspector \u015fcolar, prof. Gr. CAP\u015eA, prof. VICTOR ANDREI, V. GABUREANU, inspector\n\u015fcolar, prof. V. GHI\u0162ESCU, IOAN D. TOMULESCU, institutor Piatra-Neam\u0163, \u00eenv.\nMIHAI AVADANEI, \u015ecoala de Aplica\u0163ie, prof. GEORGE MORO\u015eANU, I. SANDU, normalist\ncl. VIII-a, NECULAI MIH\u0102ILESCU, cl. VI-a Normal\u0103, GHEORGHE PRISTAVU cl. II-a Normal\u0103\n\u015f. a.<\/p>\n\n\n\n<p><strong>An. IV, nr. 7-9, iulie \u2013 septemvrie1938<\/strong><\/p>\n\n\n\n<p>\u2022 Constantin\nTURCU \u2013 <em>Jud. Neam\u0163 \u00een Memoriile Reginei\nMaria I<\/em> \u2022 Pr. D. S\u0102VESCU (R\u0103uce\u015fti) \u2013 <em>Monografia bisericii Sf. Gheorghe din \u015eerbe\u015fti<\/em> (urmare. Cap IV) \u2022 \u00cenv. Th. URSU \u2013 <em>Pa\u015ftele \u0162iganilor<\/em> \u2022 Prof. V. \u0162\u0102RANU \u2013 <em>I. Al. Br\u0103tescu-Voine\u015fti<\/em> \u2022 I. AL. BR\u0102TESCU-VOINE\u015eTI \u2013 <em>Caisul<\/em> \u2022 George MORO\u015eANU \u2013 <em>Sear\u0103<\/em> \u2022 C. T\u0102NASE-TEIU \u2013 <em>Folklor\n\u2013 C\u00e2ntec<\/em> \u2022 \u00cenv. D. MARE\u015e \u2013 <em>Folklor\n\u2013 Desc\u00e2ntece<\/em> \u2022 V. \u0162. \u2013 <em>Cronici\nLiterare. Reviste. Didactice. Artistice<\/em> \u2022 <em>Sportive. Externe. Tablete. Din localitate. Oficiale<\/em>.<\/p>\n\n\n\n<p><strong>An. IV, nr. 10-12, octomvrie \u2013 decemvrie1938<\/strong><\/p>\n\n\n\n<p>\u2022 APOSTOLUL \u2013 <em>Mare\u015falul<\/em> \u2022 Victor \u0162\u0102RANU \u2013 <em>B\u0103lo\u015fe\u015fti-Neam\u0163<\/em> (<em>monografie<\/em>)\n\u2022 C. TURCU \u2013 <em>Str\u0103vechiul trecut al \u0163inutului Neam\u0163 \u00een\nlumina arheologiei preistorice<\/em> \u2022 Al. V. IFTIMIE \u2013 <em>Proza artistic\u0103 p\u00e2n\u0103 la Al. Odobescu<\/em> \u2022 Virgil POSTELNICU \u2013 <em>C\u00e2teva clipe la m\u0103n\u0103stirea Bistri\u0163a<\/em> \u2022 Mihai NICHITA \u2013 <em>Suplinitor \u00een Balcani. Poezie: Veni\u0163i copii!<\/em> \u2022 George MORO\u015eANU \u2013 <em>Solilocviu<\/em> \u2022 C. T\u0102NASE \u2013 TEIU \u2013 <em>Pluta\u015fii\nde pe Bistri\u0163a<\/em> \u2022 Constantin ANGHEL \u2013 <em>Ioan\nDr\u0103gan<\/em> \u2022 Ioan ARHIRE \u2013 <em>Bibliotecile\n\u015fcolare \u015fi s\u0103te\u015fti<\/em> \u2022 V. \u0162. \u2013 <em>\u00censemn\u0103ri.\nCronici. Premilitare. Sanitare. Literare. Locale<\/em> \u2022 V. S. \u2013 <em>Pagina\noficial\u0103<\/em>.<\/p>\n\n\n\n<p><strong>An. V, nr. 1-3, ianuarie \u2013 martie, 1939<\/strong><\/p>\n\n\n\n<div class=\"wp-block-image\"><figure class=\"alignright\"><img loading=\"lazy\" decoding=\"async\" width=\"321\" height=\"454\" src=\"http:\/\/www.slineamt.ro\/apostolul\/wp-content\/uploads\/2020\/09\/37-ap232-foto10-1.jpg\" alt=\"\" class=\"wp-image-20382\" srcset=\"http:\/\/www.slineamt.ro\/apostolul\/wp-content\/uploads\/2020\/09\/37-ap232-foto10-1.jpg 321w, http:\/\/www.slineamt.ro\/apostolul\/wp-content\/uploads\/2020\/09\/37-ap232-foto10-1-212x300.jpg 212w, http:\/\/www.slineamt.ro\/apostolul\/wp-content\/uploads\/2020\/09\/37-ap232-foto10-1-260x368.jpg 260w, http:\/\/www.slineamt.ro\/apostolul\/wp-content\/uploads\/2020\/09\/37-ap232-foto10-1-160x226.jpg 160w\" sizes=\"auto, (max-width: 321px) 100vw, 321px\" \/><figcaption>invatamant<\/figcaption><\/figure><\/div>\n\n\n\n<p>\u2022 Prof. Victor\n\u0162\u0102RANU \u2013 <em>Examenele de limba rom\u00e2n\u0103<\/em> (<em>1<\/em>) \u2022 Preot D. S\u0102VESCU \u2013 <em>Monografia bisericii Sf. Gheorghe din \u015eerbe\u015fti<\/em> (urmare. cap. V) \u2022 \u00cenv. Eufrosina MANOLIU \u2013 <em>Severitate \u015fi disciplin\u0103<\/em> \u2022 \u00cenv. Costic\u0103 POPA \u2013 <em>Individual \u015fi social<\/em> \u2022 \u00cenv. Eugenia \u0162\u0102RANU \u2013 <em>Programa Analitic\u0103 pentru \u015fcoalele de copii mici<\/em> \u2022 Prof. Victor ANDREI \u2013 <em>Apele minerale de la Piatra-Neam\u0163<\/em> \u2022 Const. TURCU \u2013 <em>De la hanul schitului Tarc\u0103u la \u015ecoala nr. 2 b\u0103ie\u0163i<\/em> \u2022 Constantin ANGHEL (cl. VII n.) \u2013 <em>Romantismul \u00een operele literare p\u00e2n\u0103 la\nHa\u015fdeu<\/em> \u2022 George MORO\u015eANU \u2013 <em>Rug\u0103ciunea\nde sear\u0103<\/em> \u2022 \u00cenv. Mihai AVADANEI \u2013 <em>S\u0103rb\u0103torile\nSfintelor Pa\u015fti<\/em> \u2022 V. \u0162. \u2013 <em>Patriarhul<\/em>\n\u2022 Constantin\nTURCU \u2013 <em>Dimitrie Hogea<\/em> \u2022 Prof. D. FOC\u015eA \u2013 <em>O scrisoare \u015fi un apel<\/em> \u2022 V. \u0162. \u2013 <em>Cronici\nSanitare. Culturale. Literare. Interne. Locale. Oficiale<\/em>.<\/p>\n\n\n\n<p><strong>An. V, nr. 4-6, aprilie \u2013 iunie, 1939<\/strong><\/p>\n\n\n\n<p>\u2022 Prof. Victor\n\u0162\u0102RANU \u2013 <em>Examenele de limba rom\u00e2n\u0103<\/em> (<em>II<\/em>) \u2022 \u00cenv. Virginia LAIU \u2013 <em>Necesitatea educa\u0163iei materne<\/em> \u2022 \u00cenv. Th. URSU \u2013 <em>Pa\u015ftele \u0162iganilor<\/em> \u2022 \u00cenv. Mihai DAVID (Ghind\u0103oani) \u2013 <em>Un scriitor nem\u0163ean necunoscut: Toader I.\n\u015etefan<\/em> \u2022 Toader I. \u015eTEFAN \u2013 <em>Umila\nautobiografie \u2013 \u201eMemoriul meu\u201d<\/em> (<em>1<\/em>)\n\u2022 \u00cenv. Victor\nS\u0102NDULESCU \u2013 <em>Din jurnalul meu<\/em> \u2022 Ion VESPREMIE \u2013 <em>Scrisoare<\/em> \u2022 H. Ol. DIANU \u2013 <em>Ceasul<\/em>\n\u2022 APOSTOLUL \u2013 <em>O sut\u0103 de ani de la na\u015fterea Regelui Carol I<\/em>\n\u2022 V. \u0162. \u2013 <em>Vasile Pienescu<\/em> \u2022 Augustin \u0162\u0102RANU \u2013 <em>Pagina s\u0103teasc\u0103: Fudulia e s\u0103r\u0103cie<\/em> \u2022 Nicolai Th. MONORANU (cl. VIII n.) \u2013 <em>Curente nou\u0103 \u00een lit. Rom\u00e2n\u0103<\/em> \u2022 Emanoil ZEGAN \u2013 <em>Folklor<\/em> \u2022 Gh. TUDOREANU \u2013 <em>Plan\nde lec\u0163ie<\/em> \u2022 Dr. \u015et. M \u015fi V. \u0162 \u2013 <em>Cronici.<\/em><\/p>\n\n\n\n<p><strong>An. V, nr. 7-9, iulie-septemvrie, 1939<\/strong><\/p>\n\n\n\n<div class=\"wp-block-image\"><figure class=\"alignleft\"><img loading=\"lazy\" decoding=\"async\" width=\"321\" height=\"454\" src=\"http:\/\/www.slineamt.ro\/apostolul\/wp-content\/uploads\/2020\/09\/37-ap232-foto9.jpg\" alt=\"\" class=\"wp-image-20380\" srcset=\"http:\/\/www.slineamt.ro\/apostolul\/wp-content\/uploads\/2020\/09\/37-ap232-foto9.jpg 321w, http:\/\/www.slineamt.ro\/apostolul\/wp-content\/uploads\/2020\/09\/37-ap232-foto9-212x300.jpg 212w, http:\/\/www.slineamt.ro\/apostolul\/wp-content\/uploads\/2020\/09\/37-ap232-foto9-260x368.jpg 260w, http:\/\/www.slineamt.ro\/apostolul\/wp-content\/uploads\/2020\/09\/37-ap232-foto9-160x226.jpg 160w\" sizes=\"auto, (max-width: 321px) 100vw, 321px\" \/><figcaption>invatamant<\/figcaption><\/figure><\/div>\n\n\n\n<p>\u2022 Victor \u0162\u0102RANU\n\u2013 <em>Prefa\u0163\u0103<\/em> \u2022 Pr. D. S\u0102VESCU \u2013 <em>Monografia bisericii Sf. Gheorghe din \u015eerbe\u015fti<\/em> (urmare) \u2022 Th. URSU \u2013 <em>Pa\u015ftele \u0162iganilor<\/em> (urmare) \u2022 Toader I. \u015eTEFAN \u2013 <em>Umila autobiografie<\/em> \u2013 \u201e<em>Memoriul\nmeu<\/em>\u201d (<em>2<\/em>) \u2022 George MORO\u015eANU \u2013 <em>Note dintr-o scrisoare trist\u0103<\/em> \u2022 Ion VESPREMIE \u2013 <em>Peisaj<\/em> \u2022 Gheorghe TUDOREANU \u2013 <em>Plan\nde lec\u0163ie<\/em> \u2022 C. AV\u00c2RVAREI \u2013 <em>Desc\u00e2ntec\nde b\u0103\u015fic\u0103<\/em> \u2022 Augustin \u0162\u0102RANU \u2013 <em>Pagina\ns\u0103teasc\u0103: Preten\u0163iunile unei gospod\u0103rii model<\/em> \u2022 V. \u0162. \u2013 <em>Gheorghe\nDimitriev<\/em> \u2022 CRONICAR \u2013 <em>Legea\npentru organizarea \u015fi folosirea tineretului \u00een caz de mobilizare<\/em>.<\/p>\n\n\n\n<p><strong>An. V, nr. 10-12, octomvrie-decemvrie, 1939<\/strong><\/p>\n\n\n\n<p>\u2022 Pr. D.\nNOURESCU \u2013 <em>Isus \u015fi pacea lumii<\/em> \u2022 Grigore MARINOIU \u2013 <em>M. S. Regele Carol II<\/em> \u2022 Ion VESPREMIE \u2013 <em>Din veac<\/em> \u2022 Pr. D. S\u0102VESCU \u2013 <em>Monografia\nbisericii Sf. Gheorghe din \u015eerbe\u015fti<\/em> (urmare) \u2022 Victor \u0162\u0102RANU \u2013 <em>Gazele de lupt\u0103<\/em> \u2022 Ion TRAUTZEL \u2013 <em>O lacrim\u0103<\/em> \u2022 Ion DR\u0102GAN \u2013 <em>Mila<\/em>\n\u2022 Th. URSU \u2013 <em>Pa\u015ftele \u0162iganilor<\/em> (urmare) \u2022 Constantin TURCU \u2013 <em>\u015ecoala nr. 1 de fete din Piatra-Neam\u0163<\/em> (<em>I<\/em>) \u2022 Alexandru STOIAN (cl. VIII-a) \u2013 <em>M\u0103ria Sa Marele Voievod de Alba Iulia<\/em> \u2022 Al. V. IFTIMIE (cl. VIII-a) \u2013 <em>Latinitatea noastr\u0103. Versuri: Chemare.\nFurtun\u0103<\/em> \u2022 Ioan SANDU \u2013 <em>Excursia\nabsolven\u0163ilor din seria 1938<\/em> \u2022 J. MIH\u0102ILESCU \u2013 <em>Plan de lec\u0163ie<\/em> \u2022 M. MONORANU \u2013 <em>Bunicul<\/em> \u2022 Folklor:<em> Ora\u0163ie de\nnunt\u0103. Strig\u0103turi. Bocet. Doin\u0103<\/em> \u2022 Mihai AVADANEI \u2013 <em>C\u0103r\u0163i. Reviste. Oameni. Cronici<\/em> \u2022 Ion LUMICEANU \u2013 <em>Str\u0103jere\u015fti<\/em>.<\/p>\n\n\n\n<p><strong>An. VI, nr. 1-2, ianuarie-februarie, 1940<\/strong><\/p>\n\n\n\n<p>\u2022 APOSTOLUL \u2013 <em>Cuv\u00e2nt \u00eenainte<\/em> \u2022 K. VL\u0102DULESCU\n\u2013 <em>Credin\u0163\u0103 \u015fi munc\u0103 pentru \u0162ar\u0103 \u015fi Rege<\/em>\n\u2022 Gheorghe\nFIDLER \u2013 <em>Mihai Cerna<\/em> \u2022 Maria G\u00c2RNEA\u0162\u0102 \u2013 <em>Averea lui conu Costache<\/em> (<em>scenet\u0103\ncomic\u0103<\/em>) \u2022 George MORO\u015eANU \u2013 <em>Fratelui\ndisp\u0103rut<\/em> \u2022 Ana PETIC\u0102 \u2013 <em>Crizanteme.\nFulgi<\/em> \u2022 G. Grigore\nTOMESCU \u2013 <em>Vremuri<\/em> \u2022 Ludmila FLOREA \u2013 <em>Singur\u0103tate<\/em> \u2022 Serg. T. R. Ion BORDEIANU \u2013 <em>Scrisoare c\u0103tre nevast\u0103<\/em> \u2022 Toader I. \u015eTEFAN \u2013 <em>Umila autobiografie \u2013 \u201eMemoriul meu<\/em>\u201d (<em>3<\/em>) \u2022 Constantin ANGHEL (cl. VIII) \u2013 <em>Formarea limbii rom\u00e2ne literare<\/em> \u2022 V. Toader VIZITIU (cl. IV) \u2013 <em>Film<\/em> \u2022 Al. IFTIMIE (cl.VIII) \u2013 <em>Noi nu avem copil\u0103rie<\/em> \u2022 Nechita BEL\u00c2I \u2013 <em>Educa\u0163ia moral\u0103: binele<\/em> \u2022 L. DAVID (Ghind\u0103oani) \u2013 <em>Gr. Trancu Ia\u015fi<\/em> \u2022 M. Folklor<em>.\nGhicitori. Jocuri. Supersti\u0163ii<\/em> \u2022 N. COJOCARU \u015fi I. LUMICEANU \u2013 <em>C\u0103r\u0163i. Cronici: Str\u0103jere\u015fti<\/em>.<\/p>\n\n\n\n<p><strong>An. VI, nr. 3-4, martie-aprilie, 1940<\/strong><\/p>\n\n\n\n<p>\u2022 Pr. D.\nNOUREANU, protopop \u2013 <em>De ziua \u00cenvierii<\/em>\n\u2022 Mircea\nPIENESCU \u2013 <em>Satul scolii de alt\u0103dat\u0103<\/em> \u2022 Dan FULGER \u2013 <em>Rapsodii crepusculare<\/em> \u2022 Ion MOLDOVEANU \u2013 <em>Sbor peste ape<\/em> \u2022 G. T. KIRILEANU \u2013 <em>Un raport al poetului G. Co\u015fbuc despre c\u00e2teva \u015fcoli din jude\u0163ul Neam\u0163<\/em>\n\u2022 Victor \u0162\u0102RANU\n\u2013 <em>Valoarea m\u0103rturiilor subp\u0103m\u00e2ntene<\/em> \u2022 Toader I. \u015eTEFAN \u2013 <em>Umila autobiografie<\/em> \u2013 \u201e<em>Memoriul\nmeu<\/em>\u201d (<em>4<\/em>) \u2022 N. VL\u0102DULESCU \u2013 <em>Semnifica\u0163ia \u00een\u0103l\u0163\u0103rii Pavilionului Na\u0163ional<\/em> \u2022 Prof. Victor ANDREI \u2013 <em>Rug\u0103ciunea \u015fi importan\u0163a ei educativ\u0103<\/em> \u2022 Paul D\u0102RM\u0102NESCU (cl. VIII-a lic. P. R.) \u2013 <em>Final<\/em> \u2022 Gic\u0103 DUMBR\u0102VEANU (cl. VI n.) \u2013 <em>Prim\u0103vara<\/em> \u2022 Const. N. CONSTANTINIU \u2013 <em>Glas<\/em> \u2022 Gh. TUDOREANU (abs. dipl.) \u2013 <em>C\u00e2ntec<\/em> \u2022 Nicolae VOLMER (cl. VIII-a n.) \u2013 <em>Doin\u0103<\/em> \u2022 Nicolae GRIBINCEA (cl. III n.) \u2013 <em>\u00cen noaptea \u00cenvierii<\/em> \u2022 Doctorul ANONIM \u2013 <em>Igiena individual\u0103<\/em> \u2022 CINCINATUS \u2013 <em>Aratul \u015fi sem\u0103natul<\/em> \u2022 Al. IFTIMIE (cl.VIII n,) \u2013 <em>Un apostol: Gheorghe Dimitriev<\/em> \u2022 Petre ACASANDREI (cl. VI n.) \u2013 <em>Tain\u0103<\/em> \u2022 Gh. DUMBR\u0102VEANU (cl. VI n.) \u2013 <em>Educa\u0163ia artistic\u0103: Domnul<\/em> \u2022 <em>C\u0103r\u0163i. Cronici. C\u0103mine culturale. Reviste<\/em> (<em>Convorbiri\nLiterare, G\u00e2ndirea, Revista Funda\u0163iilor Regale, \u00censemn\u0103ri ie\u015fene, Revista\nGeneral\u0103 a \u00cenv\u0103\u0163\u0103m\u00e2ntului, Viea\u0163a Basarabiei, Flori de munte \u2013 revista \u015fcoalei\nnormale de fete Piatra-Neam\u0163, Curentul Magazin<\/em>). <\/p>\n\n\n\n<p><strong>An. VI, nr. 5-6, mai-iunie, 1940<\/strong><\/p>\n\n\n\n<p>\u2022 Pr. Ioan\nCHIRIC\u0102 \u2013 <em>R\u0103sp\u00e2ndirea cre\u015ftinismului\n\u00eentre oameni<\/em> \u2022 Ion VESPREMIE \u2013 <em>Panteism<\/em>\n\u2022 Victor \u0162\u0102RANU\n\u2013 <em>Oamenii lemnului<\/em> \u2022 Dan FULGER \u2013 <em>Idoli de piatr\u0103<\/em> \u2022 H. Ol. DIANU \u2013 <em>Drum<\/em> \u2022 Const. TURCU \u2013 <em>C\u00e2teva\n\u015ftiri despre biserica din satul H\u00e2r\u0163e\u015fti<\/em> \u2022 Gh. Gheorghe DOROFTE \u2013 <em>Biserica din H\u00e2r\u0163e\u015fti<\/em> \u2022 Toader I. \u015eTEFAN \u2013 <em>Umila autobiografie<\/em> \u2013 \u201e<em>Memoriul\nmeu<\/em>\u201d (<em>I<\/em>) \u2022 Neculai UNGUREANU \u2013 <em>Educa\u0163ia moral\u0103: Despre munc\u0103<\/em> \u2022 N. MIH\u0102ILESCU (cl. VII-a n.) \u2013 <em>Proza artistic\u0103 p\u00e2n\u0103 \u00een timpul lui Odobescu<\/em>\n\u2022 Al. IFTIMIE\n\u015fi C. ANGHEL (cl .VIII) \u2013 <em>Iert\u0103ciunea la\nnunt\u0103<\/em> \u2022 Nicolae\nDONOSE (cl. IV-a n.) \u2013 <em>Poveste cu draci\n\u015fi cu \u0163igani<\/em> \u2022 Al. IFTIMIE \u2013 <em>Azi,\npentru cea din urm\u0103 oar\u0103<\/em> \u2022 Mihai UNGUREANU \u2013 <em>Educa\u0163ia moral\u0103: Despre munc\u0103<\/em> \u2022 Victor \u0162\u0102RANU \u2013 <em>C\u0103r\u0163i. Reviste. Cronici, Distractive<\/em> \u2022 Victor ANDREI \u2013 <em>Idei. Fapte. Oameni.<\/em><\/p>\n\n\n\n<p><strong>An. VI, nr. 7-9, iulie-septemvrie, 1940<\/strong><\/p>\n\n\n\n<p>\u2022 APOSTOLUL \u2013 <em>\u00centreita sf\u00e2\u015fiere<\/em> \u2022 Mihai EMINESCU \u2013 <em>La arme!<\/em> \u2022 Leon MREJERIU \u2013 <em>Eri\n\u015fi azi<\/em>. <em>Contribu\u0163ii la istoricul \u00eenv\u0103\u0163\u0103m\u00e2ntului\nprimar, jud. Neam\u0163<\/em> \u2022 Octavian GOGA \u2013 <em>Copiilor.\nToamna<\/em> \u2022 Dan FULGER \u2013 <em>Octavian\nGoga<\/em> \u2022 Gavril VLAD\n\u2013 <em>Biserica vie<\/em> \u2022 Radu GYR \u2013 <em>B\u0103lcescu<\/em> \u2022 Gh. A. CUZA \u2013 <em>Cet\u0103\u0163i\npe Nistru<\/em> \u2022 Ion VESPREMIE \u2013 <em>Colind.\nP\u0103m\u00e2ntul<\/em> \u2022 Toader I. \u015eTEFAN \u2013 <em>Umila\nautobiografie<\/em> \u2013 \u201e<em>Memoriul meu<\/em>\u201d (<em>6<\/em>) \u2022 D. A. BURLACU \u2013 <em>Rug\u0103. Pluta\u015fi<\/em> \u2022 Victor \u0162\u0102RANU \u2013 <em>Tragedia breslelor rom\u00e2ne\u015fti<\/em> \u2022 Paul D\u0102RM\u0102NESCUL \u2013 <em>\u00centrebare. Popas. Destin<\/em> \u2022 Const. CONSTANTINIU \u2013 <em>Toamn\u0103. Poem. La marginea luminii<\/em> \u2022 Al. IFTIMIE \u2013 <em>La hotare! B\u0103tr\u00e2ni din vremuri legendare<\/em> \u2022 Teodor V. VIZITIU \u2013 <em>Interior<\/em> \u2022 N. COJOCARU \u2013 <em>Prin\nmun\u0163ii Rodnei<\/em> \u2022 Constantin ANGHEL (cl. VI n) \u2013 <em>Tiranul<\/em>. <em>Tablou nocturn<\/em> \u2022 G. DUMBR\u0102VEANU (cl. VI n.) \u2013 <em>A fost un vis?<\/em> \u2022 V. \u0162. \u2013 <em>Cronici\n\u015fi \u00eensemn\u0103ri. C\u0103r\u0163i. Reviste<\/em>. <\/p>\n\n\n\n<p><strong>An. VI, nr. 10-12, oct. \u2013 decemvrie, 1940<\/strong><\/p>\n\n\n\n<p>\u2022 APOSTOLUL \u2013 <em>Opt noiembrie<\/em> \u2022 C. ANGHEL \u2013 <em>Credin\u0163\u0103, Rug\u0103ciune<\/em> \u2022 Victor \u0162\u0102RANU \u2013 <em>Intelectual \u00een Legiune<\/em> \u2022 C. TANASE-TEIU \u2013 <em>B\u0103dica Vasile<\/em> \u2022 Dr. \u015etefan MARIN \u2013 <em>Cauzele mortalit\u0103\u0163ii infantile<\/em> \u2022 Constantin TURCU \u2013 <em>Tagma bisericeasc\u0103 de mir din Piatra-Neam\u0163 la 1859<\/em> \u2022 D. A. BURLACU \u2013 <em>Iarn\u0103<\/em>. <em>A\u015fa-mi e\u015fti drag\u0103.\nAmintiri. Te-n\u015feli<\/em> \u2022 Eugeniu MACOVEI \u2013 <em>Despre\nabecedar<\/em> \u2022 A. AVADANEI \u2013 <em>Educa\u0163ia\nna\u0163ional\u0103 \u00een \u015fcoala Statului Legionar<\/em> \u2022 Toader I. \u015eTEFAN \u2013 <em>Umila autobiografie<\/em> \u2013 \u201e<em>Memoriul\nmeu<\/em>\u201d (<em>7<\/em>) \u2022 Victor \u0162\u0102RANU \u2013 <em>Cismarii: cism\u0103ria \u015fi ciubotarii: ciubot\u0103ria<\/em> \u2022 Ion TRAUTZEL \u2013 <em>Suflete gemene<\/em> \u2022 \u015et. VER\u015eESCU \u2013 SANDOMIR \u2013 <em>\u00cen urma lui<\/em> \u2022 Paul D\u0102RM\u0102NESCU \u2013 <em>Gol. Ninge<\/em> \u2022 Simion LEFTER \u2013 <em>C\u00e2ntecul\nlegionarilor c\u0103zu\u0163i<\/em> \u2022 Radu GYR \u2013 <em>\u0162ara<\/em> \u2022 Gheorghi\u0163\u0103 DUMBR\u0102VEANU (cl. VI-a n.) \u2013 <em>Lini\u015fte<\/em> \u2022 Const. CONSTANTINIU \u2013 <em>Lirism. Cadru<\/em> \u2022 Ziarul UNIVERSUL \u2013 <em>Masacrele maghiare \u015fi actele de teroare<\/em> \u2022 N.&nbsp;&nbsp;&nbsp;&nbsp;&nbsp;&nbsp;&nbsp;&nbsp; COJOCARU\n\u2013 <em>Recenzii<\/em> \u2022 Mihail AVADANEI, inspector cultural \u2013 <em>Locale<\/em>.<\/p>\n\n\n\n<p><strong>An. VII, nr. 1-3, ianuarie-martie, 1941<\/strong><\/p>\n\n\n\n<p>\u2022 Ion B\u0102NCIL\u0102\n\u2013 <em>Cutremurile de p\u0103m\u00e2nt<\/em> \u2022 Vasile C. \u015eOAREC \u2013 <em>C\u00e2nd st\u0103p\u00e2neau jidanii<\/em> \u2022 Victor \u0162\u0102RANU \u2013 <em>Ogorul rom\u00e2nesc<\/em> \u2022 C-tin TURCU \u2013 <em>Catihetul Conta<\/em> \u2022 Eugeniu MACOVEI \u2013 <em>Boicule\u015fti<\/em> \u2022 Mihai BACLOJANSCHI \u2013 <em>Impresii\ndin Italia<\/em> \u2022 Ion VESPREMIE \u2013 <em>Poezii:\nPandurul. C\u00e2ntec. Ctitorii<\/em> \u2022 C. T\u0102NASE-TEIU \u2013 <em>Caimacani \u015fi ciobani<\/em> \u2022 Toader I. \u015eTEFAN \u2013 <em>Umila autobiografie<\/em> \u2013 \u201e<em>Memoriul\nmeu<\/em>\u201d (<em>8<\/em>) \u2022 Emilia RADU \u2013 <em>Plan de lec\u0163ie<\/em> \u2022 Dan FULGER \u2013 <em>Versuri arse. Vene\u0163ian\u0103. Casa cu stafii<\/em> \u2022 M. COJOCARU \u015fi Emilia RADU \u2013 <em>Cronici. Recenzii. C\u0103r\u0163i. Reviste<\/em>.<\/p>\n\n\n\n<p><strong>An. VII, nr. 4-6, aprilie-iunie, 1941<\/strong><\/p>\n\n\n\n<p><strong>Num\u0103r \u00eenchinat Basarabiei<\/strong><\/p>\n\n\n\n<p>\u2022 General Ion\nANTONESCU \u2013 <em>PROCLAMA\u0162IA C\u0102TRE \u0162AR\u0102<\/em> \u2022 Victor \u0162\u0102RANU \u2013 <em>Basarabia, unitate rom\u00e2neasc\u0103<\/em> \u2022 Petru STATI \u2013 <em>Str\u0103jerul<\/em> \u2022 Leon MREJERIU \u2013 <em>Amintiri\ndin Basarabia<\/em> \u2022 C. TURCU \u2013 <em>M\u0103n\u0103stirea\nlui Iancu Costin de l\u00e2ng\u0103 Hotin pustiit\u0103 de r\u0103zboaie<\/em> \u2022 FOLKLOR: <em>Doina\nBasarabeanului<\/em> \u2022 <em>Pomelnicul lui \u015etefan cel Mare. Note.\nRecenzii<\/em>.<\/p>\n\n\n\n<p><strong>An. VII, nr. 7-9, iulie-septemvrie, 1941<\/strong><\/p>\n\n\n\n<p>\u2022 G. T.\nKIRILEANU \u2013 Hotarnica Dornei \u2022 Victor \u0162\u0102RANU \u2013 Odiseea economiei na\u0163ionale \u2022 Leon MREJERIU \u2013 O carte veche \u2022 Mihai DAVID \u2013 Misiunea \u00eenv\u0103\u0163\u0103torului \u2022 Gavril GALINESCU \u2013 O rectificare \u2022 V. \u0162. \u2013 C\u00e2ntece din r\u0103zboiu \u2022 C\u0103r\u0163i. Reviste.<\/p>\n\n\n\n<p><strong>An. VIII, nr. 1-2, ianuarie-februarie, 1942<\/strong><\/p>\n\n\n\n<p>\u2022 Eugeniu\nMACOVEI \u2013 <em>Nicolae Iorga<\/em> \u2022 Victor \u0162\u0102RANU \u2013 <em>Rena\u015fteri culturale<\/em> \u2022 Pr. C. COJOCARU \u2013 <em>La locul jertfei lor<\/em> \u2022 N. \u015eTEF\u0102NESCU \u2013 <em>Ultima lui suflare<\/em> \u2022 Victor ANDREI \u2013 <em>Oameni, idei, fapte<\/em> \u2022 Mihai DAVID \u2013 <em>Studiul individualit\u0103\u0163ii<\/em> \u2022 V. H\u00c2RLEA \u2013 <em>Conducerea de sine a clasei<\/em> \u2022 Mihai UNGUREANU \u2013 <em>Br\u0103tulenii<\/em> \u2022 Har. MIH\u0102ILESCU \u2013 <em>Om\u0103tul.\nCruciata<\/em> \u2022 Lucian MIRCEA \u2013 <em>Elegie.\nUitare. Voi v\u00e2ntura ca v\u00e2ntul. Sonet<\/em> \u2022 Didina cap. FLOREA \u2013 <em>Rug\u0103<\/em> \u2022 Ion VESPREMIE \u2013 <em>La\nPutna<\/em> \u2022 M.\nBACLAJANSCHI \u2013 <em>Poeziei. Peisaj hivernal<\/em>\n\u2022 Ion\nBORDEIANU \u2013 <em>La hotar<\/em> \u2022 Pr. C. COJOCARIU \u2013 <em>La locul jertfei lor<\/em> \u2022 V. \u0162. <em>C\u0103r\u0163i,\nreviste, note<\/em>.<\/p>\n\n\n\n<p><strong>An. VIII, nr. 3-4, martie-aprilie, 1942<\/strong><\/p>\n\n\n\n<p>\u2022 Pr. N. D.\nUNGUREANU \u2013 <em>\u00cenvierea Domnului<\/em> \u2022 N. ZAHARIA \u2013 \u2020<em>C\u0103pitanul erou Iorgu Dobre<\/em> \u2022 Aurel A. ROTUNDU \u2013 <em>Conu Panaite B\u0103lt\u0103re\u0163u<\/em> \u2022 Ioan ZOTTIN \u2013 <em>Documente dornene<\/em> \u2022 Pr. Ernest IONESCU \u2013 <em>Iuda Iscarioteanul<\/em> \u2022 C. ANGHEL \u2013 <em>Pribegii. Satul<\/em> \u2022 Victor \u0162\u0102RANU \u2013 <em>Pe drumul rom\u00e2nismului<\/em> \u2022 Mihai NICHITA \u2013 <em>Dalnic. Mun\u0163ii<\/em> \u2022 M. David (Ghind\u0103oani) \u2013 <em>Legea \u00eenv\u0103\u0163\u0103m\u00e2ntului primar<\/em> \u2022 Gh. POPOVICI \u2013 <em>Pestalozzi \u015fi cultura poporului<\/em> \u2022 Har. MIH\u0102ILESCU \u2013 <em>Poema lucr\u0103toarei cei frumoase<\/em> \u2022 Ion VESPREMIE \u2013 <em>\u00cenviere<\/em> \u2022 Didina FLOREA \u2013 <em>Cruce\nalb\u0103<\/em> \u2022 George\nC\u00c2NDREA \u2013 <em>Rustic\u0103<\/em> \u2022 Veronica CHIRIB\u0102U \u2013 <em>Prim\u0103verii<\/em> \u2022 C. BOR\u015e \u2013 <em>T\u00e2lcuirea\nlui Har. Mih\u0103ilescu<\/em> \u2022 M. COJOCARU \u2013 <em>C\u0103r\u0163i. Reviste<\/em>.<\/p>\n\n\n\n<p><strong>An. VIII, nr. 5, mai, 1942<\/strong><\/p>\n\n\n\n<p><strong>Num\u0103r \u00eenchinat \u00eenv\u0103\u0163\u0103torilor din jude\u0163ul Neam\u0163 c\u0103zu\u0163i pe\nc\u00e2mpul de onoare<\/strong><\/p>\n\n\n\n<p>\u2022 Mihai\nAVADANEI \u2013 <em>\u00cenv\u0103\u0163\u0103tori ai poporului \u015fi\neroi ai Patriei<\/em> \u2022 Protoiereu I. C. MANOILESCU \u2013 <em>Biserica \u015fi eroii neamului<\/em> \u2022 Lt. Gh. SAVINESCU \u2013 <em>Scrisoare de pe front<\/em> \u2022 APOSTOLUL \u2013 <em>Gheorghe Savinescu, Mihai Cojocaru, Vasile Gh, Vasiliu, Vasile I.\nVasiliu, Ioan Darie, Nicolae G\u0103in\u0103, Lauren\u0163iu Popa, Gavril Simionescu, Neculai\nOblon, Vasile Mustea, Nicolae Lupa\u015fcu, Petru Cimpoe\u015fu, Mitru, Ioan\nSt\u0103nciulescu, Mihai Nanea, Ver\u015fteanu, Constantin Vlase<\/em> \u2022 Mihai DAVID (Ghind\u0103oani) \u2013 <em>Vasile Catan\u0103<\/em> \u2022 \u00cenv. N. MIH\u0102ESCU \u2013 <em>Ion Popescu<\/em> (<em>Apopei<\/em>), <em>Un erou: lt rez. Spiridon Barcan<\/em> \u2022 Const. TICA \u2013 <em>Ioan. Al. Criv\u0103\u0163<\/em> \u2022 Vasile IOVU (\u0162ibucani) \u2013 <em>Eroul \u00eenv\u0103\u0163\u0103tor Gherasim D. Ioan<\/em> \u2022 Ioan ARN\u0102UTU \u2013 <em>Un m\u0103nunchi de eroi nem\u0163eni<\/em> \u2022 Mihai COJOCARU \u2013 <em>Scrisoare de pe front<\/em> \u2022 Vlad VASILE \u2013 <em>Scrisoare de pe front<\/em> \u2022 D. A. GHEORGHI\u0162\u0102 \u2013 <em>Testamentul unui erou<\/em> \u2022 Pr. Mihai GAVRILESCU, insp. \u015fcolar C. PRICOP,\nAs. \u00cenv. Mihail AVADANEI \u2013 <em>Comemorarea\n\u00eenv\u0103\u0163\u0103torilor eroi, din jud. Neam\u0163, dela 29 Martie 1942<\/em> \u2022 Adunarea General\u0103 a Asocia\u0163iei \u00cenv\u0103\u0163\u0103torilor\n\u2013 <em>TELEGRAME c\u0103tre Regele Mihai I, Mare\u015fal\nIoan Antonescu, Prim-Ministru Mihai Antonescu, Ministrul Culturii Ioan\nPetrovici<\/em>. <\/p>\n\n\n\n<p><strong>An. VIII, nr. 6-7, iunie-iulie, 1942<\/strong><\/p>\n\n\n\n<p>\u2022 Teodor\nIACOBESCU \u2013 <em>Cuv\u00e2nt \u00een numele Asoc.\nGenerale rostit la Adunarea dela19 martie 1942<\/em> \u2022 C. TUDOSE \u2013 <em>Cultura general\u0103 \u015fi cea profesional\u0103 \u00een \u015fcoala normal\u0103<\/em> \u2022 Leon MREJERIU \u2013 <em>C\u00e2teva mijloace de ridicare a satului<\/em> \u2022 Z. MUNTEANU \u2013 <em>Mama<\/em> (versuri) \u2022 Mihail AVADANEI \u2013 \u2020<em>Profesorul Panaite Popovici<\/em> \u2022 Alexandru GHEORGHIU \u2013 <em>Zulnia Is\u0103cescu<\/em> (<em>Amintiri<\/em>)\n\u2022 Arhim. DARIE\n\u2013 <em>Sonet<\/em> \u2022 Aurel A. ROTUNDU \u2013 <em>Al patrulea r\u0103zboi punic<\/em> \u2022 Ioan AGAPESCU \u2013 \u2020<em>Soldat erou Vlad Vasile \u2013 \u00eenv\u0103\u0163\u0103tor<\/em> \u2022 Ioan BORDEIANU \u2013 <em>Scrisoare c\u0103tre tata<\/em> (versuri) \u2022 St. POPOVICI-DR\u0102GU\u015eENI \u2013 <em>R\u0103zboiul sf\u00e2nt<\/em> (versuri) \u2022 N. MIH\u0102ILESCU \u2013 <em>Un fiu al Bucovinei c\u0103zut pentru eliberarea ei<\/em> \u2022 Cpt. Nicu NOHAI \u2013 \u2020<em>Vasile Gavrilescu. Arma<\/em> \u2022 Virgil M. HARITON \u2013 <em>Pastel<\/em> \u2022 N. A. \u2013 <em>Ioan Stroia<\/em>\n\u2022 Neculai STE\u0162CU\n\u2013 <em>Note despre Wilhelm de Kotzebue<\/em> \u2022 M. A. \u015fi M. D. \u2013 <em>Fapte. Idei. Oameni. Discu\u0163ii<\/em> \u2022 Const. TURCU, C. TUDOSE, D. CIORNEI \u2013 <em>C\u0103r\u0163i. Reviste. Publica\u0163ii<\/em>.<\/p>\n\n\n\n<p><strong>An. VIII, nr. 8-10, AUGUST-OCTOMBRIE, 1942<\/strong><\/p>\n\n\n\n<p>\u2022 Constantin\nLUCHIAN \u2013 <em>Jertfa lor<\/em> \u2022 Leon MREJERIU \u2013 <em>Scrisoare deschis\u0103 d-lui Tutoveanu<\/em> \u2022 Apostol D. CULEA \u2013 <em>Vitele<\/em> (<em>grup de lec\u0163ii pentru\n\u015fcoalele \u0163\u0103r\u0103ne\u015fti<\/em>) \u2022 Econ. D. FURTUN\u0102 \u2013 <em>\u015ei totu\u015fi \u2013 ast\u0103zi este mai bine<\/em> \u2022 N. A. \u2013 \u2020<em>C.\nFulger<\/em> \u2022 Ion BORDEIANU \u2013 <em>Celor\nc\u0103zu\u0163i<\/em> (versuri) \u2022 Frunta\u015f Matei GHEORGHE \u2013 <em>R\u0103nitul<\/em> (versuri) \u2022 M. DAVID (Ghind\u0103oani) \u2013 \u2020<em>Nicolae Nic\u0103u<\/em> \u2022 Virgil M. HARITON \u2013 <em>Ploaie de abecedar<\/em> (versuri) \u2022 Nicu\u015for MIH\u0102ILESCU \u2013 <em>Spovedania lui mo\u015f St\u0103nic\u0103<\/em> \u2022 *** \u2013 \u2020<em>Gheorghe\nPopescu<\/em> \u2022 Arhim. DARIE \u2013 <em>Viea\u0163a<\/em>\n(versuri) \u2022 M. DAVID\n(Ghind\u0103oani) \u2013 <em>Ardealul<\/em> (versuri) \u2022 C. TUDOSE \u2013 <em>Revista de psihologie a Institutului de psihologie experimental\u0103 a\nuniversit\u0103\u0163ii Cluj-Sibiu<\/em> \u2022 MATURIADE \u2013 <em>Fapte. Oameni. Idei. Discu\u0163ii<\/em> \u2022 C. TUDOSE \u2013 <em>C\u0103r\u0163i. Reviste. Publica\u0163ii<\/em>.<\/p>\n\n\n\n<p><strong>An. VIII, nr. 11-12; an. IX, nr 1-2, noiembrie\n1942-aprilie 1943<\/strong><\/p>\n\n\n\n<p>\u2022 Mihai\nAVADANEI \u2013 <em>\u00cenvierea<\/em> \u2022 Al. LASCAROV-MOLDOVEANU \u2013 <em>Cuvinte pentru \u00eenv\u0103\u0163\u0103torii nem\u0163eni<\/em> \u2022 Virgil DOBRESCU \u2013 <em>Mijloace pentru ridicarea satelor<\/em> \u2022 Aurel A. ROTUNDU \u2013 <em>\u00cenceputuri<\/em> \u2022 N. A. BADEA \u2013 <em>Inim\u0103\nde r\u0103ze\u015f<\/em> (teatru s\u0103tesc) \u2022 Arhm. DARIE \u2013 <em>Ieri \u2013 amenin\u0163\u0103ri de nouri. A\u0163i alungat departe. Lupt\u0103m \u015fi pentru al\u0163ii.<\/em>\n(<em>versuri<\/em>) \u2022 Maria D. BOGDAN \u2013 <em>Munc\u0103 plin\u0103 de spor pe ogorul \u015fcoalei<\/em> \u2022 Virgil M. HARITON \u2013 <em>Colind\u0103 de viteji. Cr\u0103ciunul<\/em> (<em>versuri<\/em>)\n\u2022 Aurelia Gh.\nANDREIESCU \u2013 <em>Pipirig \u2013 Dezvoltarea\ngustului de frumos \u015fi cur\u0103\u0163enie la elevi<\/em> \u2022 MATURIADE \u2013 <em>Problema c\u0103r\u0163ii<\/em> \u2022 Credin\u0163a COTELEANU \u2013 <em>Un vis ne\u00eemplinit<\/em> \u2022 Florica FLOREA (cl. VII-a \u015ec. Norm. fete P.\nN.) \u2013 <em>C\u00e2nd cerul z\u00e2mbe\u015fte unui osta\u015f<\/em> \u2022 Veronica CHIRIB\u0102U (cl. 8-a) \u2013 <em>G\u00e2nd de prim\u0103var\u0103. Vasul sf\u0103r\u00e2mat<\/em>\n(versuri) \u2022 Anitta Ro. \u2013\n<em>Profesoara de Rom\u00e2n\u0103<\/em> \u2022 M. DAVID (Ghind\u0103oani) \u2013 \u2020<em>Mihai Grosu<\/em> \u2022 Mihail AVADANEI \u2013\u2020<em>Gh. Teodorescu \u2013 Z\u0103ne\u015fti<\/em> \u2022 M. Z. \u2013 <em>Maria\nMo\u0163oc Tg. Neam\u0163<\/em> \u2022 MATURIADE \u2013 <em>Fapte.\nOameni. Idei. Discu\u0163ii<\/em> \u2022 Victor ANDREI \u2013 <em>Note de drum transsiberiene<\/em> \u2022 M. A. \u2013 <em>C\u0103r\u0163i.\nReviste. Publica\u0163ii<\/em> \u2022 ASOCIA\u0162IA \u00ceNV\u0102\u0162\u0102TORILOR din jud. Neam\u0163 \u2013 <em>Buletin<\/em>.<\/p>\n\n\n\n<p><strong>An. IX, nr 5-6, mai-iunie, 1943<\/strong><\/p>\n\n\n\n<p>\u2022 Petre\nBUTNARU \u2013 <em>\u00cenv\u0103\u0163\u0103tori Eroi din jud. Neam\u0163<\/em>\n\u2022 B. FRUNTE \u2013 <em>\u015ei din ad\u00e2nca g\u00e2ndului p\u0103dure<\/em> (<em>versuri<\/em>) \u2022 G. COMICESCU \u2013 <em>Punctul de vedere psihologic \u00een fundamentarea programelor \u015fcolare<\/em> \u2022 M. DAVID (Ghind\u0103oani) \u2013 \u2020<em>V. Popovici \u2013 B\u0103l\u0163\u0103te\u015fti<\/em> \u2022 B. FRUNTE \u2013 <em>Slujba<\/em> (versuri) \u2022 Valeriu STUPCANU \u2013 <em>Zece Mai<\/em> \u2022 M. A. \u2013 <em>Examenele\nde definitivat \u015fi gr. II<\/em> \u2022 Gh. T. CIOBANU \u2013 <em>Din \u00eenv\u0103\u0163\u0103m\u00e2ntul matematicei \u00een \u015fcoala primar\u0103<\/em> \u2022 Mihai AVADANEI \u2013 <em>Elogiul Armatei Rom\u00e2ne<\/em> \u2022 M. DAVID (Ghind\u0103oani) \u2013 <em>Mereu \u00eenv\u0103\u0163\u0103torii. Forumul umbrelor<\/em> \u2022 G. CIOBANU \u2013 <em>Pe marginea \u00eendrum\u0103torului pentru cursul superior primar<\/em> \u2022 M. A. \u2013 <em>Realit\u0103\u0163i\npedagogice actuale<\/em> \u2022 M. DAVID (Ghind\u0103oani) \u2013 <em>Copilul. Lumin\u0103torii. Convorbiri didactice. G\u00e2ndirea<\/em> \u2022 D. A. GHEORGHI\u0162\u0102 \u2013 <em>Revista general\u0103 a \u00eenv\u0103\u0163\u0103m\u00e2ntului<\/em> \u2022 <em>Dela Redac\u0163ia Revistei<\/em>.<\/p>\n\n\n\n<p><strong>An. IX, nr 7-9, iulie-septemvrie, 1943<\/strong><\/p>\n\n\n\n<p>\u2022 D. V. \u0162ONI \u2013\n<em>Caracteristica \u00eenv\u0103\u0163\u0103torului rom\u00e2n:\nEroismul<\/em> \u2022 Alexandru GHEORGHIU \u2013 <em>\u00cenv\u0103\u0163\u0103torul\n\u00een cultura Rom\u00e2neasc\u0103<\/em> \u2022 M. DAVID (Ghind\u0103oani) \u2013 <em>R\u0103splat\u0103. Compensa\u0163ie<\/em> (versuri) \u2022 Ludmila FLOREA GU\u0162ULEANU \u2013 <em>Vino \u00een mijlocul Codrului<\/em> (versuri) \u2022 Octav SARGE\u0162IU \u2013 <em>Sf\u00e2r\u015fit de Var\u0103<\/em> (<em>versuri<\/em>)\n\u2022 N. BADEA \u2013 <em>Sear\u0103 de Duminic\u0103<\/em> (versuri) \u2022 Eugeniu N. MACOVEI \u2013 <em>\u00cenv\u0103\u0163\u0103torii<\/em> \u2022 D. A. GHEORGHI\u0162\u0102 \u2013 <em>\u00centre\u0163inerea material\u0103 a \u015fcoalelor primare<\/em> \u2022 M. David (Ghind\u0103oani) \u2013 <em>Al Lascarov-Moldovanu<\/em> (<em>Sus\ninimile; Via\u0163a Sf. Ioan cel Nou<\/em>); <em>Mihai\nConstantinescu<\/em> (<em>Morm\u00e2ntul uria\u015filor<\/em>)\n\u2022 B. FRUNTE \u2013 <em>Voin\u0163a \u015fcoalei, Revista Bucovinei<\/em> (An\nII, nr. 8); <em>Viea\u0163a Basarabiei<\/em> (An. XII,\nnr. 6); <em>Convorbiri Literare<\/em> (An 76,\nnr. 1-2) \u2022 <em>Buletinul Asocia\u0163iei \u00cenv\u0103\u0163\u0103torilor din jude\u0163ul\nNeam\u0163<\/em>.<\/p>\n","protected":false},"excerpt":{"rendered":"<p>Un ochi c\u00e2rcota\u015f ar putea spune c\u0103 acest sumar e o umplere gratuit\u0103 a paginilor revistei. Gre\u015fit. De la cele 24 de pagini tradi\u0163ionale, num\u0103rul a fost suplimentat la 28, \u015fi va r\u0103m\u00e2ne a\u015fa p\u00e2n\u0103 ne termin\u0103m treaba. Probabil pu\u0163in\u0103&hellip;<\/p>\n<p class=\"more-link-p\"><a class=\"more-link\" href=\"http:\/\/www.slineamt.ro\/apostolul\/lectia-de-istorie\/sumarul-revistei-apostolul-revista-didactica-si-literara-seria-veche\/\">Read more &rarr;<\/a><\/p>\n","protected":false},"author":1,"featured_media":0,"comment_status":"open","ping_status":"closed","sticky":false,"template":"","format":"standard","meta":{"footnotes":""},"categories":[6,435],"tags":[],"class_list":["post-20371","post","type-post","status-publish","format-standard","hentry","category-lectia-de-istorie","category-numarul-232"],"_links":{"self":[{"href":"http:\/\/www.slineamt.ro\/apostolul\/wp-json\/wp\/v2\/posts\/20371","targetHints":{"allow":["GET"]}}],"collection":[{"href":"http:\/\/www.slineamt.ro\/apostolul\/wp-json\/wp\/v2\/posts"}],"about":[{"href":"http:\/\/www.slineamt.ro\/apostolul\/wp-json\/wp\/v2\/types\/post"}],"author":[{"embeddable":true,"href":"http:\/\/www.slineamt.ro\/apostolul\/wp-json\/wp\/v2\/users\/1"}],"replies":[{"embeddable":true,"href":"http:\/\/www.slineamt.ro\/apostolul\/wp-json\/wp\/v2\/comments?post=20371"}],"version-history":[{"count":1,"href":"http:\/\/www.slineamt.ro\/apostolul\/wp-json\/wp\/v2\/posts\/20371\/revisions"}],"predecessor-version":[{"id":20383,"href":"http:\/\/www.slineamt.ro\/apostolul\/wp-json\/wp\/v2\/posts\/20371\/revisions\/20383"}],"wp:attachment":[{"href":"http:\/\/www.slineamt.ro\/apostolul\/wp-json\/wp\/v2\/media?parent=20371"}],"wp:term":[{"taxonomy":"category","embeddable":true,"href":"http:\/\/www.slineamt.ro\/apostolul\/wp-json\/wp\/v2\/categories?post=20371"},{"taxonomy":"post_tag","embeddable":true,"href":"http:\/\/www.slineamt.ro\/apostolul\/wp-json\/wp\/v2\/tags?post=20371"}],"curies":[{"name":"wp","href":"https:\/\/api.w.org\/{rel}","templated":true}]}}