{"id":20384,"date":"2020-09-18T11:41:18","date_gmt":"2020-09-18T11:41:18","guid":{"rendered":"http:\/\/www.slineamt.ro\/apostolul\/?p=20384"},"modified":"2020-09-18T11:41:18","modified_gmt":"2020-09-18T11:41:18","slug":"rememorari-nemtene-29","status":"publish","type":"post","link":"http:\/\/www.slineamt.ro\/apostolul\/lectia-de-istorie\/rememorari-nemtene-29\/","title":{"rendered":"Rememor\u0103ri nem\u0163ene"},"content":{"rendered":"\n<p><br><\/p>\n\n\n\n<p>Septembrie\n2020<\/p>\n\n\n\n<p>\u25a0 7\/1850 \u2013\nn. <strong>Constantin I. Istrati<\/strong>, la Roman\n(d. 29. 01. 1918, Paris), profesor universitar, doctor \u00een medicin\u0103 (1877) \u015fi \u00een\nchimie (1885), membru (1899) \u015fi pre\u015fedinte al Academiei Rom\u00e2ne (1916-1918). A\nurmat \u015ecoala de Medicin\u0103 Bucure\u015fti. Specializare \u00een Fran\u0163a (1879), profesor la\nFacultatea de Medicin\u0103 Bucure\u015fti \u015fi la Facultatea de Chimie Organic\u0103. Autor a\nnumeroase studii \u015fi lucr\u0103ri \u015ftiin\u0163ifice din domeniul chimiei. A \u00eenfiin\u0163at\nSocietatea Rom\u00e2n\u0103 de \u015etiin\u0163e (1890) \u015fi a editat primul num\u0103r al Buletinului\nacesteia (1892). Autor al biografiilor: Carol Davilla, Ion Ghica, Gheorghe\nAsachi, Theodor Aman. A fost deputat, senator, primar al Capitalei, ministru \u00een\nmai multe domenii.<\/p>\n\n\n\n<p>\u25a0 7\/1919 \u2013\nn. <strong>Tereza Gogu-Ungureanu<\/strong>, la\nPiatra-Neam\u0163 (d. 2008, Piatra-Neam\u0163), profesoar\u0103, artist plastic, absolvent\u0103 a\nAcademiei de Arte Frumoase, Ia\u015fi. A debutat la \u201eSaloanele Moldovei\u201d. Ia\u015fi (1941)\n\u2013 Premiul pentru acuarela \u201eVictorie\u201d \u015fi portretul \u201eMo\u015ful\u201d. A expus, \u00een acela\u015fi\ncadru, p\u00e2n\u0103 \u00een 1943. Prima expozi\u0163ie personal\u0103, la Piatra-Neam\u0163 (1950), urmat\u0103\nde alte 30. Profesoar\u0103, la Roznov, Casa Pionierilor din Piatra-Neam\u0163. Dup\u0103\n1990, este prezent\u0103 la expozi\u0163iile Filialei U. A. P. Neam\u0163. A donat tabloul\n\u201e\u015etefan cel Mare \u015fi Sf\u00e2nt\u201d Muzeului Na\u0163ional Militar, iar portretul Sidoniei\nHoga\u015f Muzeului \u201eCalistrat Hoga\u015f\u201d, Piatra-Neam\u0163. <\/p>\n\n\n\n<p>\u25a0 10\/1951 n.\n<strong>Gabriel Plosc\u0103<\/strong>, inginer, profesor,\nlider sindical, <strong>director general al\nrevistei <em>Apostolul<\/em><\/strong>. Absolvent al\nInstitutului Politehnic \u201eTraian Vuia\u201d din Timi\u015foara, gradul didactic I \u00een \u00eenv\u0103\u0163\u0103m\u00e2nt\nacordat de Universitatea Politehnic\u0103 Bucure\u015fti (1993). Profesor la Colegiul\nTehnic \u201ePetru Poni\u201d (1976-2008), membru \u00een comisia na\u0163ional\u0103 de chimie\nindustrial\u0103, specialist \u00een elaborarea de standarde ocupa\u0163ionale, evaluator de\nmanuale \u015fi autor de manuale \u015fcolare. Participare la cursuri, seminarii \u015fi\nprograme de formare europene: \u201eProhibition of Discrimination to Promotinng Equality\u201d\norganizat de ILO-ITUC, \u201eDialog social \u00een Rom\u00e2nia \u015fi \u00een Uniunea European\u0103. Locul\n\u015fi rolul partenerilor sociali\u201d, organizat de Institutul de Formare Economic\u0103 \u015fi\nSocial\u0103 etc. (1997-2010). Vicepre\u015fedinte al SLLICS Neam\u0163 (1991-2008), apoi\npre\u015fedinte, din 2008 \u2013 prezent. Vicepre\u015fedinte al FSLI, coordoneaz\u0103\nDepartamentul pentru \u00cenv\u0103\u0163\u0103m\u00e2nt Profesional \u015fi Tehnic \u015fi Departamentul Proiecte\n\u015fi Formare (2002-prezent). Pre\u015fedinte al Uniunii Jude\u0163ene a Sindicatelor\nDemocratice Neam\u0163 (2000-prezent) etc. Manager de proiect POSDRU \u015fi manager de\nproiect Leonardo da Vinci (2011-2014). <\/p>\n\n\n\n<p>\u25a0 11\/1930 \u2013\nn. <strong>Eduard Covali<\/strong>, la Orhei,\nBasarabia (d. 2. 11. 2002, Piatra-Neam\u0163), teatrolog, scriitor. (Detalii pag.\n19, 20, 21, 22)<\/p>\n\n\n\n<p>\u25a0 15\/1916 \u2013\nn. <strong>Constantin-Virgil Gheorghiu<\/strong>, la\nR\u0103zboieni, Neam\u0163 (d. 22. 06. 1992, Paris), poet, prozator, reporter. A absolvit\nFacultatea de Litere \u015fi Filozofie, Bucure\u015fti (1940). Debut cu versuri \u00een\n\u201eBilete de papagal\u201d \u015fi editorial, cu \u201eVia\u0163a de toate zilele\u201d (1937). \u00cen 1963,\neste hirotonit ca preot al Bisericii Ortodoxe Rom\u00e2ne din Paris. C\u0103r\u0163i \u00een \u0163ar\u0103:\n\u201eArd malurile Nistrului\u201d, \u201eCu submarinul la asediul Sevas\u00adtopolului\u201d, \u201eCeasul\nde rug\u0103ciune\u201d, \u201eAm luptat \u00een Crimeea\u201d, \u201eUltima or\u0103\u201d (traduse \u00een limba rom\u00e2n\u0103),\n\u201eLa Vingt-cinqui\u00e8me heure\u201d, \u201eLa Cravache\u201d, \u201eLa Maison de Petrodava\u201d, \u201ePerahim\u201d\n\u015fi multe altele. <\/p>\n\n\n\n<p>\u25a0 16\/1990,\nd. <strong>Aurel Dumitra\u015fcu<\/strong>, poet (n. 21.\n11. 1955, Sabasa, Borca, Neam\u0163).<\/p>\n\n\n\n<p>\u25a0 18\/1960 \u2013\nn. <strong>Ada Popovici<\/strong>, la Ia\u015fi,\nprofesoar\u0103, eseist\u0103, publicist\u0103. Studii de filologie, regie de teatru, film \u015fi\ntv., jurnalistic\u0103. Doctor, magna cum laud\u00e6, \u00een \u015ftiin\u0163e filologice (2007),\nprofesor la Colegiul Tehnic \u201eGheorghe Cartianu\u201d din Piatra-Neam\u0163. Numeroase\nparticip\u0103ri la simpozioane, conferin\u0163e \u015fi colocvii na\u0163ionale \u015fi interna\u0163ionale.\nColabor\u0103ri: \u201eApostolul\u201d; \u201eMonitorul cultural \u015fi artistic de Neam\u0163\u201d; \u201eConvorbiri\nliterare\u201d, Revista noastr\u0103\u201d (ASTRA) \u015f. a. C\u0103r\u0163i: \u201ePoezia rom\u00e2neasc\u0103. Studiu\nteoretic \u015fi aplicativ\u201d; \u201eLimbajul dramatic \u015fi orizontul de a\u015fteptare estetic\u0103\u201d;\n\u201eRug\u0103ciuni pentru cei mici\u201d, \u201eLimb\u0103 \u015fi literatur\u0103 rom\u00e2n\u0103. Comunicare. Proz\u0103.\nDramaturgie\u201d; \u201eAlfabetul din pove\u015fti\u201d.<\/p>\n\n\n\n<p>\u25a0 19\/1953 \u2013\nn. <strong>Viorel Nicolau<\/strong>, inginer, editor,\nanticar, filatelist, publicist. A absolvit Facultatea Tehnologia Construc\u0163iilor\nde Ma\u015fini, Bra\u015fov, inginer la I. M. \u201eCeahl\u0103u\u201d \u015fi profesor-inginer la Grupul\n\u015ecolar de Construc\u0163ii. Din 1991, devine librar, anticar, atestat de Ministerul\nCulturii. A \u00eenfiin\u0163at, \u00een Piatra-Neam\u0163, prima libr\u0103rie-anticariat privat\u0103. Este\nrecunoscut ca un bun colec\u0163ionar de c\u0103r\u0163i po\u015ftale ilustrate. Organizator a\npeste dou\u0103zeci de edi\u0163ii ale Simpozionului na\u0163ional de cartofilie de la\nPiatra-Neam\u0163; este pre\u015fedinte al Asocia\u0163iei Filateli\u015ftilor Neam\u0163. A editat sute\nde c\u0103r\u0163i (prin propria-i editur\u0103 \u201eCetatea Doamnei\u201d), autor, coautor sau\ncolaborator la peste 30 de c\u0103r\u0163i, \u00eengrijitor de edi\u0163ii. Colaborator la toate\npublica\u0163iile din Neam\u0163. <\/p>\n\n\n\n<p>\u25a0 22\/1974 \u2013\nn. <strong>Mihai Floroaia<\/strong>, profesor la\nColegiul Tehnologic \u201eSpiru Haret\u201d. Licen\u0163iat al Universit\u0103\u0163ii \u201eAl. I. Cuza\u201d\nIa\u015fi (1997). Doctor \u00een Teologie (2010). C\u0103r\u0163i: <em>Inchizi\u0163ia \u00eentre mit \u015fi realitate<\/em> (2016), Inchizi\u0163ia \u00een Europa\n(2001), <em>Rolul metodei didactice \u00een\n\u00eenv\u0103\u0163\u0103m\u00e2ntul religios<\/em>, Piatra-Neam\u0163 (2004). Stagii de cercetare doctoral\u0103\n\u015fi postdoctoral\u0103 la Universitatea Catolic\u0103 din Louvain-la-Neuve (Belgia), la\nUniversitatea Mis\u00e9ricorde din Fribourg (Elve\u0163ia) \u015fi \u201eBabe\u015f-Bolyai\u201d Cluj-Napoca.\nFormator-consilier ARACIP. Membru al Uniunii Ziari\u015ftilor Profesioni\u015fti,\nredactor al revistei <em>Apostolul<\/em>\n(2010). <\/p>\n\n\n\n<p>\u25a0 26\/2000 \u2013\nd. <strong>C\u0103t\u0103lin-Florin Stupcanu<\/strong>, la\nCeahl\u0103u, profesor, ziarist, scriitor (n. 2. 04. 1938, Filioara, Agapia)<\/p>\n\n\n\n<p>\u25a0 27\/1937 \u2013\nn. <strong>Nicolae Florian<\/strong>, la V\u00e2n\u0103tori-Neam\u0163,\n\u00eenv\u0103\u0163\u0103tor, animator cultural, publicist, absolvent al \u015ecolii Pedagogice din\nPiatra-Neam\u0163 (1956, \u015fef de promo\u0163ie). A predat la \u015fcolile din: P\u0103str\u0103veni,\nBoi\u015ftea, Petricani, Lunca (director), V\u00e2n\u0103tori-Neam\u0163. A fost director al\nC\u0103minului Cultural (1968-1978); primar (1990-1992) \u015fi consilier comunal p\u00e2n\u0103 \u00een\n2008. Cet\u0103\u0163ean de onoare al comunei natale (2007). Colabor\u0103ri: revista\n\u201eApostolul\u201d. Este autor al \u201eMonografiei Comunei V\u00e2n\u0103tori-Neam\u0163\u201d (2006).<\/p>\n\n\n\n<p>\u25a0 27\/1948 \u2013\nn. <strong>Constantin Ardeleanu<\/strong>, la Tazl\u0103u,\nscriitor, absolvent al Facult\u0103\u0163ii de Studii Economice din Ia\u015fi. Colaborator al\nmultor reviste, \u00een care au fost inserate peste 1. 000 de articole \u015fi cronici.\nMai multe premii literare pentru proz\u0103. Membru al Societ\u0103\u0163ii Scriitorilor\nMilitari, al U. Z. P. \u015fi al Societ\u0103\u0163ii Scriitorilor din Jude\u0163ul Neam\u0163. Cet\u0103\u0163ean\nde onoare al Comunei Tazl\u0103u. C\u00e2teva titluri: \u201eH\u00e2trii Tazl\u0103ului\u201d, \u201eTimpuri\ninteresante\u201d; \u201eTrif\u201d, \u201eChetronia\u201d, \u201eStenogramele unui ata\u015fat militar\u201d, \u201eH\u0103ituirea\u201d;\n\u201eIubiri ve\u015ftejite\u201d, \u201eBizarul bazar al Fortunei\u201d; \u201eHronicul hergheliilor\nhoinare\u201d; \u201eGilberti\u201d; \u201eInfernul de cear\u0103\u201d; \u201eStrada Bl\u0103nari 18, col\u0163 cu\nDoamnei\u201d; \u201eTazl\u0103u, un sfert de infinit\u201d \u015f. a.<\/p>\n\n\n\n<p>\u25a0 30. 09.\n1909 \u2013 n. <strong>Max Blecher<\/strong>, la Boto\u015fani\n(d. 30. 05. 1938), scriitor, a frecventat Liceul din Roman, bacalaureat la\nParis. \u00cen 1928, i s-a descoperit Boala lui Pott, care a progresat. Spre\nsf\u00e2r\u015fitul anului 1934, se retrage la Roman, va continua s\u0103 scrie \u015fi s\u0103\nurm\u0103reasc\u0103 evolu\u0163ia vie\u0163ii literare din \u0163ar\u0103 \u015fi din str\u0103in\u0103tate. Se define\u015fte\nca adept al filosofiei lui S. Kierkegaard, iar prin opera literar\u0103 se \u00eenscrie\n\u00een ceea ce numim suprarealism. A debutat \u00een \u201eBilete de papagal\u201d (1930). A mai\ncolaborat la \u201eLe Sur\u00e9alisme au service de la r\u00e9volution\u201d \u015fi \u201eFeuillets inutiles\u201d\n(Paris), \u201eAdam\u201d, \u201eAdev\u0103rul literar \u015fi artistic\u201d, \u201eVia\u0163a rom\u00e2neasc\u0103\u201d, \u201eLumea\nrom\u00e2neasc\u0103\u201d, \u201eVremea\u201d. Volumul de debut \u201eCorp transparent\u201d. Alte c\u0103r\u0163i:\n\u201e\u00cent\u00e2mpl\u0103ri \u00een irealitatea imediat\u0103\u201d \u201eInimi cicatrizate\u201d.<\/p>\n\n\n\n<p><strong><em>Constantin\nTOM\u015eA<\/em><\/strong><\/p>\n","protected":false},"excerpt":{"rendered":"<p>Septembrie 2020 \u25a0 7\/1850 \u2013 n. Constantin I. Istrati, la Roman (d. 29. 01. 1918, Paris), profesor universitar, doctor \u00een medicin\u0103 (1877) \u015fi \u00een chimie (1885), membru (1899) \u015fi pre\u015fedinte al Academiei Rom\u00e2ne (1916-1918). A urmat \u015ecoala de Medicin\u0103 Bucure\u015fti.&hellip;<\/p>\n<p class=\"more-link-p\"><a class=\"more-link\" href=\"http:\/\/www.slineamt.ro\/apostolul\/lectia-de-istorie\/rememorari-nemtene-29\/\">Read more &rarr;<\/a><\/p>\n","protected":false},"author":1,"featured_media":0,"comment_status":"open","ping_status":"closed","sticky":false,"template":"","format":"standard","meta":{"footnotes":""},"categories":[6,435],"tags":[],"class_list":["post-20384","post","type-post","status-publish","format-standard","hentry","category-lectia-de-istorie","category-numarul-232"],"_links":{"self":[{"href":"http:\/\/www.slineamt.ro\/apostolul\/wp-json\/wp\/v2\/posts\/20384","targetHints":{"allow":["GET"]}}],"collection":[{"href":"http:\/\/www.slineamt.ro\/apostolul\/wp-json\/wp\/v2\/posts"}],"about":[{"href":"http:\/\/www.slineamt.ro\/apostolul\/wp-json\/wp\/v2\/types\/post"}],"author":[{"embeddable":true,"href":"http:\/\/www.slineamt.ro\/apostolul\/wp-json\/wp\/v2\/users\/1"}],"replies":[{"embeddable":true,"href":"http:\/\/www.slineamt.ro\/apostolul\/wp-json\/wp\/v2\/comments?post=20384"}],"version-history":[{"count":1,"href":"http:\/\/www.slineamt.ro\/apostolul\/wp-json\/wp\/v2\/posts\/20384\/revisions"}],"predecessor-version":[{"id":20385,"href":"http:\/\/www.slineamt.ro\/apostolul\/wp-json\/wp\/v2\/posts\/20384\/revisions\/20385"}],"wp:attachment":[{"href":"http:\/\/www.slineamt.ro\/apostolul\/wp-json\/wp\/v2\/media?parent=20384"}],"wp:term":[{"taxonomy":"category","embeddable":true,"href":"http:\/\/www.slineamt.ro\/apostolul\/wp-json\/wp\/v2\/categories?post=20384"},{"taxonomy":"post_tag","embeddable":true,"href":"http:\/\/www.slineamt.ro\/apostolul\/wp-json\/wp\/v2\/tags?post=20384"}],"curies":[{"name":"wp","href":"https:\/\/api.w.org\/{rel}","templated":true}]}}