{"id":20386,"date":"2020-09-18T11:42:17","date_gmt":"2020-09-18T11:42:17","guid":{"rendered":"http:\/\/www.slineamt.ro\/apostolul\/?p=20386"},"modified":"2020-09-18T11:42:17","modified_gmt":"2020-09-18T11:42:17","slug":"rememorari-nemtene%ef%bb%bf","status":"publish","type":"post","link":"http:\/\/www.slineamt.ro\/apostolul\/lectia-de-istorie\/rememorari-nemtene%ef%bb%bf\/","title":{"rendered":"Rememor\u0103ri nem\u0163ene\ufeff"},"content":{"rendered":"\n<p><br><\/p>\n\n\n\n<p>August 2020<\/p>\n\n\n\n<p>\u25a0 2\/1891 \u2013\nn. <strong>Mihail Jora<\/strong>, la Roman (d. 10. 05.\n1971, Bucure\u015fti), compozitor, dirijor, membru al Academiei Rom\u00e2ne (1955). A\nabsolvit Conservatorul \u015fi Facultatea de Drept, Ia\u015fi, Conservatorul din Leipzig.\nA fost: director muzical (Radiodifuziunea Rom\u00e2n\u0103), consilier artistic\n(Filarmonica \u015fi Opera Rom\u00e2n\u0103), rector al Conservatorului, dirijor, pianist.\nFondator al Societ\u0103\u0163ii Compozitorilor Rom\u00e2ni; membru al Institutului \u201eMax\nReger\u201d din Bonn (1948). Crea\u0163ia: balete (\u201eCurtea veche\u201d, \u201eLa pia\u0163\u0103\u201d, \u201eC\u00e2nd\nstrugurii se coc\u201d \u015f. a.), suita simfonic\u0103 \u201ePriveli\u015fti moldovene\u015fti\u201d (\u015fi un\nmotiv melodic din folclor: \u201ePe malul Tazl\u0103ului\u201d), poeme simfonice (\u201ePoveste\nindic\u0103\u201d, \u201eBurlesc\u0103\u201d), \u201eSimfonia \u00een do\u201d, \u201eBalada pentru bariton \u015fi orchestr\u0103\u201d,\nmuzic\u0103 de camer\u0103 (\u201eCvartetul de coarde\u201d) lieduri, pe versuri ale poe\u0163ilor\nrom\u00e2ni \u015f. a. <\/p>\n\n\n\n<p>\u25a0 4\/1931 \u2013\nn. <strong>Nicolae Ciobanu<\/strong>, la B\u0103lu\u015fe\u015fti,\nGirov, Neam\u0163 (d. 27. 11. 1987, Bucure\u015fti), scriitor. A absolvit Facultatea de\nFilologie, Bucure\u015fti. A lucrat: \u00een redac\u0163ia Revistei \u201eScrisul b\u0103n\u0103\u0163ean\u201d,\nTimi\u015foara, apoi, profesor \u00een D\u00e2mbovi\u0163a (1960-1962), revenit \u00een redac\u0163ia de la\nTimi\u015foara, asistent, lector la Universitate. Va pleca la Bucure\u015fti (1968), la\nTVR, redactor la \u201eLuceaf\u0103rul\u201d (1971) \u015fi director al Muzeului Literaturii Rom\u00e2ne\n(din 1985). Doctor \u00een filologie (1971). Debut \u00een \u201eGazeta literar\u0103\u201d (1956).\nColabor\u0103ri la revistele literare, cu rubricile: \u201ecronica literar\u0103\u201d, \u201eretrospective\u201d,\n\u201ecartea de debut\u201d. A debutat editorial cu \u201eNuvela \u015fi povestirea contemporan\u0103\u201d\n(1967). Alte c\u0103r\u0163i: \u201eIonel Teodoreanu. Via\u0163a \u015fi opera\u201d; \u201ePanoramic\u201d; \u201eCritica\n\u00een prima instan\u0163\u0103\u201d; \u201eIncursiuni critice\u201d; \u201e\u00censemne ale modernit\u0103\u0163ii\u201d; \u201e\u00cent\u00e2lnire\ncu opera\u201d; \u201eEminescu. Structurile fantasticului narativ\u201d; \u201e\u00centre imaginar \u015fi\nfantastic \u00een proza rom\u00e2neasc\u0103\u201d. <\/p>\n\n\n\n<p>\u25a0 8\/1940 \u2013\nn. <strong>Vasile Oro\u015fanu<\/strong>, Burle\u015fti, Comuna\nOn\u0163eni, Boto\u015fani, (d. 12. 01. 1995), profesor de limba \u015fi literatura rom\u00e2n\u0103,\nmuzeograf, publicist, redactor \u015fi redactor \u015fef al Ziarului \u201eCeahl\u0103ul\u201d.<\/p>\n\n\n\n<p>\u25a0 16\/1950 \u2013\nn. <strong>Mircea-Titus Romanescu<\/strong>, la\nPiatra-Neam\u0163, pictor, a absolvit Institutul Politehnic Bucure\u015fti \u015fi\nUniversitatea de Arte. Master \u00een \u201emanagement \u015fi impresariat \u00een arte vizuale\u201d,\nmembru al U. A. P. din Rom\u00e2nia, al Asocia\u0163iei Interna\u0163ionale a Arti\u015ftilor\nPlastici UNESCO \u015fi ARIPA din Torino. Expozi\u0163ii: Bac\u0103u, B\u00e2rlad, Bucure\u015fti,\nChi\u015fin\u0103u, Piatra-Neam\u0163, Timi\u015foara, Bruxelles, Vene\u0163ia, Austria, Cehia, Olanda,\nGermania. Premiul I la Festivalul Na\u0163ional \u015fi c\u00e2\u015ftig\u0103tor al Concursului\nCooymans-Covalenco. <\/p>\n\n\n\n<p>\u25a0 19\/1879 \u2013\nn. <strong>Lasc\u0103r L. Vorel<\/strong>, la Copou, Ia\u015fi\n(d. februarie 1918, M\u00fcnchen, Germania), pictor postimpresionist. \u015ei-a petrecut\nprima parte a vie\u0163ii la Piatra-Neam\u0163. Dup\u0103 studiile liceale \u015fi \u015ecoala de Arte Frumoase\ndin Ia\u015fi, lec\u0163ii de pictur\u0103 cu Alexandru D. Atanasiu, a continuat studiile \u00een\nGermania, unde s-a stabilit \u00een 1899, \u015fi a petrecut apoi o mare parte din via\u0163\u0103.\n\u00censcris la Akademie der Bildenden K\u00fcnste M\u00fcnchen (1900). Colabor\u0103ri: \u201eNea Ghi\u0163\u0103\u201d.\nExpune uleiuri \u015fi gua\u015fe \u00een cadrul Societ\u0103\u0163ii Tinerimea Artistic\u0103. Singura\nexpozi\u0163ie personal\u0103 Galeria \u201eGolz\u201d din M\u00fcnchen (1931). \u00cen prezent, Muzeul de\nArt\u0103 din Piatra-Neam\u0163 de\u0163ine o parte a lucr\u0103rilor reprezentative din crea\u0163ia\nlui Lasc\u0103r Vorel, aduse \u00een tar\u0103, dup\u0103 moartea artistului (1918). Re\u00eenhumat \u00een\nCimitirul \u201eEternitatea\u201d din Piatra-Neam\u0163, ora\u015f unde se organizeaz\u0103 Bienala de\nPictur\u0103 \u201eLasc\u0103r Vorel\u201d. <\/p>\n\n\n\n<p>\u25a0 19. 08.\n1934 \u2013 d. <strong>Nicu I. Albu<\/strong> (n. 1872,\nPiatra-Neam\u0163, avocat, func\u0163ionar de stat, publicist. A absolvit \u015ecoala Primar\u0103\nNr. 1 din localitatea natal\u0103, Liceul Internat \u015fi Facultatea de Drept din Ia\u015fi;\najutor de judec\u0103tor, apoi avocat la baroul din Piatra-Neam\u0163, secretar al\nConsiliului Jude\u0163ean (1899), ajutor de primar (1903), apoi, din 1911, avocat al\nstatului, pensionat \u00een 1929. Decorat cu \u201eCrucea Rom\u00e2niei\u201d. A publicat \u00een:\n\u201e\u00cendrumarea\u201d, \u201eBiruin\u0163a\u201d, \u201eTelegraful\u201d, \u201eAv\u00e2ntul\u201d. Autor: \u201eProba scris\u0103 \u00een\nmateria civil\u0103 \u00een dreptul roman \u015fi rom\u00e2n\u201d, Ia\u015fi, 1896.<\/p>\n\n\n\n<p>\u25a0 20. 08.\n1944, <strong>Parasca Agape<\/strong> (n. Boca), \u00een\nsatul R\u0103chi\u0163i, Jude\u0163ul Suceava. A absolvit: \u015fcoala elementar\u0103 la Boto\u015fana, o\n\u015fcoal\u0103 de surori, a lucrat \u00een domeniul sanitar, apoi Institutul de Arte\nPlastice \u201eNicolae Grigorescu\u201d Bucure\u015fti, (1975). A predat desenul \u00een \u015fcoli din\nNeam\u0163. Prima personal\u0103, la Galeria \u201eAlfa\u201d Piatra-Neam\u0163 (1981). A expus pictur\u0103\n\u015fi grafic\u0103 \u00een expozi\u0163ii personale (design vestimentar la Bicaz \u015fi Piatra-Neam\u0163),\n\u00eempreun\u0103 cu Mihai Agape \u015fi \u00een expozi\u0163ii colective organizate de Filialele Bac\u0103u\n\u015fi Neam\u0163 ale U. A. P. (1975-2014). A participat la Bienala \u201eLasc\u0103r Vorel\u201d, la\n\u201eVorone\u0163iana\u201d din Suceava, la mai multe tabere de crea\u0163ie. Lucr\u0103ri \u00een colec\u0163ii\ndin \u0163ar\u0103 \u015fi din: S.U.A., Germania, Italia, Spania, Anglia.<\/p>\n\n\n\n<p>\u25a0 20\/1975 \u2013\nn. <strong>Lucian Gogu-Craiu<\/strong>, la Piatra-Neam\u0163,\nartist plastic, absolvent al Liceului de Art\u0103 din Piatra-Neam\u0163 \u015fi al Academiei\nde Arte Vizuale \u201eGeorge Enescu\u201d din Ia\u015fi (1999). Din 2002, membru al U. A. P.\ndin Rom\u00e2nia. Personale, la Piatra-Neam\u0163. Colective \u015fi de grup: Piatra-Neam\u0163,\nT\u00e2rgu-Neam\u0163, Ia\u015fi, Bicaz, Bucure\u015fti, World Art Media, Contemporary Istambul Art\nFair \u2013 Turcia, CIGE \u2013 China International Gallery Expozition, ART Basel, Miami\nBeach, Salon Art Shopping 25 &amp; 26 Octobre 2008 \u2013 Carrousel du Louvre.\nRealizeaz\u0103 grafic\u0103 de carte \u015fi de pres\u0103. Lucr\u0103ri \u00een colec\u0163ii din \u0163ar\u0103 \u015fi\nstr\u0103in\u0103tate. <\/p>\n\n\n\n<p>\u25a0 21\/1950 \u2013\nn. <strong>Marius Alexianu<\/strong>, la Piatra-Neam\u0163,\narheolog, publicist, a absolvit Institutul de Limbi Str\u0103ine, Sec\u0163ia Limbi\nClasice, Universitatea Bucure\u015fti. Profesor \u015fi muzeograf la Piatra-Neam\u0163,\ncercet\u0103tor la Institutul Rom\u00e2n de Tracologie \u015fi cadru universitar la Ia\u015fi. Co-fondator\nal Centrului de Studii Egeo-Mediteraneene (2003) la care este director de\nstudii; membru fondator al Centrului de Studii Arheo-Istorice (din 2001); \u015feful\nsec\u0163iei etnoarheologie a Laboratorului de Arheologie aplicat\u0103 \u015fi teoretic\u0103 din\ncadrul Platformei de formare \u015fi cercetare interdisciplinar\u0103 \u00een domeniul\narheologiei \u2013 Arheoinvest, Universitatea \u201eAlexandru Ioan Cuza\u201d; \u00een redac\u0163iile\nunor reviste de specialitate. Este autorul principal al primului studiu\netnoarheologic din Rom\u00e2nia \u015fi printre pu\u0163inele din lume pe tematica\netnoarheologiei s\u0103rii. A participat la reuniuni \u015ftiin\u0163ifice na\u0163ionale\n(Piatra-Neam\u0163, Ia\u015fi, Tulcea \u015f. a.) \u015fi interna\u0163ionale: Spania, Fran\u0163a, Austria,\nItalia, Germania \u015f. a., la care a prezentat diverse lucr\u0103ri \u00een nume propriu sau\n\u00een colaborare.<\/p>\n\n\n\n<p>\u25a0 23\/1930 \u2013\nn. <strong>Alexandrina C. Negrea<\/strong>, la\nPiatra-Neam\u0163 (d. 2. 05. 2011), doctor \u00een biologie (1971), membru corespondent\nal Academiei Rom\u00e2ne, a absolvit liceul \u00een ora\u015ful natal (1949) \u015fi Facultatea de\nBiologie (un an la Ia\u015fi, apoi la Bucure\u015fti, promo\u0163ia 1953), a func\u0163ionat ca\npreparator principal la Sta\u0163iunea Hidrobiologic\u0103 din Br\u0103ila, a Universit\u0103\u0163ii\nBucure\u015fti, cercet\u0103tor \u015ftiin\u0163ific la Institutul de Speologie \u201eEmil Racovi\u0163\u0103\u201d din\nBucure\u015fti (p\u00e2n\u0103 1997), la Comisia de Hidrologie a Academiei Rom\u00e2ne. A \u0163inut\ncursuri la \u015ecoala Na\u0163ional\u0103 de Biospeologie de la Clo\u015fani-Comarnic, pentru\nspeologii amatori, a fost membr\u0103 a mai multor societ\u0103\u0163i \u015ftiin\u0163ifice \u015fi\nprofesionale din \u0163ar\u0103 \u015fi interna\u0163ionale. <\/p>\n\n\n\n<p>\u25a0 24\/1928 \u2013\nd. <strong>Aurel B\u0103e\u015fu<\/strong>, la Piatra-Neam\u0163 (n.\n26. 05.1896, F\u0103lticeni.) <\/p>\n\n\n\n<p>\u25a0 28\/1917,\nd. <strong>Calistrat Hoga\u015f<\/strong> la Roman (n. 19.\n04. 1847, Tecuci).<\/p>\n\n\n\n<p>\u25a0 30\/1960 \u2013\nn. <strong>\u015etefan Potop<\/strong>, la Tazl\u0103u, Neam\u0163,\nprofesor, artist plastic. Absolvent al Academiei de Arte \u201eGeorge Enescu\u201d, Ia\u015fi\n(1987). Este profesor la Liceul de Art\u0103 \u201eVictor Brauner\u201d din Piatra-Neam\u0163 \u015fi de\u0163ine\nfunc\u0163ia de pre\u015fedinte al Filialei Neam\u0163 a U. A. P. din Rom\u00e2nia. Expozi\u0163ii:\nBac\u0103u, Baia Mare, Bucure\u015fti, Buz\u0103u, Gura Humorului, Ia\u015fi, Piatra-Neam\u0163,\nT\u00e2rgu-Mure\u015f, Vene\u0163ia, Praga. Tabere de crea\u0163ie: Ardelu\u0163a, Brate\u015f, Vii\u015foara, Borca,\nDumbrava, Potoci, Dur\u0103u, V\u0103ratic, Tarc\u0103u, Tazl\u0103u.<\/p>\n\n\n\n<p><strong><em>Constantin\nTOM\u015eA<\/em><\/strong><\/p>\n","protected":false},"excerpt":{"rendered":"<p>August 2020 \u25a0 2\/1891 \u2013 n. Mihail Jora, la Roman (d. 10. 05. 1971, Bucure\u015fti), compozitor, dirijor, membru al Academiei Rom\u00e2ne (1955). A absolvit Conservatorul \u015fi Facultatea de Drept, Ia\u015fi, Conservatorul din Leipzig. A fost: director muzical (Radiodifuziunea Rom\u00e2n\u0103), consilier&hellip;<\/p>\n<p class=\"more-link-p\"><a class=\"more-link\" href=\"http:\/\/www.slineamt.ro\/apostolul\/lectia-de-istorie\/rememorari-nemtene%ef%bb%bf\/\">Read more &rarr;<\/a><\/p>\n","protected":false},"author":1,"featured_media":0,"comment_status":"open","ping_status":"closed","sticky":false,"template":"","format":"standard","meta":{"footnotes":""},"categories":[6,435],"tags":[],"class_list":["post-20386","post","type-post","status-publish","format-standard","hentry","category-lectia-de-istorie","category-numarul-232"],"_links":{"self":[{"href":"http:\/\/www.slineamt.ro\/apostolul\/wp-json\/wp\/v2\/posts\/20386","targetHints":{"allow":["GET"]}}],"collection":[{"href":"http:\/\/www.slineamt.ro\/apostolul\/wp-json\/wp\/v2\/posts"}],"about":[{"href":"http:\/\/www.slineamt.ro\/apostolul\/wp-json\/wp\/v2\/types\/post"}],"author":[{"embeddable":true,"href":"http:\/\/www.slineamt.ro\/apostolul\/wp-json\/wp\/v2\/users\/1"}],"replies":[{"embeddable":true,"href":"http:\/\/www.slineamt.ro\/apostolul\/wp-json\/wp\/v2\/comments?post=20386"}],"version-history":[{"count":1,"href":"http:\/\/www.slineamt.ro\/apostolul\/wp-json\/wp\/v2\/posts\/20386\/revisions"}],"predecessor-version":[{"id":20387,"href":"http:\/\/www.slineamt.ro\/apostolul\/wp-json\/wp\/v2\/posts\/20386\/revisions\/20387"}],"wp:attachment":[{"href":"http:\/\/www.slineamt.ro\/apostolul\/wp-json\/wp\/v2\/media?parent=20386"}],"wp:term":[{"taxonomy":"category","embeddable":true,"href":"http:\/\/www.slineamt.ro\/apostolul\/wp-json\/wp\/v2\/categories?post=20386"},{"taxonomy":"post_tag","embeddable":true,"href":"http:\/\/www.slineamt.ro\/apostolul\/wp-json\/wp\/v2\/tags?post=20386"}],"curies":[{"name":"wp","href":"https:\/\/api.w.org\/{rel}","templated":true}]}}