{"id":20388,"date":"2020-09-18T11:43:28","date_gmt":"2020-09-18T11:43:28","guid":{"rendered":"http:\/\/www.slineamt.ro\/apostolul\/?p=20388"},"modified":"2020-09-18T11:43:28","modified_gmt":"2020-09-18T11:43:28","slug":"rememorari-nemtene-30","status":"publish","type":"post","link":"http:\/\/www.slineamt.ro\/apostolul\/lectia-de-istorie\/rememorari-nemtene-30\/","title":{"rendered":"Rememor\u0103ri nem\u0163ene"},"content":{"rendered":"\n<p><\/p>\n\n\n\n<p>Iulie 2020<\/p>\n\n\n\n<p>\u25a0 2\/2007 \u2013\nd. <strong>Traian Cicoare<\/strong>, la Piatra-Neam\u0163\n(n. 25. 01 1925, V\u00e2giule\u015fti, Mehedin\u0163i, azi, Gorj).<\/p>\n\n\n\n<p>\u25a0 6\/1935 \u2013\nn. <strong>Ionel Miron<\/strong>, la Iv\u0103ne\u015fti,\nVas\u00adlui, profesor universitar, doctor (1973). A absolvit Liceul \u201eMihai\nKog\u0103lniceanu\u201d din Vaslui, Facultatea de \u015etiin\u0163e Naturale, Ia\u015fi. Cercet\u0103tor\n\u015ftiin\u0163ific la Sta\u0163iunea \u201eStejarul\u201d P\u00e2ng\u0103ra\u0163i (1958-1982), apoi, la Sta\u0163iunea 1\nCAS Potoci, Neam\u0163 (1982-1993), profesor la Universitatea din Ia\u015fi (din 1993) \u015fi\nUniversitatea Paris 7 (1995-1996). Studii \u015fi inven\u0163ii (colab.), ob\u0163in\u00e2nd 11\nmedalii la saloanele de inventic\u0103: Medalia de Bronz la Salonul de la N\u00fcrnberg,\nGermania (1993), Medalia de Argint (2002) \u015fi Medalia de Aur (2003), Geneva,\nElve\u0163ia; Medalia de Aur (2004), la Eureka, Bruxelles, Belgia, Premiul NSPI,\nParis (2003). <\/p>\n\n\n\n<p>\u25a0 6\/1958 \u2013\nn. <strong>Adrian Alui Gheorghe<\/strong>, la Topoli\u0163a,\nNeam\u0163, scriitor. Facultatea de Filologie, Ia\u015fi, dr. \u00een filologie. A condus\nCercul Literar \u201eTinere\u0163e f\u0103r\u0103 b\u0103tr\u00e2ne\u0163e\u201d din Piatra-Neam\u0163, profesor, ziarist,\ndirector de muzeu, consilier, deputat, director al Direc\u0163iei pentru Cultur\u0103\nNeam\u0163 \u015fi al Bibliotecii Jude\u0163ene \u201eGh. T. Kirileanu\u201d. Colaboreaz\u0103 la cele mai\nimportante reviste din \u0163ar\u0103. Ini\u0163iator al mai multor publica\u0163ii literare din\nNeam\u0163 (\u201eAntiteze\u201d, \u201eBiblioteca din Nord\u201d, \u201eCaietele de la Dur\u0103u\u201d, \u201eConta\u201d, \u201eIon\nCreang\u0103\u201d, \u201eMeridianul Ozana\u201d). Distins cu Premiul Na\u0163ional al U. S. \u015fi cu\nOrdinul Meritul Cultural, \u00een Grad de Cavaler \u015fi \u00een Grad de Ofi\u0163er. Fondator al\nColocviilor Na\u0163ionale de Poezie. C\u0103r\u0163i: \u201eCeremonii insidioase\u201d, \u201eTitanic \u015fvai\u0163er\u201d,\n\u201eGoliath\u201d, \u201e\u00cengerul c\u0103zut\u201d, \u201eB\u0103tr\u00e2nul \u015fi Marta\u201d, \u201eTinere\u0163e f\u0103r\u0103 b\u0103tr\u00e2ne\u0163e \u015fi\nsentimentul tragic al timpului\u201d, \u201eP\u0103rintele Iustin P\u00e2rvu: o misiune rom\u00e2neasc\u0103\n\u015fi cre\u015ftin\u0103\u201d, \u201eFrig\u201d. Epistolar (1978-1990): \u201eO dram\u0103 la v\u00e2n\u0103toare\u201d, \u201ePaznicul\nploii\u201d, \u201eContribu\u0163ii la estetica umbrei\u201d; \u201eUrma\u201d, \u201eLaika\u201d \u015f. a. A \u00eengrijit mai\nmulte c\u0103r\u0163i din crea\u0163ia lui Aurel Dumitra\u015fcu. <\/p>\n\n\n\n<p>\u25a0 6\/2002 \u2013\nd. <strong>Marin-Marcel Dr\u0103gotescu<\/strong>, la\nPiatra-Neam\u0163 (n. 4. 02. 1934, Craiova.)<\/p>\n\n\n\n<p>\u25a0 9\/1946 \u2013\nn. <strong>Mircea-R\u0103zvan Ciac\u00e2ru<\/strong>, la Cluj,\npictor. Cursuri primare, gimnaziale, liceale \u015fi Facultatea de Arte Plastice\n(1973), toate la Timi\u015foara. Repartizat \u00een Jude\u0163ul Neam\u0163 (1973), a predat la\n\u015fcolile din B\u0103l\u0163\u0103te\u015fti \u015fi Negre\u015fti, apoi, la \u015ecoala Popular\u0103 de Art\u0103, p\u00e2n\u0103 \u00een\n1981, c\u00e2nd s-a transferat la Complexul Muzeal Jude\u0163ean Neam\u0163 (muzeograf\nrestaurator). Expozi\u0163ii personale (1974-2013) la: Piatra-Neam\u0163, Bucure\u015fti, Tel\nAviv, Almere \u2013 Olanda, Frankfurt pe Main. Expozi\u0163ii de grup \u015fi colective\n(1970-2014) la: Timi\u015foara, Arad, Turnu Severin, Ia\u015fi, la Palatul Parlamentului,\nBienala \u201eLasc\u0103r Vorel\u201d, Piatra-Neam\u0163, Expozi\u0163ia \u201eVorone\u0163iana\u201d, Suceava. Expozi\u0163ie\nde grup la Bruxelles. \u00cen colec\u0163ii: Olanda, Fran\u0163a, Canada, S. U. A., Germania,\nIsrael, Suedia, Italia. <\/p>\n\n\n\n<p>\u25a0 15. 07.\n1976 \u2013 n. <strong>Daniel Dieaconu<\/strong>, la\nPiatra-Neam\u0163, profesor, istoric, eseist, documentarist. Dup\u0103 absolvirea Facult\u0103\u0163ii\nde Istorie din Bucure\u015fti, a ob\u0163inut catedra de specialitate la Grin\u0163ie\u015f. Este\ncercet\u0103tor \u015ftiin\u0163ific \u00een cadrul Centrului de Cercetare pentru Dezvoltare\nRegional\u0103 \u015fi Integrare European\u0103 al Universit\u0103\u0163ii Bucure\u015fti. C\u0103r\u0163i (\u00een nume\npropriu): \u201eLa poale de Ceahl\u0103u\u201d, \u201eCeahl\u0103ul, muntele legendelor sau legenda\nmuntelui\u201d, \u201eLegendele Muntelui Ceahl\u0103u\u201d, \u201eEvreii din Moldova de Nord, cu\nprivire special\u0103 asupra Jude\u0163ului Neam\u0163 \/ De la primele a\u015fez\u0103ri p\u00e2n\u0103 \u00een anul\n1938\u201d, \u201eRealitatea unui mit: Corneliu Zelea Codreanu\u201d, \u201eMitologie \u015fi cre\u015ftinism\nla Muntele Ceahl\u0103u\u201d \u015f. a. Premiul Revistei Apostolul, ed. I, 2016.<\/p>\n\n\n\n<p>\u25a0 16\/1970 \u2013\nn. <strong>Ciprian Istrate<\/strong>, la Piatra-Neam\u0163,\nartist plastic, absolvent al Facult\u0103\u0163ii de Teologie Ortodox\u0103 \u201eDumitru\nSt\u0103niloae\u201d din Ia\u015fi (2008). \u00centre 1996 \u015fi 2008, a organizat \u015fi deschis expozi\u0163ii\npersonale la Centrul Culturii Franceze, Galeriile \u201eTop Art\u201d, Galeriile \u201eVert\u201d,\nGaleriile \u201eLasc\u0103r Vorel\u201d, toate \u00een Piatra-Neam\u0163; Centrul Ecumenic Dur\u0103u,\nGaleria \u201eArta\u201d Bucure\u015fti, Palatul Parlamentului (2014). A pictat 16 biserici \u015fi\n12 catapetesme \u00een jude\u0163ele Ia\u015fi, Suceava, Bac\u0103u, Neam\u0163, Harghita. I s-a acordat\ndistinc\u0163ia \u201eCuvioasa Parascheva\u201d a Patriarhiei Rom\u00e2ne (1999), distinc\u0163ia\n\u201eStephanus Magnus Defensor Fidei Cristiani\u201d, Ia\u015fi (2002), Premiul special la\nBienala \u201eLasc\u0103r Vorel\u201d (2007).<\/p>\n\n\n\n<p>\u25a0 17\/1934,\nn. <strong>Veronica Filip<\/strong>, \u00een Comuna \u015eagani,\nJude\u0163ul Cetatea Alb\u0103 din Basarabia. Este absolvent\u0103 a Liceului Pedagogic de\nFete din Piatra-Neam\u0163, sec\u0163ia educatoare, afirmat\u0103 \u00een mod str\u0103lucit \u00een \u00eenv\u0103\u0163\u0103m\u00e2ntul\npre\u015fcolar. Unitatea de \u00eenv\u0103\u0163\u0103m\u00e2nt, din Piatra-Neam\u0163, unde a func\u0163ionat p\u00e2n\u0103 la\npensionare, \u00een semn de pre\u0163uire, \u00eei poart\u0103 numele.<\/p>\n\n\n\n<p>\u25a0 20\/1945 \u2013\nn. <strong>Elena Ionescu<\/strong>, la Com\u0103ne\u015fti,\nSuceava, inginer, doctor (1983), cercet\u0103tor \u015ftiin\u0163ific. Absolvent\u0103 a Liceului\nTeoretic din Gura-Humorului, a Facult\u0103\u0163ii de Chimie Industrial\u0103 din Ia\u015fi \u015fi a\nFacult\u0103\u0163ii de Informatic\u0103 din Bucure\u015fti. A lucrat la Institutul de Cercet\u0103ri\ndin S\u0103vine\u015fti, apoi, din 1994, la \u201ePlantavorel\u201d, Piatra-Neam\u0163. Este\nvicepre\u015fedinte al Asocia\u0163iei Produc\u0103torilor de Medicamente, Bucure\u015fti \u015fi\nsecretar general al Club Ambasador Elve\u0163ia, Filiala Piatra-Neam\u0163. Premiul I la\nSalonul de Inventic\u0103 (1988). Este ini\u0163iatoarea \u015fi pre\u015fedinte al Funda\u0163iei\n\u201eVorel\u201d.<\/p>\n\n\n\n<p>\u25a0 22\/1955 \u2013\nn. <strong>Grigore Agache<\/strong>, la Gher\u0103e\u015fti,\nNeam\u0163, artist plastic. A absolvit Liceul de Muzic\u0103 \u015fi Arte Plastice \u201eOctav\nB\u0103ncil\u0103\u201d Ia\u015fi \u015fi Institutul de Arte Plastice \u201eIon Andreescu\u201d din Cluj-Napoca.\nMembru U. A. P. A debutat la Cluj-Napoca, la o expozi\u0163ie studen\u0163easc\u0103 (1979);\nnumeroase expozi\u0163ii personale, colective la: Bucure\u015fti, Piatra-Neam\u0163, Bac\u0103u,\nBaia Mare; Chi\u015fin\u0103u; Budapesta; Bienalele \u201eLasc\u0103r Vorel\u201d; participant la\nTaberele de crea\u0163ie: Tescani, Bac\u0103u, din Neam\u0163: Dumbrava, Potoci, Dur\u0103u.\nPremiul special al juriului la Bienala \u201eLasc\u0103r Vorel\u201d. Premiul pentru pictur\u0103 \u2013\nBienala \u201eLasc\u0103r Vorel\u201d. <\/p>\n\n\n\n<p>\u25a0 23\/1939 \u2013\nd. <strong>I. I. Mironescu<\/strong> (n. 13. 06. 1883,\nTazl\u0103u, v. fi\u015fa lunii iunie.)<\/p>\n\n\n\n<p>\u25a0 23\/1950 \u2013\nn. <strong>Lucian Strochi<\/strong>, la Petro\u015fani,\nHunedoara, profesor, doctor \u00een filologie, scriitor, critic literar \u015fi de art\u0103.\nAbsolvent al Facult\u0103\u0163ii de Filologie a Universit\u0103\u0163ii Bucure\u015fti, profesor la\nTazl\u0103u \u015fi Piatra-Neam\u0163; dup\u0103 1990, director la Casa Fran\u0163ei, director al Direc\u0163iei\npentru Cultur\u0103, director artistic al T. T. A debutat \u00een \u201eSteagul ro\u015fu\u201d din\nora\u015ful natal, peste 80 de premii la concursuri literare. Editorial a debutat cu\n\u201ePenultima partid\u0103 de zaruri\u201d, proz\u0103 scurt\u0103 (1985). Este autor a peste treizeci\nde volume de proz\u0103 scurt\u0103, romane, poezie, teatru, teorie \u015fi critic\u0103 literar\u0103,\nantologii. Face critic\u0103 de art\u0103 plastic\u0103. Director al Revistei \u201eAsachi\u201d. Este\nmembru al U. S. \u015fi al U. A. P. Alte c\u0103r\u0163i: \u201eGambit\u201d; \u201eCuv\u00e2ntul cuv\u00e2nt\u201d; \u201eJude\u0163ul\nNeam\u0163, monografie\u201d (colab.); \u201ePurt\u0103torul de cuv\u00e2nt\u201d; \u201eCicatricea\u201d; \u201eSonete\u201d;\n\u201eMemoria fulgerului\u201d; \u201eMonere 50\u201d; \u201eVersuri\u201d; \u201eEmisferele de Brandenburg\u201d;\n\u201eIntroducere \u00een fantastic\u201d; \u201eFantasticul \u00een proza rom\u00e2neasc\u0103\u201d; \u201eParadoxala\nOlanda\u201d; \u201eAntologie a muntelui\u201d; \u201eCeasornicul lui Eliade\u201d; \u201eTeatru\u201d; \u201eOre\nsuplimentare\u201d; \u201eFunia de nisip\u201d; \u201eAlfabetul animalelor\u201d I-III; \u201eDespre esen\u0163e\n\u015fi tincturi\u201d; \u201ePoesii vechi \u015fi nou\u0103\u201d; \u201eG\u00e2nduri-r\u00e2nduri\u201d; \u201eAncade \u015fi alte poezii\nde form\u0103 fix\u0103\u201d \u015f. a.<\/p>\n\n\n\n<p>\u25a0 26\/1932 \u2013\nn. <strong>Iulian Antonescu<\/strong>, la Piatra-Neam\u0163\n(d. 24. 01. 1991, Bucure\u015fti), profesor universitar, istoric, traduc\u0103tor,\npublicist. Absolvent al Liceului \u201ePetru Rare\u015f\u201d din Piatra-Neam\u0163 \u015fi al Facult\u0103\u0163ii\nde Istorie, Bucure\u015fti. A fost un mare specialist \u015fi un remarcabil orator. A\ndonat statului imo\u00adbilul \u00een care s-a organizat Muzeul de \u015etiin\u0163e Naturale din\nora\u015ful natal. Public\u0103 \u00een Revista \u201eAteneu\u201d (1970-1971) o parte din poeziile\ntraduse, care se vor reg\u0103si \u015fi \u00een volumul ap\u0103rut postum \u201eNelini\u015fti medievale\u201d\n(2010).<\/p>\n\n\n\n<p><strong><em>Constantin\nTOM\u015eA<\/em><\/strong><\/p>\n","protected":false},"excerpt":{"rendered":"<p>Iulie 2020 \u25a0 2\/2007 \u2013 d. Traian Cicoare, la Piatra-Neam\u0163 (n. 25. 01 1925, V\u00e2giule\u015fti, Mehedin\u0163i, azi, Gorj). \u25a0 6\/1935 \u2013 n. Ionel Miron, la Iv\u0103ne\u015fti, Vas\u00adlui, profesor universitar, doctor (1973). A absolvit Liceul \u201eMihai Kog\u0103lniceanu\u201d din Vaslui, Facultatea de&hellip;<\/p>\n<p class=\"more-link-p\"><a class=\"more-link\" href=\"http:\/\/www.slineamt.ro\/apostolul\/lectia-de-istorie\/rememorari-nemtene-30\/\">Read more &rarr;<\/a><\/p>\n","protected":false},"author":1,"featured_media":0,"comment_status":"open","ping_status":"closed","sticky":false,"template":"","format":"standard","meta":{"footnotes":""},"categories":[6,435],"tags":[],"class_list":["post-20388","post","type-post","status-publish","format-standard","hentry","category-lectia-de-istorie","category-numarul-232"],"_links":{"self":[{"href":"http:\/\/www.slineamt.ro\/apostolul\/wp-json\/wp\/v2\/posts\/20388","targetHints":{"allow":["GET"]}}],"collection":[{"href":"http:\/\/www.slineamt.ro\/apostolul\/wp-json\/wp\/v2\/posts"}],"about":[{"href":"http:\/\/www.slineamt.ro\/apostolul\/wp-json\/wp\/v2\/types\/post"}],"author":[{"embeddable":true,"href":"http:\/\/www.slineamt.ro\/apostolul\/wp-json\/wp\/v2\/users\/1"}],"replies":[{"embeddable":true,"href":"http:\/\/www.slineamt.ro\/apostolul\/wp-json\/wp\/v2\/comments?post=20388"}],"version-history":[{"count":1,"href":"http:\/\/www.slineamt.ro\/apostolul\/wp-json\/wp\/v2\/posts\/20388\/revisions"}],"predecessor-version":[{"id":20389,"href":"http:\/\/www.slineamt.ro\/apostolul\/wp-json\/wp\/v2\/posts\/20388\/revisions\/20389"}],"wp:attachment":[{"href":"http:\/\/www.slineamt.ro\/apostolul\/wp-json\/wp\/v2\/media?parent=20388"}],"wp:term":[{"taxonomy":"category","embeddable":true,"href":"http:\/\/www.slineamt.ro\/apostolul\/wp-json\/wp\/v2\/categories?post=20388"},{"taxonomy":"post_tag","embeddable":true,"href":"http:\/\/www.slineamt.ro\/apostolul\/wp-json\/wp\/v2\/tags?post=20388"}],"curies":[{"name":"wp","href":"https:\/\/api.w.org\/{rel}","templated":true}]}}