{"id":20429,"date":"2020-09-18T12:08:54","date_gmt":"2020-09-18T12:08:54","guid":{"rendered":"http:\/\/www.slineamt.ro\/apostolul\/?p=20429"},"modified":"2020-09-18T12:08:54","modified_gmt":"2020-09-18T12:08:54","slug":"dan-gabriel-arvatescu-o-prezenta-permanent-activa-in-viata-comunitatii","status":"publish","type":"post","link":"http:\/\/www.slineamt.ro\/apostolul\/cronica-literara\/dan-gabriel-arvatescu-o-prezenta-permanent-activa-in-viata-comunitatii\/","title":{"rendered":"Dan-Gabriel ARV\u0102TESCU, o prezen\u0163\u0103 permanent \u2013 activ\u0103 \u00een via\u0163a comunit\u0103\u0163ii"},"content":{"rendered":"\n<div class=\"wp-block-image\"><figure class=\"alignleft\"><img loading=\"lazy\" decoding=\"async\" width=\"211\" height=\"284\" src=\"http:\/\/www.slineamt.ro\/apostolul\/wp-content\/uploads\/2020\/09\/22-ap232-foto1.jpg\" alt=\"\" class=\"wp-image-20430\" srcset=\"http:\/\/www.slineamt.ro\/apostolul\/wp-content\/uploads\/2020\/09\/22-ap232-foto1.jpg 211w, http:\/\/www.slineamt.ro\/apostolul\/wp-content\/uploads\/2020\/09\/22-ap232-foto1-160x215.jpg 160w\" sizes=\"auto, (max-width: 211px) 100vw, 211px\" \/><\/figure><\/div>\n\n\n\n<p>\u2022 Posibil\u0103\nfi\u015f\u0103 de dic\u0163ionar (fragmente)<\/p>\n\n\n\n<p><em>\u00cen anul 2014, am \u00eencredin\u0163at tiparului lucrarea noastr\u0103<\/em> Un dic\u0163ionar al literaturii din jude\u0163ul Neam\u0163,\nde la copi\u015fti la suprareali\u015fti.<\/p>\n\n\n\n<p><em>\u00centr-un text liminar atr\u0103geam aten\u0163ia c\u0103: realizarea\nacestei lucr\u0103ri este materializarea unui proiect asupra c\u0103ruia autorul a g\u00e2ndit\nmult timp \u015fi a adunat material documentar de-a lungul multor ani. [&#8230;] <\/em>Includerea \u00een dic\u0163ionar a fost condi\u0163ionat\u0103\nde publicarea a cel pu\u0163in unui volum cu crea\u0163ii literare originale. <\/p>\n\n\n\n<p>\u00cen perioada\ncare a trecut de la publicarea dic\u0163ionarului nostru, medicul Dan-Gabriel\nArv\u0103tescu a publicat mai multe c\u0103r\u0163i \u015fi \u00een cele ce urmeaz\u0103 vom alc\u0103tui o\nposibil\u0103 fi\u015f\u0103 pentru o edi\u0163ie nou\u0103 a dic\u0163ionarului.<\/p>\n\n\n\n<p><strong>ARV\u0102TESCU Dan-Gabriel<\/strong> (n. 22 mai 1960, C\u00e2mpulung Muscel) \u00een\nfamilia bunicilor paterni, unde p\u00e2n\u0103 la v\u00e2rsta de \u015fapte ani va beneficia de o\n\u00eengrijire \u015fi o educa\u0163ie aparte, ceea ce face ca la maturitate s\u0103 se spun\u0103, cum\nse obi\u015fnuie\u015fte: \u201eare cei \u015fapte ani de acas\u0103\u201d. <\/p>\n\n\n\n<p>Bunica era\ncasnic\u0103 iar bunicul, care \u00eenainte de venirea comuni\u015ftilor la putere \u00een Rom\u00e2nia,\n<em>colonelul Constantin Arv\u0103tescu, alt\u0103dat\u0103\nprofesor la \u015ecoala Militar\u0103 de la Sibiu<\/em>, a ajuns muncitor la fabrica de\nmagiun din localitate dup\u0103 ce petrecuse c\u00e2\u0163iva ani \u00een \u00eenchisoare, a\u015fa cum se\n\u00eent\u00e2mplase cu to\u0163i ofi\u0163erii din Armata Rom\u00e2n\u0103 ce participaser\u0103 \u00een prima parte a\nr\u0103zboiului la luptele \u00eempotriva Uniunii Sovietice.<\/p>\n\n\n\n<p>Tot \u00een\naceast\u0103 perioad\u0103, \u00eenc\u0103 de la doi ani, este ini\u0163iat \u00een limba francez\u0103 cu na\u015fa sa\nde botez, Zoe Geor\u00adgescu, ajung\u00e2nd ca la maturitate s\u0103 vorbeasc\u0103 fluent \u00een\nlimba lui Voltaire.<\/p>\n\n\n\n<p>Dup\u0103 aceast\u0103\nprim\u0103 parte a copil\u0103riei se va muta la p\u0103rin\u0163ii s\u0103i, \u00een Roman unde, ace\u015ftia\nerau medici la Spitalul din localitate. Aici, urmeaz\u0103 cursurile primare \u015fi\ngimnaziale la \u015ecoala general\u0103 nr. 1 Roman, \u00eentre 1967-1975, iar cele liceale la\nLiceul <em>Roman Vod\u0103<\/em> (1975-1979).<\/p>\n\n\n\n<p>Dup\u0103\nbacalaureat \u015fi examenul de admitere la facultate, va efectua stagiul militar de\nun an de zile, apoi cursurile Facult\u0103\u0163ii de Medicin\u0103 General\u0103 din cadrul UMF\nIa\u015fi (1980-1986).<\/p>\n\n\n\n<p>Este\nrepartizat ca medic \u00een comuna Horia, din jude\u0163ul Neam\u0163, pentru o perioad\u0103 de\naproximativ un an (1989-1990). \u00cen 1990, dup\u0103 sus\u0163inerea examenului de reziden\u0163iat,\neste \u00eencadrat ca medic de chirurgie general\u0103 la Spitalul Municipal din Roman,\nunde practic\u0103 medicina \u015fi \u00een prezent. De-a lungul anilor, a participat, a sus\u0163inut\n\u015fi a ob\u0163inut diferite specializ\u0103ri: preg\u0103tirea de rezident la clinica a III-a\nchirurgie a Spitalului <em>Sf. Spiridon<\/em>\nIa\u015fi (1991-1994; sus\u0163ine examenul de medic specialist \u00een chirurgie general\u0103\n(1994); urmeaz\u0103 un stagiu de preg\u0103tire \u00een chirurgia laparoscopic\u0103 la Ia\u015fi\n(1996); sus\u0163ine examenul de medic primar de chirurgie general\u0103 la Ia\u015fi (1998);\nstagiu de preg\u0103tire la Spitalul din Padova-Italia (4 s\u0103pt\u0103m\u00e2ni), 2004; sus\u0163ine\nexamenul de \u015fef sec\u0163ie chirurgie la spitalul din Roman (2005); sus\u0163ine competen\u0163a\nde chirurgie laparoscopic\u0103 la Ia\u015fi (2005); sus\u0163ine competen\u0163a de ecografie la\nIa\u015fi (2007); sus\u0163ine competen\u0163a de endoscopie digestiv\u0103 diagnostic\u0103 la Ia\u015fi\n(2008); urmeaz\u0103 un curs practic de histerectomie laparoscopic\u0103 la Guilfford\n(Anglia) \u2013 o s\u0103pt\u0103m\u00e2n\u0103 (2008); curs practic de chirurgie minim-invaziv\u0103\nmonoorificial\u0103 la Hamburg (2011); curs de competen\u0163\u0103 \u00een endoscopia digestiv\u0103\ninterven\u0163ional\u0103 la Bucure\u015fti, Spitalul Fundeni (2016).<\/p>\n\n\n\n<p>Ca urmare a\nacestor specializ\u0103ri, medicul Dan-Gabriel Arv\u0103tescu a devenit cunoscut \u015fi\napreciat de c\u0103tre colegii de breasl\u0103 \u015fi pentru anumite practici desf\u0103\u015furate \u00een\npremier\u0103 la Spitalul din Roman: a introdus aici chirurgia laparoscopic\u0103, \u00een\n2004 \u015fi endoscopia diagnostic\u0103, \u00een 2008. <\/p>\n\n\n\n<p>A efectuat\n\u00een premier\u0103 (pentru Roman): prima interven\u0163ie laparoscopic\u0103 (2004), prima\ncolectomie laparoscopic\u0103 (2009), prima histerectomie laparoscopic\u0103 (2011),\nprima interven\u0163ie minim invaziv\u0103 monoorificial\u0103 (2014), prima endoscopie\ndiagnostic\u0103 (2008), prima endoscopie terapeutic\u0103 (bandare de varice esofagiene)\n\u2013 2016. A efectuat p\u00e2n\u0103 \u00een prezent peste 13.000 interven\u0163ii chirurgicale \u015fi\npeste 3.000 de endoscopii.<\/p>\n\n\n\n<p>Pe l\u00e2ng\u0103\nactivitatea propriu-zis\u0103 din spital, a luat parte la via\u0163a medical\u0103 \u015ftiin\u0163ific\u0103\npublic\u00e2nd diferite studii de specialitate: \u00een revista \u201eChirurgia\u201d \u015fi Revista\n\u201eActa Medicalia\u201d (opt articole), a sus\u0163inut\/a participat cu lucr\u0103ri la\nCongresele na\u0163ionale de chirurgie (5), la Congresul na\u0163ional de chirurgie\ninfantil\u0103 (1), la conferin\u0163a chirurgilor moldoveni (3), la conferin\u0163ele de\nchirurgie de la Piatra-Neam\u0163 (8) \u015fi la alte reuniuni locale (de ex. <em>Zilele s\u0103n\u0103t\u0103\u0163ii nem\u0163ene<\/em>).<\/p>\n\n\n\n<p>Ca o\nrecunoa\u015ftere a meritelor \u00een activitatea profesional\u0103 desf\u0103\u015furat\u0103 de-a lungul\nanilor, \u00een 1997 a fost ales membru \u00een Consiliul Jude\u0163ean al Medicilor, iar\n\u00eencep\u00e2nd cu 2009 de\u0163ine func\u0163ia de vicepre\u015fedinte al acestui organism.<\/p>\n\n\n\n<p>Din 1995\neste membru al Societ\u0103\u0163ii de Istoria Medicinii din Roman \u015fi din 2015 este\npre\u015fedintele al acestei societ\u0103\u0163ii.<\/p>\n\n\n\n<p><strong>Activitate profesional\u0103:<\/strong><\/p>\n\n\n\n<p>Din 2014\np\u00e2n\u0103 \u00een prezent a func\u0163ionat ca medic chirurg la Spitalul Municipal de Urgen\u0163\u0103\nRoman; 2000-2005 a fost managerul spitalului; din 2000 \u015fi p\u00e2n\u0103 \u00een prezent este\n\u015feful sec\u0163iei chirurgie general\u0103 a spitalului, din 2014 \u015fi p\u00e2n\u0103 \u00een prezent este\n\u015feful blocului operator al spitalului.<\/p>\n\n\n\n<p>Ca\nrecunoa\u015ftere a rezultatelor ob\u0163inute de-a lungul anilor \u00een activitatea\nprofesional\u0103, a devenit o personalitate cunoscut\u0103 pentru toat\u0103 comunitatea\nora\u015fului de la confluen\u0163a r\u00e2urilor Moldova \u015fi Siret, a fost ales consilier\nlocal \u00een consiliul municipal Roman \u015fi pre\u015fedinte al comisiei de cultur\u0103 (2000 \u2013\n2008).<\/p>\n\n\n\n<p>\u00cen to\u0163i\nace\u015fti ani de c\u00e2nd s-a stabilit la Roman, medicul Dan-Gabriel Arv\u0103tescu a fost\no prezen\u0163\u0103 permanent \u2013 activ\u0103 \u00een via\u0163a comunit\u0103\u0163ii, organiz\u00e2nd diferite\nmanifest\u0103ri locale: patru manifest\u0103ri ale <em>Zilelor\ns\u0103n\u0103t\u0103\u0163ii la Roman<\/em>, Primul Congres Na\u0163ional de Antropologie Urban\u0103 (2012);\ndou\u0103 edi\u0163ii ale <em>Zilelor Spitalului Roman<\/em>\n(2016 \u015fi 2017).<\/p>\n\n\n\n<p>Este\nc\u0103s\u0103torit, so\u0163ia sa, Laura Arv\u0103tescu, fiind medic primar\nobstetric\u0103-ginecologie. \u00cen prezent ocup\u0103 func\u0163ia de \u015fef sec\u0163ie\nobstetric\u0103-ginecologie la SMURD Roman. Au un copil care locuie\u015fte \u00een Bra\u015fov \u015fi\npractic\u0103 aceea\u015fi specialitate medical\u0103 ca \u015fi mama sa.<\/p>\n\n\n\n<p>\u00centregul\nproces de educa\u0163ie de care a beneficiat \u00een anii petrecu\u0163i \u00een casa bunicilor din\nC\u00e2mpulung Muscel, preg\u0103tirea academic\u0103, dar \u015fi frecventarea cursurilor \u015fcolii\nde muzic\u0103 au contribuit la conturarea unui profil intelectual deosebit al celui\ncare, concomitent cu activitatea profesional\u0103, a \u00eenceput \u00een ultimii 10-15 ani\ns\u0103 aib\u0103 preocup\u0103ri \u015fi \u00een domeniul literar. <\/p>\n\n\n\n<p>Astfel, \u00een\nprezent, este autor a \u015fase c\u0103r\u0163i publicate <strong><em>(&#8230;Eu, chirurgul-monologuri dialogate<\/em><\/strong>\n(Editura PapiruS Media, 2014, Roman; <strong><em>Amintiri din secolul Ciobanu \u2013 convorbiri\ncordiale<\/em><\/strong>, Editura PapiruS Media, 2015, Roman); <strong><em>Singur\u0103tatea Sf\u00e2ntului Serafim<\/em><\/strong>\n(Scrisul Rom\u00e2nesc Funda\u0163ia \u2013 Editura, 2016, Craiova); <strong><em>Pove\u015ftile medicinii roma\u015fcane<\/em><\/strong>\n(Editura PapiruS Media, 2018, Roman); <strong><em>Trecute vie\u0163i de medici roma\u015fcani<\/em><\/strong>\n(Editura PapiruS Media, 2019, Roman), <strong><em>Confesiunile unui scaun<\/em><\/strong> (Editura\nLimes, Flore\u015fti-Cluj, 2020); \u015fi a mai multor prefe\u0163e \u015fi articole cu care a\ncolaborat la diferite publica\u0163ii: Revista <em>Moldova\nliterar\u0103<\/em> nr. 4 decembrie 2015- \u201eTrista poveste a Huanei la Loca\u201d, pag 55;\nRevista <em>Moldova literar\u0103<\/em> nr.1 martie\n2016; \u201eCe datoreaz\u0103 ziua nop\u0163ii\u201d, pag. 66; Revista <em>Clepsidra<\/em> nr. 8, martie 2015 \u2013 \u201eUltima zi\u201d pag. 43; Revista <em>Moldova literar\u0103<\/em> nr.1-2, aprilie 2015 \u2013\n\u201eUn discurs pe care n-am vrut s\u0103-l \u0163in\u201d, pag 112; Revista <em>Salonul literar<\/em> nr.94 an XX, 2017, \u201eDe ce nu se face omul frate cu\ndracul p\u00e2n\u0103 trece puntea?\u201d; Revista Asachi nr. 2, decembrie 2016, Versuri-pag.\n12; Revista <em>Asachi<\/em> nr 1, decembrie\n2015, \u201eHermeneutica zborului\u201d \u2013 pag.17, \u201eInsula ultimului vis\u201d \u2013 pag. 24;\nRevista <em>Asachi<\/em> nr.9 mai 2016, \u201eInsula\nultimului vis\u201d \u2013 pag. 66; Antologia festivalului na\u0163ional de crea\u0163ie literar\u0103\nAvangarda XXII, pag.72; Salonul c\u0103r\u0163ii Avangarda XXII \u2013 catalog 2015, pag. 83;\nConstantin Bogdan \u015fi Virgil R\u0103ze\u015fu \u2013 Hipocrate \u015fi arta scrisului, Societatea\nmedicilor scriitori \u015fi publici\u015fti din Rom\u00e2nia, Ed. R\u0103ze\u015fu 2017.[&#8230;]<\/p>\n\n\n\n<p>Toate c\u0103r\u0163ile\npublicate au beneficiat de prefe\u0163e \u00een care sunt subliniate calit\u0103\u0163ile de\nscriitor autentic ale dr. Dan-Gabriel Arv\u0103tescu.<\/p>\n\n\n\n<p>Men\u0163ion\u0103m \u00een\nmod deosebit prefa\u0163a c\u0103r\u0163ii <em>Pove\u015ftile\nmedicinii roma\u015fcane<\/em>, semnat\u0103 de prof.univ.dr. Nicolae Marcu, Pre\u015fedinte al\nSociet\u0103\u0163ii Rom\u00e2ne de Istoria Medicinii, care \u00een c\u00e2teva pagini face o analiz\u0103\nam\u0103nun\u0163it\u0103 a volumului pun\u00e2nd \u00een eviden\u0163\u0103 valoarea incontestabil\u0103 a scrisului,\nla fel ca to\u0163i ceilal\u0163i prefa\u0163atori ai celorlalte c\u0103r\u0163i. C\u0103r\u0163ile publicate p\u00e2n\u0103\nacum sunt o garan\u0163ie c\u0103 vor fi urmate de alte volume care s\u0103 sporeasc\u0103 zestrea\ncrea\u0163iei literare a medicului-scriitor Dan-Gabriel Arv\u0103tescu.<\/p>\n\n\n\n<p><strong><em>Constantin\nTOM\u015eA<\/em><\/strong><\/p>\n","protected":false},"excerpt":{"rendered":"<p>\u2022 Posibil\u0103 fi\u015f\u0103 de dic\u0163ionar (fragmente) \u00cen anul 2014, am \u00eencredin\u0163at tiparului lucrarea noastr\u0103 Un dic\u0163ionar al literaturii din jude\u0163ul Neam\u0163, de la copi\u015fti la suprareali\u015fti. \u00centr-un text liminar atr\u0103geam aten\u0163ia c\u0103: realizarea acestei lucr\u0103ri este materializarea unui proiect asupra&hellip;<\/p>\n<p class=\"more-link-p\"><a class=\"more-link\" href=\"http:\/\/www.slineamt.ro\/apostolul\/cronica-literara\/dan-gabriel-arvatescu-o-prezenta-permanent-activa-in-viata-comunitatii\/\">Read more &rarr;<\/a><\/p>\n","protected":false},"author":1,"featured_media":0,"comment_status":"open","ping_status":"closed","sticky":false,"template":"","format":"standard","meta":{"footnotes":""},"categories":[16,435],"tags":[],"class_list":["post-20429","post","type-post","status-publish","format-standard","hentry","category-cronica-literara","category-numarul-232"],"_links":{"self":[{"href":"http:\/\/www.slineamt.ro\/apostolul\/wp-json\/wp\/v2\/posts\/20429","targetHints":{"allow":["GET"]}}],"collection":[{"href":"http:\/\/www.slineamt.ro\/apostolul\/wp-json\/wp\/v2\/posts"}],"about":[{"href":"http:\/\/www.slineamt.ro\/apostolul\/wp-json\/wp\/v2\/types\/post"}],"author":[{"embeddable":true,"href":"http:\/\/www.slineamt.ro\/apostolul\/wp-json\/wp\/v2\/users\/1"}],"replies":[{"embeddable":true,"href":"http:\/\/www.slineamt.ro\/apostolul\/wp-json\/wp\/v2\/comments?post=20429"}],"version-history":[{"count":1,"href":"http:\/\/www.slineamt.ro\/apostolul\/wp-json\/wp\/v2\/posts\/20429\/revisions"}],"predecessor-version":[{"id":20431,"href":"http:\/\/www.slineamt.ro\/apostolul\/wp-json\/wp\/v2\/posts\/20429\/revisions\/20431"}],"wp:attachment":[{"href":"http:\/\/www.slineamt.ro\/apostolul\/wp-json\/wp\/v2\/media?parent=20429"}],"wp:term":[{"taxonomy":"category","embeddable":true,"href":"http:\/\/www.slineamt.ro\/apostolul\/wp-json\/wp\/v2\/categories?post=20429"},{"taxonomy":"post_tag","embeddable":true,"href":"http:\/\/www.slineamt.ro\/apostolul\/wp-json\/wp\/v2\/tags?post=20429"}],"curies":[{"name":"wp","href":"https:\/\/api.w.org\/{rel}","templated":true}]}}