{"id":20432,"date":"2020-09-18T12:10:13","date_gmt":"2020-09-18T12:10:13","guid":{"rendered":"http:\/\/www.slineamt.ro\/apostolul\/?p=20432"},"modified":"2020-09-18T12:10:13","modified_gmt":"2020-09-18T12:10:13","slug":"eficientizarea-predarii-religiei-prin-mijloace-multimedia","status":"publish","type":"post","link":"http:\/\/www.slineamt.ro\/apostolul\/nihil-sine-deo\/eficientizarea-predarii-religiei-prin-mijloace-multimedia\/","title":{"rendered":"Eficientizarea pred\u0103rii Religiei prin mijloace multimedia"},"content":{"rendered":"\n<div class=\"wp-block-image\"><figure class=\"alignleft\"><img loading=\"lazy\" decoding=\"async\" width=\"253\" height=\"357\" src=\"http:\/\/www.slineamt.ro\/apostolul\/wp-content\/uploads\/2020\/09\/21-ap232-foto1.jpg\" alt=\"\" class=\"wp-image-20433\" srcset=\"http:\/\/www.slineamt.ro\/apostolul\/wp-content\/uploads\/2020\/09\/21-ap232-foto1.jpg 253w, http:\/\/www.slineamt.ro\/apostolul\/wp-content\/uploads\/2020\/09\/21-ap232-foto1-213x300.jpg 213w, http:\/\/www.slineamt.ro\/apostolul\/wp-content\/uploads\/2020\/09\/21-ap232-foto1-160x226.jpg 160w\" sizes=\"auto, (max-width: 253px) 100vw, 253px\" \/><\/figure><\/div>\n\n\n\n<p>Av\u00e2nd \u00een\nvedere faptul c\u0103 planurile cadru ale \u00eenv\u0103\u0163\u0103m\u00e2ntului preuniversitar, c\u00e2t \u015fi\ndisciplinele de studiu au trecut printr-un proces de optimizare curricular\u0103 \u015fi\nmetodologic\u0103, proces adaptat ritmului, dinamicii \u015fi cerin\u0163elor societ\u0103\u0163ii\nactuale, un grup de cadre didactice \u2013 Stelian Pa\u015fca-Tu\u015fa, Ioan Popa-Bota,\nTeodora Ilinca Mure\u015fanu, Alexandra Budu, Cosmin Cosmu\u0163a, Adriana Rotar, Crina\nPa\u015fca-Tu\u015fa, Claudia-Cosmina Trif, Bogdan \u015eopterean, sub coordonarea colegilor\nIoan Popa-Bota \u015fi Stelian Pa\u015fca-Tu\u015fa, au alc\u0103tuit trei volume privind <em>Eficientizarea pred\u0103rii Religiei prin\nmijloace multimedia: suport video \u015fi fi\u015fe de lucru<\/em> pentru fiecare din\nciclurile primar, gimnazial \u015fi liceal, ap\u0103rute la Editura Presa Universitar\u0103\nClujean\u0103 din Cluj-Napoca, 2020. <\/p>\n\n\n\n<p>Aceste\nghiduri reprezint\u0103 rezultatul unui amplu proiect de formare a cadrelor\ndidactice care predau Religia, la nivel na\u0163ional, sub coordonarea Universit\u0103\u0163ii\n\u201eBabe\u015f-Bolyai\u201d din Cluj-Napoca \u015fi a Universit\u0103\u0163ii \u201eAlexandru Ioan Cuza\u201d din\nIa\u015fi. Proiectul a urm\u0103rit profesionalizarea \u015fi cre\u015fterea competitivit\u0103\u0163ii \u00een\ncadrul orelor de religie \u015fi alinierea modului de predare la standardele educa\u0163ionale\neuropene. <\/p>\n\n\n\n<p>\u00cen cadrul\nproiectului au fost derulate 8 programe de perfec\u0163ionare dintre care men\u0163ion\u0103m:\npredarea temelor interdisciplinare la religie ortodox\u0103, managementul\nconflictului ideatic religios, predarea pozitiv-creativ\u0103 a religiei, realizarea\nactivit\u0103\u0163ilor extracurriculare prin proiecte, program de formare TIC \u2013\ninterdisciplinar. <\/p>\n\n\n\n<p>Volumele vin\n\u00een \u00eent\u00e2mpinarea cadrelor didactice de specialitate oferindu-le acestora diverse\nmijloace didactice pentru a dinamiza activitatea la clas\u0103, antren\u00e2nd\nparticiparea elevilor \u00een procesul instructiv-educativ. Fi\u015fele con\u0163in aplica\u0163ii\npractice pentru fiecare tem\u0103 din programa \u015fcolar\u0103, respectiv pentru fiecare\nunitate de \u00eenv\u0103\u0163are. Totodat\u0103, autorii celor trei ghiduri con\u015ftientizeaz\u0103\nfaptul c\u0103 fi\u015fele de lucru \u015fi mijloacele suport prezentate nu sunt suficiente\npentru a r\u0103spunde tuturor provoc\u0103rilor, motiv pentru care \u00eei provoac\u0103 pe\ndasc\u0103lii de la catedr\u0103 s\u0103 conceap\u0103 \u015fi s\u0103-\u015fi diversifice propriile scenarii\npozitiv-creative la fiecare lec\u0163ie de specialitate. <\/p>\n\n\n\n<p>Cele trei\nauxiliare sunt de un real folos oferind un sprijin tuturor celor interesa\u0163i de\na prezenta elevilor valorile moral-religioase \u00eentr-un mod atractiv \u015fi specific\ncaracteristicilor psihopedagogice ale v\u00e2rstei acestora.<\/p>\n\n\n\n<p><strong><em>Prof. dr.\nMihai FLOROAIA<\/em><\/strong><\/p>\n","protected":false},"excerpt":{"rendered":"<p>Av\u00e2nd \u00een vedere faptul c\u0103 planurile cadru ale \u00eenv\u0103\u0163\u0103m\u00e2ntului preuniversitar, c\u00e2t \u015fi disciplinele de studiu au trecut printr-un proces de optimizare curricular\u0103 \u015fi metodologic\u0103, proces adaptat ritmului, dinamicii \u015fi cerin\u0163elor societ\u0103\u0163ii actuale, un grup de cadre didactice \u2013 Stelian Pa\u015fca-Tu\u015fa,&hellip;<\/p>\n<p class=\"more-link-p\"><a class=\"more-link\" href=\"http:\/\/www.slineamt.ro\/apostolul\/nihil-sine-deo\/eficientizarea-predarii-religiei-prin-mijloace-multimedia\/\">Read more &rarr;<\/a><\/p>\n","protected":false},"author":1,"featured_media":0,"comment_status":"open","ping_status":"closed","sticky":false,"template":"","format":"standard","meta":{"footnotes":""},"categories":[22,435],"tags":[],"class_list":["post-20432","post","type-post","status-publish","format-standard","hentry","category-nihil-sine-deo","category-numarul-232"],"_links":{"self":[{"href":"http:\/\/www.slineamt.ro\/apostolul\/wp-json\/wp\/v2\/posts\/20432","targetHints":{"allow":["GET"]}}],"collection":[{"href":"http:\/\/www.slineamt.ro\/apostolul\/wp-json\/wp\/v2\/posts"}],"about":[{"href":"http:\/\/www.slineamt.ro\/apostolul\/wp-json\/wp\/v2\/types\/post"}],"author":[{"embeddable":true,"href":"http:\/\/www.slineamt.ro\/apostolul\/wp-json\/wp\/v2\/users\/1"}],"replies":[{"embeddable":true,"href":"http:\/\/www.slineamt.ro\/apostolul\/wp-json\/wp\/v2\/comments?post=20432"}],"version-history":[{"count":1,"href":"http:\/\/www.slineamt.ro\/apostolul\/wp-json\/wp\/v2\/posts\/20432\/revisions"}],"predecessor-version":[{"id":20434,"href":"http:\/\/www.slineamt.ro\/apostolul\/wp-json\/wp\/v2\/posts\/20432\/revisions\/20434"}],"wp:attachment":[{"href":"http:\/\/www.slineamt.ro\/apostolul\/wp-json\/wp\/v2\/media?parent=20432"}],"wp:term":[{"taxonomy":"category","embeddable":true,"href":"http:\/\/www.slineamt.ro\/apostolul\/wp-json\/wp\/v2\/categories?post=20432"},{"taxonomy":"post_tag","embeddable":true,"href":"http:\/\/www.slineamt.ro\/apostolul\/wp-json\/wp\/v2\/tags?post=20432"}],"curies":[{"name":"wp","href":"https:\/\/api.w.org\/{rel}","templated":true}]}}