{"id":20439,"date":"2020-09-18T12:14:00","date_gmt":"2020-09-18T12:14:00","guid":{"rendered":"http:\/\/www.slineamt.ro\/apostolul\/?p=20439"},"modified":"2020-09-18T12:14:00","modified_gmt":"2020-09-18T12:14:00","slug":"prieten-al-artelor-animator-al-vietii-spirituale-nemtene%ef%bb%bf","status":"publish","type":"post","link":"http:\/\/www.slineamt.ro\/apostolul\/arte-si-meseriii\/prieten-al-artelor-animator-al-vietii-spirituale-nemtene%ef%bb%bf\/","title":{"rendered":"Prieten al artelor, animator al vie\u0163ii spirituale nem\u0163ene\ufeff"},"content":{"rendered":"\n<figure class=\"wp-block-image\"><img loading=\"lazy\" decoding=\"async\" width=\"680\" height=\"444\" src=\"http:\/\/www.slineamt.ro\/apostolul\/wp-content\/uploads\/2020\/09\/19-ap232-foto1.jpg\" alt=\"\" class=\"wp-image-20440\" srcset=\"http:\/\/www.slineamt.ro\/apostolul\/wp-content\/uploads\/2020\/09\/19-ap232-foto1.jpg 680w, http:\/\/www.slineamt.ro\/apostolul\/wp-content\/uploads\/2020\/09\/19-ap232-foto1-300x196.jpg 300w, http:\/\/www.slineamt.ro\/apostolul\/wp-content\/uploads\/2020\/09\/19-ap232-foto1-560x366.jpg 560w, http:\/\/www.slineamt.ro\/apostolul\/wp-content\/uploads\/2020\/09\/19-ap232-foto1-260x170.jpg 260w, http:\/\/www.slineamt.ro\/apostolul\/wp-content\/uploads\/2020\/09\/19-ap232-foto1-160x104.jpg 160w\" sizes=\"auto, (max-width: 680px) 100vw, 680px\" \/><\/figure>\n\n\n\n<p><br><\/p>\n\n\n\n<p>Prin ce se\nleag\u0103 numele lui Eduard Covali de cel al ora\u015fului nostru, ca promotor al\nprestigiului acestuia?<\/p>\n\n\n\n<p>Prin cei\npatruzeci \u015fi unu de ani tr\u0103i\u0163i \u015fi sf\u00e2r\u015fi\u0163i aici, identifica\u0163i \u00een cea mai mare\nparte cu via\u0163a Teatrului Tineretului, cu o perioad\u0103 de efervescen\u0163\u0103 cultural\u0103 a\nmunicipiului. Teatrolog de profesie, Eduard Covali a fost un prieten devotat al\nartelor \u015fi arti\u015ftilor, animator al vie\u0163ii spirituale nem\u0163ene.<\/p>\n\n\n\n<p>\u00cempreun\u0103 cu\nIon Coman, primul director al teatrului, Eduard Covali a ctitorit aceast\u0103\ninstitu\u0163ie \u00een care \u201ea petrecut\u201d treizeci \u015fi unu de ani, fiind r\u00e2nd pe r\u00e2nd\npictor executant, secretar literar, director, regizor artistic, director\nadjunct sau consilier artistic.<\/p>\n\n\n\n<p>M\u0103rturii ale\ncolegilor de echip\u0103 vorbesc despre venera\u0163ia sa fa\u0163\u0103 de arta teatral\u0103, despre\nsubtilitatea, rafinamentul, inteligen\u0163a, cultura celui ce devenise \u201ecreierul\u201d\nteatrului \u00een primii zece-cincisprezece ani de existen\u0163\u0103 a acestuia.<\/p>\n\n\n\n<p>Via\u0163a i s-a\nconfundat cu teatrul. Cu hazul s\u0103u aparte se \u00eentreba dac\u0103 oare nu s-a n\u0103scut \u00een\nteatru. Era sigur \u00eens\u0103 c\u0103 a tr\u0103it \u00een el, c\u0103ci aici se concentra via\u0163a cultural\u0103\na ora\u015fului nostru: spectacole de teatru, concerte de muzic\u0103 simfonic\u0103 \u015fi muzic\u0103\nu\u015foar\u0103, Vacan\u0163ele Muzicale, festivaluri, saloane artistice, colocvii de poezie,\nvernisaje \u2013 \u00eent\u00e2lniri cu toate artele.<\/p>\n\n\n\n<p>\u00cenceputul\nscrisului s\u0103u porne\u015fte din necesit\u0103\u0163i profesionale: traduceri din francez\u0103 \u015fi\nitalian\u0103 de estetic\u0103 teatral\u0103 sau traduceri \u015fi adapt\u0103ri pentru scen\u0103, iar mai\napoi, dramatizarea unor basme care a dus la spectacole excelente pentru copii\nprecum: \u201eVr\u0103jitorul din Oz\u201d, \u201eCartea Junglei\u201d, \u201eInim\u0103 Rece\u201d.<\/p>\n\n\n\n<p>Volumul\n\u201eTeatru\u201d (1995) care cuprinde piese jucate pe scena Teatrului Tineretului \u015fi a\naltor teatre din \u0163ar\u0103, ca \u201eTinere\u0163e f\u0103r\u0103 b\u0103tr\u00e2ne\u0163e\u201d, \u201eAnotimpuri teatrale\u201d,\n\u201eAlba ca Z\u0103bava\u201d, \u201eMarazurile amintirilor\u201d, este singura carte ap\u0103rut\u0103 \u00een\ntimpul vie\u0163ii scriitorului. <\/p>\n\n\n\n<p>Obsesia\nartei teatrale na\u015fte \u015fi \u201eRe\u0163eta pentru un teatru perfect\u201d, volum ap\u0103rut postum\nla Editura <em>Conta<\/em>. Este cuprins\u0103 \u00een\naceast\u0103 carte de eseuri, portrete \u015fi povestiri, experien\u0163a autorului tr\u0103it\u0103 \u00een\nlumea teatrului \u015fi comunicat\u0103 disimulat sub masca unui personaj \u2013 actor, Lauren\u0163iu\nGrigorescu P\u00e2ncota.<\/p>\n\n\n\n<p>Prin 2000 \u00een\n\u201eSimple m\u0103rturisiri\u201d Eduard Covali spunea c\u0103 scrisul a \u00eenceput pentru el ca un\njoc n\u0103scut din iubirea fa\u0163\u0103 de limba rom\u00e2n\u0103; a continuat pentru a face depozi\u0163ii\nca martor posibil al unei contemporaneit\u0103\u0163i din care \u00eencearc\u0103 s\u0103 evadeze: \u201eam\nscris uneori ca s\u0103 fug de mine \u015fi ca s\u0103-mi intru \u00een posesie \u015fi, la urma urmei,\nam scris ca s\u0103-mi tr\u0103iesc via\u0163a\u201d. <\/p>\n\n\n\n<p>\u201eCrochiuri\ncontemporane\u201d este cartea de m\u0103rturisiri ale unui observator atent al prezentului.\nPrima parte, \u201eCaractere\u201d, \u00een stilul morali\u015ftilor francezi ai secolului al\nXVII-lea, define\u015fte categorii morale universale plasate \u00eens\u0103 \u00eentr-un spa\u0163iu\nrom\u00e2nesc al unei epoci contemporane, mereu de tranzi\u0163ie. A doua parte,\n\u201ePic\u0103tura de otrav\u0103\u201d, cuprinde tablete publicate de-a lungul timpului \u00een\n\u201eCeahl\u0103ul\u201d, \u201eAsachi\u201d, care \u00een final dilueaz\u0103 \u201eotrava\u201d din evenimentele de toate\nfelurile pe care le tr\u0103im printr-o und\u0103 de haz amar.<\/p>\n\n\n\n<p>\u00cen presa\nlocal\u0103 a publicat, de asemenea, cronici plastice \u015fi dramatice, interviuri,\ncronici politice, jurnale de lectur\u0103.<\/p>\n\n\n\n<p>Devine\nmembru al Uniunii Scriitorilor \u00een1998.<\/p>\n\n\n\n<p>S-a n\u0103scut\nla 11 septembrie 1930 la Orhei, Republica Moldova.<\/p>\n\n\n\n<p>Studiile\nprimare \u015fi liceale le face la Bac\u0103u.<\/p>\n\n\n\n<p>Timp de trei\nani, elev fiind \u00eenc\u0103, este de\u0163inut politic (1948-1951) pentru delictul de\n\u201etulburare a ordinii sociale\u201d.<\/p>\n\n\n\n<p>Dup\u0103\nabsolvirea Institutului de Art\u0103 Teatral\u0103 \u015fi Cinematografic\u0103 (1958) sec\u0163ia\nTeatrologie, nu poate accede \u00een niciun domeniu de specialitate \u015fi lucreaz\u0103 ca\nmuncitor pe un \u015fantier de construc\u0163ii.<\/p>\n\n\n\n<p>Din 1961\np\u00e2n\u0103 \u00een 1992 este angajat al Teatrului Tineretului.<\/p>\n\n\n\n<p>S-a stins\ndin via\u0163\u0103 pe 2 noiembrie 2002.<\/p>\n\n\n\n<p>\u00cen iunie\n1999 Prim\u0103ria Municipiului Piatra-Neam\u0163 \u00eei confer\u0103 titlul de <em>Cet\u0103\u0163ean de Onoare<\/em>, \u201e\u00een semn de pre\u0163uire\na contribu\u0163iei sale deosebite pentru impunerea imaginii ora\u015fului \u00een \u0163ar\u0103 \u015fi \u00een\nlume\u201d (semneaz\u0103 primar Ion Rotaru) ca rezultat al \u00eentregii activit\u0103\u0163i culturale\nde publicist, teatrolog, dramaturg, regizor.<\/p>\n\n\n\n<p><strong><em>REDAC\u0162IA<\/em><\/strong><\/p>\n","protected":false},"excerpt":{"rendered":"<p>Prin ce se leag\u0103 numele lui Eduard Covali de cel al ora\u015fului nostru, ca promotor al prestigiului acestuia? Prin cei patruzeci \u015fi unu de ani tr\u0103i\u0163i \u015fi sf\u00e2r\u015fi\u0163i aici, identifica\u0163i \u00een cea mai mare parte cu via\u0163a Teatrului Tineretului, cu&hellip;<\/p>\n<p class=\"more-link-p\"><a class=\"more-link\" href=\"http:\/\/www.slineamt.ro\/apostolul\/arte-si-meseriii\/prieten-al-artelor-animator-al-vietii-spirituale-nemtene%ef%bb%bf\/\">Read more &rarr;<\/a><\/p>\n","protected":false},"author":1,"featured_media":0,"comment_status":"open","ping_status":"closed","sticky":false,"template":"","format":"standard","meta":{"footnotes":""},"categories":[7,435],"tags":[],"class_list":["post-20439","post","type-post","status-publish","format-standard","hentry","category-arte-si-meseriii","category-numarul-232"],"_links":{"self":[{"href":"http:\/\/www.slineamt.ro\/apostolul\/wp-json\/wp\/v2\/posts\/20439","targetHints":{"allow":["GET"]}}],"collection":[{"href":"http:\/\/www.slineamt.ro\/apostolul\/wp-json\/wp\/v2\/posts"}],"about":[{"href":"http:\/\/www.slineamt.ro\/apostolul\/wp-json\/wp\/v2\/types\/post"}],"author":[{"embeddable":true,"href":"http:\/\/www.slineamt.ro\/apostolul\/wp-json\/wp\/v2\/users\/1"}],"replies":[{"embeddable":true,"href":"http:\/\/www.slineamt.ro\/apostolul\/wp-json\/wp\/v2\/comments?post=20439"}],"version-history":[{"count":1,"href":"http:\/\/www.slineamt.ro\/apostolul\/wp-json\/wp\/v2\/posts\/20439\/revisions"}],"predecessor-version":[{"id":20441,"href":"http:\/\/www.slineamt.ro\/apostolul\/wp-json\/wp\/v2\/posts\/20439\/revisions\/20441"}],"wp:attachment":[{"href":"http:\/\/www.slineamt.ro\/apostolul\/wp-json\/wp\/v2\/media?parent=20439"}],"wp:term":[{"taxonomy":"category","embeddable":true,"href":"http:\/\/www.slineamt.ro\/apostolul\/wp-json\/wp\/v2\/categories?post=20439"},{"taxonomy":"post_tag","embeddable":true,"href":"http:\/\/www.slineamt.ro\/apostolul\/wp-json\/wp\/v2\/tags?post=20439"}],"curies":[{"name":"wp","href":"https:\/\/api.w.org\/{rel}","templated":true}]}}