{"id":20446,"date":"2020-09-18T12:18:23","date_gmt":"2020-09-18T12:18:23","guid":{"rendered":"http:\/\/www.slineamt.ro\/apostolul\/?p=20446"},"modified":"2020-09-18T12:19:16","modified_gmt":"2020-09-18T12:19:16","slug":"cine-nu-l-iubea-pe-edi","status":"publish","type":"post","link":"http:\/\/www.slineamt.ro\/apostolul\/arte-si-meseriii\/cine-nu-l-iubea-pe-edi\/","title":{"rendered":"Cine nu-l iubea pe Edi?"},"content":{"rendered":"\n<figure class=\"wp-block-image\"><img loading=\"lazy\" decoding=\"async\" width=\"605\" height=\"457\" src=\"http:\/\/www.slineamt.ro\/apostolul\/wp-content\/uploads\/2020\/09\/16-ap232-foto1.jpg\" alt=\"\" class=\"wp-image-20447\" srcset=\"http:\/\/www.slineamt.ro\/apostolul\/wp-content\/uploads\/2020\/09\/16-ap232-foto1.jpg 605w, http:\/\/www.slineamt.ro\/apostolul\/wp-content\/uploads\/2020\/09\/16-ap232-foto1-300x227.jpg 300w, http:\/\/www.slineamt.ro\/apostolul\/wp-content\/uploads\/2020\/09\/16-ap232-foto1-560x423.jpg 560w, http:\/\/www.slineamt.ro\/apostolul\/wp-content\/uploads\/2020\/09\/16-ap232-foto1-260x196.jpg 260w, http:\/\/www.slineamt.ro\/apostolul\/wp-content\/uploads\/2020\/09\/16-ap232-foto1-160x121.jpg 160w\" sizes=\"auto, (max-width: 605px) 100vw, 605px\" \/><\/figure>\n\n\n\n<p>Eduard\nCovali a fost cel mai bun director al Teatrului Tineretului din Piatra-Neam\u0163.\nCel mai bun director de p\u00e2n\u0103 la el a fost Ion Coman. Ion Coman, care avea\nobiceiul s\u0103 le spun\u0103 celor care \u00eentrebau despre Teatrul Tineretului Piatra-Neam\u0163:\nnu vorbi\u0163i cu mine; eu sunt geamba\u015f de actori, dar merge\u0163i la secretariatul\nliterar \u015fi o s\u0103 g\u0103si\u0163i acolo un tip mic \u015fi de\u015ftept care \u015ftie tot despre teatru.<\/p>\n\n\n\n<p>Cu timpul am\ndevenit prieten cu Edi, tipul mic care \u015ftia tot despre teatru. F\u0103ceam un\ncenaclu \u015fi scriam \u00eempreun\u0103, \u00een trei, poezii dedicate zilelor de na\u015ftere ale\ncolegilor. Ni\u015fte poezii care aveau umorul lor \u015fi nu doar umor, ci \u015fi spirit.\nF\u0103ceam treaba asta cu bucurie, \u00eempreun\u0103 cu Edi \u015fi Gelu Apostol. Regret c\u0103 eu nu\nle-am p\u0103strat. <\/p>\n\n\n\n<p>Eduard\nCovali avea umor, spirit, \u015fi o memorie extraordinar\u0103. Se g\u00e2ndea la Nora cu mare\ndrag, Nora, fiica lui care a devenit actri\u0163\u0103. \u00cei urm\u0103rea cariera, se uita\n\u00eendeaproape la ea&#8230; \u015ei acum, suntem cu to\u0163i trei actori: Gelu Apostol, eu \u015fi\nNora Covali&#8230;<\/p>\n\n\n\n<p>Cine nu-l\niubea pe Edi?<\/p>\n\n\n\n<p>Edi era \u00een\u0163eleg\u0103tor,\navea umor \u015fi \u015ftia s\u0103 fac\u0103 glume din orice. <\/p>\n\n\n\n<p>Citea enorm.\n<\/p>\n\n\n\n<p>E adev\u0103rat\nc\u0103 bea \u015fi fuma, dar b\u0103utura niciodat\u0103 nu l-a pus la p\u0103m\u00e2nt. Totdeauna, la o\nvotc\u0103 mic\u0103, devenea mai spiritual, mai cald, mai deschis comunic\u0103rii \u015fi ideilor\ncelor mai tr\u0103snite. Cu o condi\u0163ie: s\u0103 slujeasc\u0103 faimei T. T.- ului.<\/p>\n\n\n\n<p>Acum, c\u00e2nd\nse \u00eemplinesc 90 de ani de la na\u015fterea lui, \u00eei doresc, chiar acolo \u00een nefiin\u0163\u0103,\ns\u0103-l ocroteasc\u0103 Dumnezeu \u015fi s\u0103 fie fericit. \u015ei s\u0103n\u0103tos pe c\u00e2t se poate acolo.\n\u015ei plin de voie bun\u0103 ca \u00eentotdeauna.<\/p>\n\n\n\n<p><strong><em>\u0162\u00e2c\u0103\nCOJOCARU<\/em><\/strong><\/p>\n","protected":false},"excerpt":{"rendered":"<p>Eduard Covali a fost cel mai bun director al Teatrului Tineretului din Piatra-Neam\u0163. Cel mai bun director de p\u00e2n\u0103 la el a fost Ion Coman. Ion Coman, care avea obiceiul s\u0103 le spun\u0103 celor care \u00eentrebau despre Teatrul Tineretului Piatra-Neam\u0163:&hellip;<\/p>\n<p class=\"more-link-p\"><a class=\"more-link\" href=\"http:\/\/www.slineamt.ro\/apostolul\/arte-si-meseriii\/cine-nu-l-iubea-pe-edi\/\">Read more &rarr;<\/a><\/p>\n","protected":false},"author":1,"featured_media":0,"comment_status":"open","ping_status":"closed","sticky":false,"template":"","format":"standard","meta":{"footnotes":""},"categories":[7,435],"tags":[],"class_list":["post-20446","post","type-post","status-publish","format-standard","hentry","category-arte-si-meseriii","category-numarul-232"],"_links":{"self":[{"href":"http:\/\/www.slineamt.ro\/apostolul\/wp-json\/wp\/v2\/posts\/20446","targetHints":{"allow":["GET"]}}],"collection":[{"href":"http:\/\/www.slineamt.ro\/apostolul\/wp-json\/wp\/v2\/posts"}],"about":[{"href":"http:\/\/www.slineamt.ro\/apostolul\/wp-json\/wp\/v2\/types\/post"}],"author":[{"embeddable":true,"href":"http:\/\/www.slineamt.ro\/apostolul\/wp-json\/wp\/v2\/users\/1"}],"replies":[{"embeddable":true,"href":"http:\/\/www.slineamt.ro\/apostolul\/wp-json\/wp\/v2\/comments?post=20446"}],"version-history":[{"count":2,"href":"http:\/\/www.slineamt.ro\/apostolul\/wp-json\/wp\/v2\/posts\/20446\/revisions"}],"predecessor-version":[{"id":20449,"href":"http:\/\/www.slineamt.ro\/apostolul\/wp-json\/wp\/v2\/posts\/20446\/revisions\/20449"}],"wp:attachment":[{"href":"http:\/\/www.slineamt.ro\/apostolul\/wp-json\/wp\/v2\/media?parent=20446"}],"wp:term":[{"taxonomy":"category","embeddable":true,"href":"http:\/\/www.slineamt.ro\/apostolul\/wp-json\/wp\/v2\/categories?post=20446"},{"taxonomy":"post_tag","embeddable":true,"href":"http:\/\/www.slineamt.ro\/apostolul\/wp-json\/wp\/v2\/tags?post=20446"}],"curies":[{"name":"wp","href":"https:\/\/api.w.org\/{rel}","templated":true}]}}