{"id":20453,"date":"2020-09-18T12:22:01","date_gmt":"2020-09-18T12:22:01","guid":{"rendered":"http:\/\/www.slineamt.ro\/apostolul\/?p=20453"},"modified":"2020-09-18T12:25:08","modified_gmt":"2020-09-18T12:25:08","slug":"edi%ef%bb%bf","status":"publish","type":"post","link":"http:\/\/www.slineamt.ro\/apostolul\/arte-si-meseriii\/edi%ef%bb%bf\/","title":{"rendered":"Edi\ufeff"},"content":{"rendered":"\n<p>Edi n-a\nplecat, nu ne-a p\u0103r\u0103sit, Edi e mereu printre noi. Iat\u0103, \u00eempline\u015fte 90 de ani.\nSi ne \u00eenc\u0103lze\u015fte sufletele, ne de\u015fteapt\u0103 amintirile&#8230; <\/p>\n\n\n\n<p>Am fost\nprimul actor angajat de el din noua func\u0163ie de director, dup\u0103 tragicul accident\naviatic al fostului director, Ion Coman. Nu ne cuno\u015fteam personal \u2013 el m\u0103\nv\u0103zuse \u00eentr-un monolog prezentat \u00een cadrul festivalului din Gala\u0163i, eu aflasem\nde la colegii din institut despre el \u015fi despre atmosfera de la Piatra, a\u015fa c\u0103,\nentuziasmat, i-am scris, exprim\u00e2ndu-mi dorin\u0163a de a face parte din trupa\nteatrului. R\u0103spunsul a venit prompt \u2013 \u201e&#8230;suntem onora\u0163i de a v\u0103 primi \u00een\ncolectivul nostru \u015fi v\u0103 a\u015ftept\u0103m&#8230;\u201d M-a cam descump\u0103nit acest r\u0103spuns, m-am\nsim\u0163it ca \u00een bancul cu \u015fomerul negru care solicit\u0103 un post, orice, unui patron\nrasist \u2013 \u201eDesigur, ar fi o onoare pentru noi, dar din p\u0103cate nu-\u0163i pot oferi\ndec\u00e2t postul de director adjunct, cu ma\u015fin\u0103 la dispozi\u0163ie \u015fi un salariu de doar\n10.000 de dolari.\u201d \u2013 \u201eV\u0103 bate\u0163i joc de mine\u201d \u2013 \u201eP\u0103i tu ai \u00eenceput primul!\u201d De\nfapt aceast\u0103 formulare protocolar\u0103 dezv\u0103luia un intelectual de ras\u0103 care \u015ftia\ns\u0103 se respecte, respect\u00e2nd. \u00cen pofida temerilor mele, prima \u00eent\u00e2lnire nu a fost\nde fel protocolar\u0103, parc\u0103 m\u0103 cuno\u015ftea de c\u00e2nd lumea, avea un har unic de a te\nface s\u0103 te sim\u0163i bine \u015fi \u00een largul t\u0103u \u00een preajma lui. Ne-am \u00eemprietenit destul\nde repede, pe semne a circulat \u00eentre noi acel fluid invizibil \u015fi indicibil care\nface trainic\u0103 o prietenie. Nu ne-am m\u0103rturisit-o niciodat\u0103, dar am sim\u0163it-o din\nplin. \u015ei una dintre dovezi am aflat-o de la doamna Sanda Manu, scumpa \u015fi dulcea\nnoastr\u0103 profesoar\u0103, care avea s\u0103-mi spun\u0103 mai t\u00e2rziu \u2013 invitat\u0103 s\u0103 monteze\n\u201eInim\u0103 rece\u201d de Hauff, c\u00e2nd i-a prezentat distribu\u0163ia, \u00eentr-unul din rolurile\nimportante (Omule\u0163ul de sticl\u0103) \u00eel alesese pe un alt coleg. Acolo nu exista\nobiceiul ca directorul s\u0103 impun\u0103 vreun actor \u00een distribu\u0163ie. Si totu\u015fi, nu \u015ftiu\ncum a f\u0103cut \u015fi ce i-a spus Edi, dar a convins-o s\u0103 m\u0103 \u00eencerce pe mine \u00een acel\nrol. Rol cu care am ob\u0163inut premiul de interpretare la urm\u0103torul festival de la\nPiatra! Providen\u0163\u0103&#8230; grij\u0103 pentru actori&#8230; Cred c\u0103 am\u00e2ndou\u0103. \u201eS\u0103 \u015ftii c\u0103 Edi\n\u00ee\u0163i este un prieten bun\u201d, mi-a m\u0103rturisit doamna Manu la plecare, c\u00e2nd am\ncondus-o la gar\u0103. Edi n-a pomenit niciodat\u0103 acest lucru, cu delicata-i discre\u0163ie\n\u015fi nici eu, dup\u0103 ce am aflat, nu i-am mul\u0163umit, respect\u00e2ndu-i-o. Acum \u00eemi pare\nr\u0103u c\u0103 n-am f\u0103cut-o, dar cu siguran\u0163\u0103 am s-o fac c\u00e2nd o s\u0103-l \u00eent\u00e2lnesc acolo\nsus&#8230;<\/p>\n\n\n\n<p>A fost un\ndirector atipic de teatru \u2013 nu conducea imperial din fotoliu, nu avea afi\u015fat pe\nu\u015f\u0103 programul de audien\u0163e, nu urcam noi la el \u00een birou, cobora el printre noi,\nmai ales \u00een b\u0103rule\u0163ul nostru din subsol, ai c\u0103rui mandatari, barmani \u015fi clien\u0163i\neram cu to\u0163ii \u015fi \u00een care ne petreceam aproape tot timpul liber, ba chiar \u015fi\nzilele de na\u015ftere. Ca s\u0103 dea mai mult\u0103 savoare acestor evenimente, Edi a avut\nideea s\u0103 scriem o poezie anume dedicat\u0103 s\u0103rb\u0103toritului. Si ne-a adunat pe c\u00e2\u0163i\u00adva\n\u2013 Sandu Laz\u0103r, \u0162\u00e2c\u0103 Cojocaru \u015fi eu \u2013 form\u00e2nd un \u201egrup de crea\u0163ie\u201d, care, de-a\nlungul anilor, avea s\u0103 devin\u0103 o binecunoscut\u0103 \u201ecooperativ\u0103 de poezie\u201d. Erau\n\u015farje prietene\u015fti, pline de aluzii \u015fi ironii haioase, care \u00eenc\u0103lzeau atmosfera\nmai mult dec\u00e2t vodca cu care eram servi\u0163i \u015fi care erau apreciate mai mult dec\u00e2t\norice cadou. Aceast\u0103 stare de gra\u0163ie, al c\u0103rei neobosit animator era mereu \u015fi\nmereu Edi, bucuria sim\u0163it\u0103 de fiecare de a munci \u015fi tr\u0103i \u00eempreun\u0103, a fost unul\ndintre secretele a ceea ce avea s\u0103 devin\u0103 \u201efenomenul Teatrul Tineretului\u201d, care\n\u2013 al\u0103turi de valoarea colectivului, repertoriul inspirat \u015fi invitarea\nregizorilor prestigio\u015fi \u2013 a generat, pe la \u00eenceputul anilor 70, butada \u201ecel mai\nbun teatru din Bucure\u015fti e cel de la Piatra-Neam\u0163\u201d! Pe tinerii iconocla\u015fti \u015fi\nsceptici \u00eei invit s\u0103 citeasc\u0103 opiniile celor mai aprecia\u0163i critici de teatru\ndin Bucure\u015fti \u015fi din \u0163ar\u0103, consemnate \u00een presa vremii.<\/p>\n\n\n\n<p>Om providen\u0163ial\npentru ora\u015ful binecuv\u00e2ntat de Dumnezeu de la poalele Pietricic\u0103i, Edi, cu\ndiscre\u0163ie, tenacitate \u015fi mai ales pasiune, a fost \u2013 mai \u00eent\u00e2i ca secretar literar\n\u015fi apoi ca director \u2013 unul dintre cei care au contribuit decisiv la ridicarea\nacestui edificiu emblematic \u2013 Teatrul Tineretului.<\/p>\n\n\n\n<p>Nu se cuvine\ns\u0103 fim tri\u015fti la aceast\u0103 aniversare \u2013 Edi nu ne-a p\u0103r\u0103sit, Edi e mereu printre\nnoi. \u015ei totu\u015fi&#8230;<\/p>\n\n\n\n<p>Tare mi-e dor\nde r\u00e2sul lui tonic \u015fi molipsitor&#8230;<\/p>\n\n\n\n<p>Tare mi-e\ndor s\u0103-l aud \u201eam o propunere cu care sunt de acord\u201d, sau \u201e ti pup pi gur\u00e2\u201d&#8230;<\/p>\n\n\n\n<p>Tare mi-e\ndor s\u0103 m\u0103 \u00eembie, atunci c\u00e2nd avea chef de-o vodc\u0103, \u201ehai la o \u015fp\u00e2rl\u0103\u201d&#8230;<\/p>\n\n\n\n<p>Hai, dragul\nmeu Edi!<\/p>\n\n\n\n<p>\u015ei, ca s\u0103 nu\ncrezi c\u0103 mi-am ie\u015fit din m\u00e2n\u0103&#8230;.<\/p>\n\n\n\n<p><em>Dup\u0103 talie, de-ar fi s\u0103 judec\u0103m un pic, <\/em><\/p>\n\n\n\n<p><em>Tu trebuia s\u0103 faci un Teatru Mic<\/em><\/p>\n\n\n\n<p><em>Dar iat\u0103, \u015fi nu-i deloc o \u00eent\u00e2mplare,<\/em><\/p>\n\n\n\n<p><em>Ai reu\u015fit s\u0103 faci un&#8230; Teatru Mare!<\/em><\/p>\n\n\n\n<p>Cu mereu\naceea\u015fi imens\u0103 dragoste,<\/p>\n\n\n\n<p><strong><em>Gelu APOSTOL<\/em><\/strong><\/p>\n","protected":false},"excerpt":{"rendered":"<p>Edi n-a plecat, nu ne-a p\u0103r\u0103sit, Edi e mereu printre noi. Iat\u0103, \u00eempline\u015fte 90 de ani. Si ne \u00eenc\u0103lze\u015fte sufletele, ne de\u015fteapt\u0103 amintirile&#8230; Am fost primul actor angajat de el din noua func\u0163ie de director, dup\u0103 tragicul accident aviatic al&hellip;<\/p>\n<p class=\"more-link-p\"><a class=\"more-link\" href=\"http:\/\/www.slineamt.ro\/apostolul\/arte-si-meseriii\/edi%ef%bb%bf\/\">Read more &rarr;<\/a><\/p>\n","protected":false},"author":1,"featured_media":0,"comment_status":"open","ping_status":"closed","sticky":false,"template":"","format":"standard","meta":{"footnotes":""},"categories":[7,435],"tags":[],"class_list":["post-20453","post","type-post","status-publish","format-standard","hentry","category-arte-si-meseriii","category-numarul-232"],"_links":{"self":[{"href":"http:\/\/www.slineamt.ro\/apostolul\/wp-json\/wp\/v2\/posts\/20453","targetHints":{"allow":["GET"]}}],"collection":[{"href":"http:\/\/www.slineamt.ro\/apostolul\/wp-json\/wp\/v2\/posts"}],"about":[{"href":"http:\/\/www.slineamt.ro\/apostolul\/wp-json\/wp\/v2\/types\/post"}],"author":[{"embeddable":true,"href":"http:\/\/www.slineamt.ro\/apostolul\/wp-json\/wp\/v2\/users\/1"}],"replies":[{"embeddable":true,"href":"http:\/\/www.slineamt.ro\/apostolul\/wp-json\/wp\/v2\/comments?post=20453"}],"version-history":[{"count":2,"href":"http:\/\/www.slineamt.ro\/apostolul\/wp-json\/wp\/v2\/posts\/20453\/revisions"}],"predecessor-version":[{"id":20462,"href":"http:\/\/www.slineamt.ro\/apostolul\/wp-json\/wp\/v2\/posts\/20453\/revisions\/20462"}],"wp:attachment":[{"href":"http:\/\/www.slineamt.ro\/apostolul\/wp-json\/wp\/v2\/media?parent=20453"}],"wp:term":[{"taxonomy":"category","embeddable":true,"href":"http:\/\/www.slineamt.ro\/apostolul\/wp-json\/wp\/v2\/categories?post=20453"},{"taxonomy":"post_tag","embeddable":true,"href":"http:\/\/www.slineamt.ro\/apostolul\/wp-json\/wp\/v2\/tags?post=20453"}],"curies":[{"name":"wp","href":"https:\/\/api.w.org\/{rel}","templated":true}]}}