{"id":20459,"date":"2020-09-18T12:24:24","date_gmt":"2020-09-18T12:24:24","guid":{"rendered":"http:\/\/www.slineamt.ro\/apostolul\/?p=20459"},"modified":"2020-09-18T12:24:24","modified_gmt":"2020-09-18T12:24:24","slug":"in-memoriam-eduard-covali-ar-fi-implinit-90-de-ani%ef%bb%bf","status":"publish","type":"post","link":"http:\/\/www.slineamt.ro\/apostolul\/arte-si-meseriii\/in-memoriam-eduard-covali-ar-fi-implinit-90-de-ani%ef%bb%bf\/","title":{"rendered":"In memoriam: Eduard Covali ar fi \u00eemplinit 90 de ani\ufeff"},"content":{"rendered":"\n<div class=\"wp-block-image\"><figure class=\"alignleft is-resized\"><img loading=\"lazy\" decoding=\"async\" src=\"http:\/\/www.slineamt.ro\/apostolul\/wp-content\/uploads\/2020\/09\/12-ap232-foto1-1.jpg\" alt=\"\" class=\"wp-image-20460\" width=\"279\" height=\"381\" srcset=\"http:\/\/www.slineamt.ro\/apostolul\/wp-content\/uploads\/2020\/09\/12-ap232-foto1-1.jpg 387w, http:\/\/www.slineamt.ro\/apostolul\/wp-content\/uploads\/2020\/09\/12-ap232-foto1-1-219x300.jpg 219w, http:\/\/www.slineamt.ro\/apostolul\/wp-content\/uploads\/2020\/09\/12-ap232-foto1-1-260x355.jpg 260w, http:\/\/www.slineamt.ro\/apostolul\/wp-content\/uploads\/2020\/09\/12-ap232-foto1-1-160x219.jpg 160w\" sizes=\"auto, (max-width: 279px) 100vw, 279px\" \/><\/figure><\/div>\n\n\n\n<p>Tot\ng\u00e2ndindu-m\u0103 cum trece vremea (<em>Eheu\nfugaces Postume, Postume<\/em>\u2026) \u015fi c\u0103 pe 11 septembrie Eduard Covali ar fi\n\u00eemplinit 90 de ani, m-am \u00eentrebat ce a \u00eensemnat el \u00een via\u0163a mea. \u015etiu ce a\n\u00eensemnat pentru teatrul rom\u00e2nesc teatrologul, regizorul \u015fi dramaturgul Eduard\nCovali. \u015etiu bine ce a \u00eensemnat el \u015fi pentru Teatrul Tineretului: \u2013 mai mult\ndec\u00e2t un secretar literar \u015fi director \u2013 a fost autorul statutului moral \u015fi\nartistic al institu\u0163iei, pe vremea c\u00e2nd nu era nici o ru\u015fine s\u0103 ai un cod etic\nsau s\u0103 fii <em>chiar<\/em> de\u015ftept. Mai \u015ftiu c\u0103\npentru el teatrul a fost <strong><em>acasa mea<\/em><\/strong> \u015fi, aproape de fiecare\ndat\u0103 c\u00e2nd publicam afirma\u0163ia asta trebuia, s\u0103 fiu extrem de atent la text \u2013 mai\nto\u0163i corectorii modific\u00e2nd automat: <strong><em>casa mea<\/em><\/strong>. <\/p>\n\n\n\n<p>Cred c\u0103\nacest <em>teatrul, acasa mea<\/em> e cheia \u00een\ncare trebuie citit\u0103 personalitatea sa. <\/p>\n\n\n\n<p>Ce-i datorez\neu lui Eduard Covali e mai greu de spus\u2026 <\/p>\n\n\n\n<p>\u00cen primul\nr\u00e2nd, bucuria de a iubi teatru necondi\u0163ionat. Apoi norocul de a parcurge un\nnesf\u00e2r\u015fit exerci\u0163iu de admira\u0163ie, de a m\u0103 afla \u00een preajma unui mentor care,\naparent, nu-\u015fi asuma deloc aceast\u0103 calitate.<\/p>\n\n\n\n<p><em>Tu mi-ai deschis a ochilor lumine,\/ M-ai \u00eenv\u0103\u0163at ca lumea\ns-o citesc<\/em> zice\nPoetul c\u0103tre b\u0103tr\u00e2nul Will, \u015fi \u2013 p\u0103str\u00e2nd distan\u0163a care se impune \u2013 m\u0103rturisesc\nc\u0103 am \u00eenv\u0103\u0163at s\u0103 privesc teatrul prin ochii lui Eduard Covali, p\u00e2n\u0103 c\u00e2nd mi-am\ndob\u00e2ndit (sper) o privire a mea. Datorit\u0103 recomand\u0103rilor lui, lecturile noastre\nau \u00eenceput s\u0103 zburde de la sud americanii Sabato, Marquez, Borges, Llosa, la\nru\u015fii Bulgakov, Vampilov, Astafiev, cu tumbe prin Salinger, Hemingway,\nSteinbeck\u2026<\/p>\n\n\n\n<p>Vedeam \u015fi\ncomentam filmele \u00eempreun\u0103 la \u201e\u015ease sa\u015fi\u201d, despicam firul \u00een patru discut\u00e2nd\npiesele repertoriului viitor, m-a \u00eemboln\u0103vit de patima grea \u015fi nerodnic\u0103 a\npescuitului \u015fi n-o s\u0103 pot spune niciodat\u0103 c\u00e2t de mult mi-a d\u0103ruit \u015fi c\u00e2t m-a\n\u00eembog\u0103\u0163it. Extrem de spontan, putea s\u0103 fie \u00een orice clip\u0103 generos \u015fi ironic,\ninteligent \u015fi cult, str\u0103lucitor \u015fi modest. Tr\u0103ia liber \u00een marea pu\u015fc\u0103rie\ncomunist\u0103 (Chiar f\u0103cuse pu\u015fc\u0103rie la propriu!) \u015fi libertatea sa \u00eei molipsea to\u0163i\nprietenii, din teatru \u015fi din ora\u015f. O libertate pe care am dob\u00e2ndit-o, \u00een bun\u0103\nm\u0103sur\u0103, cred.<\/p>\n\n\n\n<p>\u00cenchei cu o\nprivire aruncat\u0103 asupra dramaturgiei sale, \u00eentr-o postfa\u0163\u0103 (<em>Nevoia de teatru<\/em>) pe care o semnam la\nvolumul \u201eTeatru\u201d, \u00een 1995. O privire de care nu m\u0103 dezic nici ast\u0103zi:<\/p>\n\n\n\n<p><em>Nu putem fi cu to\u0163ii shakespeari, aristofani sau molieri\n\u015fi e foarte bine a\u015fa, pentru c\u0103 dac\u0103 am fi, \u00een perfec\u0163iunea scenei lumii s-ar\ninstala o nesf\u00e2r\u015fit\u0103 plictiseal\u0103.<\/em><\/p>\n\n\n\n<p><em>Teatrul lui Eduard Covali sparge omene\u015fte aceast\u0103\nplictiseal\u0103, pun\u00e2nd mai mult pre\u0163, pe frumuse\u0163ea visului, pe frumuse\u0163ea ideii,\npe frumuse\u0163e. Pun\u00e2nd pre\u0163 adic\u0103 pe umbra frunzei pe ape.<\/em><\/p>\n\n\n\n<p><em>Visul secret al fiec\u0103rui dramaturg rom\u00e2n este s\u0103 dea de\np\u0103m\u00e2nt cu Caragiale, s\u0103-l calce \u00een picioare \u015fi s\u0103-i zdrobeasc\u0103 t\u00e2mpla cu o\ncatedral\u0103 mai albastr\u0103 dec\u00e2t scrisoarea pierdut\u0103.<\/em><\/p>\n\n\n\n<p><em>Visul lui Eduard Covali este s\u0103 ne fac\u0103 s\u0103 credem c\u0103\nvia\u0163a-i un fleac \u015fi c\u0103 NUMAI TEATRUL CONTEAZ\u0102<\/em>.<\/p>\n\n\n\n<p><strong><em>Mircea\nZAHARIA<\/em><\/strong><\/p>\n","protected":false},"excerpt":{"rendered":"<p>Tot g\u00e2ndindu-m\u0103 cum trece vremea (Eheu fugaces Postume, Postume\u2026) \u015fi c\u0103 pe 11 septembrie Eduard Covali ar fi \u00eemplinit 90 de ani, m-am \u00eentrebat ce a \u00eensemnat el \u00een via\u0163a mea. \u015etiu ce a \u00eensemnat pentru teatrul rom\u00e2nesc teatrologul, regizorul&hellip;<\/p>\n<p class=\"more-link-p\"><a class=\"more-link\" href=\"http:\/\/www.slineamt.ro\/apostolul\/arte-si-meseriii\/in-memoriam-eduard-covali-ar-fi-implinit-90-de-ani%ef%bb%bf\/\">Read more &rarr;<\/a><\/p>\n","protected":false},"author":1,"featured_media":0,"comment_status":"open","ping_status":"closed","sticky":false,"template":"","format":"standard","meta":{"footnotes":""},"categories":[7,435],"tags":[],"class_list":["post-20459","post","type-post","status-publish","format-standard","hentry","category-arte-si-meseriii","category-numarul-232"],"_links":{"self":[{"href":"http:\/\/www.slineamt.ro\/apostolul\/wp-json\/wp\/v2\/posts\/20459","targetHints":{"allow":["GET"]}}],"collection":[{"href":"http:\/\/www.slineamt.ro\/apostolul\/wp-json\/wp\/v2\/posts"}],"about":[{"href":"http:\/\/www.slineamt.ro\/apostolul\/wp-json\/wp\/v2\/types\/post"}],"author":[{"embeddable":true,"href":"http:\/\/www.slineamt.ro\/apostolul\/wp-json\/wp\/v2\/users\/1"}],"replies":[{"embeddable":true,"href":"http:\/\/www.slineamt.ro\/apostolul\/wp-json\/wp\/v2\/comments?post=20459"}],"version-history":[{"count":1,"href":"http:\/\/www.slineamt.ro\/apostolul\/wp-json\/wp\/v2\/posts\/20459\/revisions"}],"predecessor-version":[{"id":20461,"href":"http:\/\/www.slineamt.ro\/apostolul\/wp-json\/wp\/v2\/posts\/20459\/revisions\/20461"}],"wp:attachment":[{"href":"http:\/\/www.slineamt.ro\/apostolul\/wp-json\/wp\/v2\/media?parent=20459"}],"wp:term":[{"taxonomy":"category","embeddable":true,"href":"http:\/\/www.slineamt.ro\/apostolul\/wp-json\/wp\/v2\/categories?post=20459"},{"taxonomy":"post_tag","embeddable":true,"href":"http:\/\/www.slineamt.ro\/apostolul\/wp-json\/wp\/v2\/tags?post=20459"}],"curies":[{"name":"wp","href":"https:\/\/api.w.org\/{rel}","templated":true}]}}