{"id":20467,"date":"2020-09-18T13:55:28","date_gmt":"2020-09-18T13:55:28","guid":{"rendered":"http:\/\/www.slineamt.ro\/apostolul\/?p=20467"},"modified":"2020-09-18T13:57:31","modified_gmt":"2020-09-18T13:57:31","slug":"20467","status":"publish","type":"post","link":"http:\/\/www.slineamt.ro\/apostolul\/arte-si-meseriii\/20467\/","title":{"rendered":"\u201e\u00cencerc s\u0103 nu am regrete fa\u0163\u0103 de lucrurile pe care nu le pot schimba\u201d"},"content":{"rendered":"\n<div class=\"wp-block-image\"><figure class=\"alignleft is-resized\"><img loading=\"lazy\" decoding=\"async\" src=\"http:\/\/www.slineamt.ro\/apostolul\/wp-content\/uploads\/2020\/09\/10-ap232-foto1.jpg\" alt=\"\" class=\"wp-image-20468\" width=\"326\" height=\"489\" srcset=\"http:\/\/www.slineamt.ro\/apostolul\/wp-content\/uploads\/2020\/09\/10-ap232-foto1.jpg 378w, http:\/\/www.slineamt.ro\/apostolul\/wp-content\/uploads\/2020\/09\/10-ap232-foto1-200x300.jpg 200w, http:\/\/www.slineamt.ro\/apostolul\/wp-content\/uploads\/2020\/09\/10-ap232-foto1-260x390.jpg 260w, http:\/\/www.slineamt.ro\/apostolul\/wp-content\/uploads\/2020\/09\/10-ap232-foto1-160x240.jpg 160w\" sizes=\"auto, (max-width: 326px) 100vw, 326px\" \/><\/figure><\/div>\n\n\n\n<p><strong>\u2022 Interviu cu actri\u0163a Nora Covali<\/strong><\/p>\n\n\n\n<p>Actri\u0163a Nora\nCovali sluje\u015fte de dou\u0103 decenii scena Teatrului Tineretului \u015fi face acest lucru\ncu \u201eegal\u0103 destoinicie pentru toate felurile de caractere \u015fi roluri\u201d, dup\u0103 cum\ncerea Diderot actorului. Personajele interpretate de ea au o fizionomie\nparticular\u0103, au autenticitate, au o stare de spirit ce la diferen\u0163iaz\u0103. Face\ntotul cu iubire pentru iubire.<\/p>\n\n\n\n<p><em>\u2013 S\u0103 \u00eencepem cu partea tangibil\u0103 din Paradis. Cum a fost\ncopil\u0103ria Norei Covali?<\/em><\/p>\n\n\n\n<p>\u2013 Am fost\n\u201eprin\u0163esa lui tata \u015fi-a lui mama\u201d! Totul se \u00eenv\u00e2rtea \u00een jurul meu! Nu am avut\nnicio grij\u0103 \u015fi nu-mi aduc aminte s\u0103-mi fi lipsit ceva! Pentru \u201eactele de curaj\u201d\n(ca mersul la dentist) primeam c\u00e2te o diplom\u0103, pentru h\u0103rnicie primeam diplom\u0103\n\u2013 tata le desena \u015fi le scria; la \u015fcoal\u0103 n-am luat niciodat\u0103 premiul \u00eent\u00e2i, dar\nmama \u00eemi f\u0103cea cele mai frumoase coroni\u0163e din flori de c\u00e2mp!<\/p>\n\n\n\n<p>\u00cen fiecare\nan mergeam to\u0163i trei la mare, la 2 Mai. Acum m\u0103 duc singur\u0103. \u00cen urm\u0103 cu vreo\ndoi ani, m\u0103 plimbam prin sat, \u00een locurile unde mergeam cu ai mei. Mi-a venit\nbrusc s\u0103 pl\u00e2ng \u2013 a\u015f fi vrut at\u00e2t de mult s\u0103 mai am sentimentul de lini\u015fte \u015fi\nsiguran\u0163\u0103 de c\u00e2nd eram mic\u0103!&#8230;<\/p>\n\n\n\n<p><em>\u2013 Cum era Eduard Covali \u00een via\u0163a de zi cu zi?<\/em><\/p>\n\n\n\n<p>\u2013 Tata era\nextrem de serios c\u00e2nd era vorba despre teatru, scris, pescuit \u015fi copil \u2013 chiar\ndac\u0103 \u015fi-a dorit un b\u0103iat cu care s\u0103 mearg\u0103 la pescuit \u015fi a avut o fat\u0103 cu care\na mers la pescuit. Peste tot prin cas\u0103 avea, puse strategic, h\u00e2rtie \u015fi pixuri \u2013\ndac\u0103 cumva \u00eei venea o idee legat\u0103 de ceea ce scria \u00een momentul respectiv.\nIndiferent ce f\u0103cea era preocupat \u00een permanen\u0163\u0103 de scris.<\/p>\n\n\n\n<p>Citea mai\nmulte c\u0103r\u0163i \u00een paralel, unele dintre ele pe diagonal\u0103.<\/p>\n\n\n\n<p>Pl\u00e2ngea la\nfilme.<\/p>\n\n\n\n<p>Era\nst\u00e2rnitorul \u015fi \u00eentre\u0163in\u0103torul r\u00e2sului \u00een adun\u0103rile cu prietenii.<\/p>\n\n\n\n<p>\u00cen balcon\n\u00ee\u015fi f\u0103cuse atelier de pictur\u0103. Reproduceri.<\/p>\n\n\n\n<p>Scotea fi\u015fe\ndin tot ce citea.<\/p>\n\n\n\n<p>Era juc\u0103u\u015f.<\/p>\n\n\n\n<p>\u00cei pl\u0103cea s\u0103\nbea votc\u0103, de\u015fi se str\u00e2mba c\u00e2nd o \u00eenghi\u0163ea.<\/p>\n\n\n\n<p>Din c\u00e2nd \u00een\nc\u00e2nd i se vedeau pe fa\u0163\u0103 umbre din trecut.<\/p>\n\n\n\n<div class=\"wp-block-image\"><figure class=\"aligncenter\"><img loading=\"lazy\" decoding=\"async\" width=\"605\" height=\"418\" src=\"http:\/\/www.slineamt.ro\/apostolul\/wp-content\/uploads\/2020\/09\/10-ap232-foto2.jpg\" alt=\"\" class=\"wp-image-20469\" srcset=\"http:\/\/www.slineamt.ro\/apostolul\/wp-content\/uploads\/2020\/09\/10-ap232-foto2.jpg 605w, http:\/\/www.slineamt.ro\/apostolul\/wp-content\/uploads\/2020\/09\/10-ap232-foto2-300x207.jpg 300w, http:\/\/www.slineamt.ro\/apostolul\/wp-content\/uploads\/2020\/09\/10-ap232-foto2-560x387.jpg 560w, http:\/\/www.slineamt.ro\/apostolul\/wp-content\/uploads\/2020\/09\/10-ap232-foto2-260x180.jpg 260w, http:\/\/www.slineamt.ro\/apostolul\/wp-content\/uploads\/2020\/09\/10-ap232-foto2-160x111.jpg 160w\" sizes=\"auto, (max-width: 605px) 100vw, 605px\" \/><\/figure><\/div>\n\n\n\n<p>Se l\u0103uda c\u0103\n\u00eentotdeauna a avut iubite cu un cap mai \u00eenalte dec\u00e2t el.<\/p>\n\n\n\n<p>Era bl\u00e2nd.<\/p>\n\n\n\n<p>Mi-e dor de\nel.<\/p>\n\n\n\n<p><em>\u2013 Dar \u00eenaintea unor premiere?<\/em><\/p>\n\n\n\n<p>\u2013 Nu-mi aduc\naminte!<\/p>\n\n\n\n<p><em>\u2013 \u00ce\u015fi aducea munca, ocupa\u0163ia cu el acas\u0103?<\/em><\/p>\n\n\n\n<p>\u2013 Da. Biroul\nlui era sufrageria \u015fi st\u0103tea cu u\u015fa \u00eenchis\u0103. Uneori, c\u00e2nd aveam chef de joac\u0103\nmai intram peste el sau m\u0103 f\u00e2\u0163\u00e2iam prin fa\u0163a u\u015fii \u015fi mama \u00eemi spunea s\u0103-l las\n\u00een pace c\u0103 scrie.<\/p>\n\n\n\n<p><em>\u2013 C\u00e2nd a\u0163i ajuns s\u0103 da\u0163i admitere la UNATC Bucure\u015fti, a\u0163i\nsim\u0163it vreo presiune pentru c\u0103 era\u0163i fiica lui Eduard Covali?<\/em><\/p>\n\n\n\n<p>\u2013 Nu, nu\n\u015ftiam dac\u0103 cineva din facultate \u00eel cunoa\u015fte&#8230;<\/p>\n\n\n\n<p><em>\u2013 A dorit s\u0103 face\u0163i aceast\u0103 profesie?<\/em><\/p>\n\n\n\n<p>\u2013 Nu cred&#8230;\nNu&#8230; Mi-a spus c\u0103 e o meserie \u00een care trebuie s\u0103 fii umil, c\u0103 singura r\u0103splat\u0103\nsunt aplauzele \u015fi c\u0103 nu po\u0163i tr\u0103i doar din asta, c\u0103 nu e o via\u0163\u0103 u\u015foar\u0103. Apoi\nmi-a spus c\u0103 el crede c\u0103 nu am voce bun\u0103 pentru teatru. Dar am jucat \u00eentr-un\nspectacol \u00een regia lui Corneliu Dan Borcia c\u00e2nd eram \u00een clasa a XI-a \u015fi a v\u0103zut\nc\u0103 vocea nu era un impediment. M-a l\u0103sat s\u0103 fac ce mi-am dorit.<\/p>\n\n\n\n<p><em>\u2013 Dac\u0103 nu m\u0103 \u00een\u015fel, chiar v-a v\u0103zut \u00een c\u00e2teva spectacole.\nCe v\u0103 spunea dup\u0103 aceste reprezenta\u0163ii?<\/em><\/p>\n\n\n\n<p>\u2013 M-a v\u0103zut\njuc\u00e2nd&#8230; De\u015fi eram la \u00eenceput, cred c\u0103 era m\u00e2ndru de mine, dar nu-mi amintesc\nexact ce mi-a spus.<\/p>\n\n\n\n<p><em>\u2013 Care sunt sfaturile de via\u0163\u0103 pe care vi le aminti\u0163i cel\nmai pregnant?<\/em><\/p>\n\n\n\n<p>\u2013 C\u0103 \u00een\ndragoste e unul care st\u0103 \u00een c\u0103ru\u0163\u0103 \u015fi cel\u0103lalt trage la ea \u015fi c\u0103 \u015fi-ar dori s\u0103\nfiu \u00een c\u0103ru\u0163\u0103.<\/p>\n\n\n\n<p><em>\u2013 Care este cel mai de pre\u0163 lucru pe care-l de\u0163ine\u0163i de\nla Eduard Covali?<\/em><\/p>\n\n\n\n<p>\u2013 Pofta de r\u00e2s\/\nr\u00e2sul.<\/p>\n\n\n\n<p><em>\u2013 Prin casa Covali, de-a lungul timpului, au trecut\nfoarte mul\u0163i actori, critici de teatru \u015fi film, oameni de litere, muzicieni&#8230;\nCine v-a impresionat \u00een mod deosebit?<\/em><\/p>\n\n\n\n<p>\u2013 \u00centr-adev\u0103r,\nau trecut. Dar nu erau actori, critici, muzicieni&#8230; erau prieteni. Dac\u0103 a fost\nceva ce s\u0103 m\u0103 impresioneze, a fost faptul c\u0103 ace\u015fti oameni, de fiecare dat\u0103\nc\u00e2nd treceau prin Piatra, indiferent c\u00e2t de ocupa\u0163i erau, veneau s\u0103-l vad\u0103 pe\ntata.<\/p>\n\n\n\n<p><em>\u2013 Ce nu l-a\u0163i \u00eentrebat niciodat\u0103 \u015fi a\u0163i fi vrut s\u0103-l\n\u00eentreba\u0163i?<\/em><\/p>\n\n\n\n<p>\u2013 Nu \u015ftiu.\n\u00cencerc s\u0103 nu am regrete fa\u0163\u0103 de lucrurile pe care nu le pot schimba. Dac\u0103 el nu\na vrut s\u0103 vorbeasc\u0103 despre perioada de pu\u015fc\u0103rie politic\u0103 \u2013 de exemplu \u2013 eu nu\nam insistat s\u0103 \u015ftiu mai multe.<\/p>\n\n\n\n<p>Poate acum\nl-a\u015f \u00eentreba ce e dup\u0103&#8230; dar cred c\u0103 am s\u0103 aflu singur\u0103.<\/p>\n\n\n\n<p><em>\u2013 Cine au fost prietenii cei mai apropia\u0163i, cei mai dragi\nai lui Eduard Covali?<\/em><\/p>\n\n\n\n<p>\u2013 Mi-e greu\ns\u0103 r\u0103spund la \u00eentrebarea asta. Tata a avut mul\u0163i prieteni din domenii diferite\n\u015fi nu f\u0103ceau to\u0163i parte din acela\u015fi grup. Cu fiecare era apropiat \u00een felul s\u0103u,\nprin lucrurile pe care le \u00eemp\u0103rt\u0103\u015feau. Leg\u0103turile erau constante \u015fi cu cei din\nora\u015f \u015fi cu cei din Ia\u015fi, Cluj, Bucure\u015fti&#8230;<\/p>\n\n\n\n<p><em>\u2013 Se discut\u0103 mult ast\u0103zi despre teatrul modern&#8230; I-ar fi\npl\u0103cut lui Eduard Covali aceast\u0103 form\u0103 de teatru experimental, care schimb\u0103\ntradi\u0163ia scenic\u0103?<\/em><\/p>\n\n\n\n<p>\u2013 Nu pot s\u0103\nr\u0103spund \u00een numele lui, mai ales c\u0103 lumea (implicit teatrul) s-a schimbat mult\n\u00een ultimii 20 de ani. Cu pu\u0163in timp \u00eenainte de a muri, vorbeam despre un film\ncare mie \u00eemi pl\u0103cuse foarte mult, iar el nu-l putuse urm\u0103ri din cauza scenelor\nmontate \u00eentr-un ritm care-l dep\u0103\u015fea. Suntem prizonierii timpului nostru&#8230;<\/p>\n\n\n\n<div class=\"wp-block-image\"><figure class=\"aligncenter\"><img loading=\"lazy\" decoding=\"async\" width=\"605\" height=\"432\" src=\"http:\/\/www.slineamt.ro\/apostolul\/wp-content\/uploads\/2020\/09\/10-ap232-foto3.jpg\" alt=\"\" class=\"wp-image-20470\" srcset=\"http:\/\/www.slineamt.ro\/apostolul\/wp-content\/uploads\/2020\/09\/10-ap232-foto3.jpg 605w, http:\/\/www.slineamt.ro\/apostolul\/wp-content\/uploads\/2020\/09\/10-ap232-foto3-300x214.jpg 300w, http:\/\/www.slineamt.ro\/apostolul\/wp-content\/uploads\/2020\/09\/10-ap232-foto3-560x400.jpg 560w, http:\/\/www.slineamt.ro\/apostolul\/wp-content\/uploads\/2020\/09\/10-ap232-foto3-260x186.jpg 260w, http:\/\/www.slineamt.ro\/apostolul\/wp-content\/uploads\/2020\/09\/10-ap232-foto3-160x114.jpg 160w\" sizes=\"auto, (max-width: 605px) 100vw, 605px\" \/><\/figure><\/div>\n\n\n\n<p><em>\u2013 Crede\u0163i mai mult \u00een intui\u0163ia dvs. sau \u00een indica\u0163iile\nregizorului? <\/em><\/p>\n\n\n\n<p>\u2013 Intui\u0163ia\nmea iese la suprafa\u0163\u0103 \u015fi \u00een func\u0163ie de indica\u0163iile regizorului.<\/p>\n\n\n\n<p><em>\u2013 \u201eSingura mea ra\u0163iune de a exista este teatrul\u201d, spunea\nEduard Covali. A dumneavoastr\u0103 care este?<\/em><\/p>\n\n\n\n<p>\u2013 Ra\u0163iune de\na exista?!&#8230; A\u015f spune iubirea&#8230; c\u0103-i pentru teatru, c\u0103-i pentru oameni, c\u0103-i\npentru natur\u0103 sau altceva. A\u015f vrea s\u0103 fac totul cu iubire pentru iubire.<\/p>\n\n\n\n<p><em>\u2013 Pentru ce anume, din via\u0163a dumneavoastr\u0103, sunte\u0163i\nfoarte recunosc\u0103toare?<\/em><\/p>\n\n\n\n<p>\u2013 Sunt\nfoarte recunosc\u0103toare pentru c\u0103 m-am n\u0103scut \u00een aceast\u0103 familie imperfect\u0103,\nminunat\u0103, c\u0103 tata e tata \u015fi mama e mama, c\u0103 am fost \u015fi sunt \u00eenconjurat\u0103 de\ngrij\u0103 \u015fi iubire, c\u0103 fac o meserie care-mi place \u015fi tr\u0103iesc din ea, c\u0103 am\nprieteni \u015fi un pic de umor!<\/p>\n\n\n\n<p><strong><em>A \u00eentrebat\nVioleta MO\u015eU<\/em><\/strong><\/p>\n","protected":false},"excerpt":{"rendered":"<p>\u2022 Interviu cu actri\u0163a Nora Covali Actri\u0163a Nora Covali sluje\u015fte de dou\u0103 decenii scena Teatrului Tineretului \u015fi face acest lucru cu \u201eegal\u0103 destoinicie pentru toate felurile de caractere \u015fi roluri\u201d, dup\u0103 cum cerea Diderot actorului. Personajele interpretate de ea au&hellip;<\/p>\n<p class=\"more-link-p\"><a class=\"more-link\" href=\"http:\/\/www.slineamt.ro\/apostolul\/arte-si-meseriii\/20467\/\">Read more &rarr;<\/a><\/p>\n","protected":false},"author":1,"featured_media":0,"comment_status":"open","ping_status":"closed","sticky":false,"template":"","format":"standard","meta":{"footnotes":""},"categories":[7,435],"tags":[],"class_list":["post-20467","post","type-post","status-publish","format-standard","hentry","category-arte-si-meseriii","category-numarul-232"],"_links":{"self":[{"href":"http:\/\/www.slineamt.ro\/apostolul\/wp-json\/wp\/v2\/posts\/20467","targetHints":{"allow":["GET"]}}],"collection":[{"href":"http:\/\/www.slineamt.ro\/apostolul\/wp-json\/wp\/v2\/posts"}],"about":[{"href":"http:\/\/www.slineamt.ro\/apostolul\/wp-json\/wp\/v2\/types\/post"}],"author":[{"embeddable":true,"href":"http:\/\/www.slineamt.ro\/apostolul\/wp-json\/wp\/v2\/users\/1"}],"replies":[{"embeddable":true,"href":"http:\/\/www.slineamt.ro\/apostolul\/wp-json\/wp\/v2\/comments?post=20467"}],"version-history":[{"count":2,"href":"http:\/\/www.slineamt.ro\/apostolul\/wp-json\/wp\/v2\/posts\/20467\/revisions"}],"predecessor-version":[{"id":20472,"href":"http:\/\/www.slineamt.ro\/apostolul\/wp-json\/wp\/v2\/posts\/20467\/revisions\/20472"}],"wp:attachment":[{"href":"http:\/\/www.slineamt.ro\/apostolul\/wp-json\/wp\/v2\/media?parent=20467"}],"wp:term":[{"taxonomy":"category","embeddable":true,"href":"http:\/\/www.slineamt.ro\/apostolul\/wp-json\/wp\/v2\/categories?post=20467"},{"taxonomy":"post_tag","embeddable":true,"href":"http:\/\/www.slineamt.ro\/apostolul\/wp-json\/wp\/v2\/tags?post=20467"}],"curies":[{"name":"wp","href":"https:\/\/api.w.org\/{rel}","templated":true}]}}