{"id":20505,"date":"2020-09-18T14:15:53","date_gmt":"2020-09-18T14:15:53","guid":{"rendered":"http:\/\/www.slineamt.ro\/apostolul\/?p=20505"},"modified":"2020-09-18T14:23:13","modified_gmt":"2020-09-18T14:23:13","slug":"intoarcerea-la-scoala","status":"publish","type":"post","link":"http:\/\/www.slineamt.ro\/apostolul\/viata-sindicala-imperative\/intoarcerea-la-scoala\/","title":{"rendered":"\u00centoarcerea la \u015fcoal\u0103&#8230;"},"content":{"rendered":"\n<div class=\"wp-block-image\"><figure class=\"alignleft is-resized\"><img loading=\"lazy\" decoding=\"async\" src=\"http:\/\/www.slineamt.ro\/apostolul\/wp-content\/uploads\/2020\/09\/01-ap232-foto1.jpg\" alt=\"\" class=\"wp-image-20506\" width=\"257\" height=\"400\" srcset=\"http:\/\/www.slineamt.ro\/apostolul\/wp-content\/uploads\/2020\/09\/01-ap232-foto1.jpg 265w, http:\/\/www.slineamt.ro\/apostolul\/wp-content\/uploads\/2020\/09\/01-ap232-foto1-193x300.jpg 193w, http:\/\/www.slineamt.ro\/apostolul\/wp-content\/uploads\/2020\/09\/01-ap232-foto1-260x404.jpg 260w, http:\/\/www.slineamt.ro\/apostolul\/wp-content\/uploads\/2020\/09\/01-ap232-foto1-160x249.jpg 160w\" sizes=\"auto, (max-width: 257px) 100vw, 257px\" \/><\/figure><\/div>\n\n\n\n<p>Scriu aceste\nr\u00e2nduri la dou\u0103 zile de la \u00eenceperea noului an \u015fcolar \u015fi \u00eencerc s\u0103 r\u0103m\u00e2n \u00eencrez\u0103tor\nc\u0103 lucrurile vor decurge bine, c\u0103 printr-un efort comun al dasc\u0103lilor, elevilor\n\u015fi p\u0103rin\u0163ilor nu vom avea prea multe cazuri de \u00eemboln\u0103viri \u015fi c\u0103 se va reu\u015fi ca\nactul educa\u0163ional s\u0103 fie \u00eemplinit c\u00e2t mai bine.<\/p>\n\n\n\n<p>Este greu\n\u00eens\u0103 s\u0103 nu-\u0163i pierzi bruma de optimism, c\u00e2nd consta\u0163i c\u0103 deciden\u0163ii politici au\npierdut startul preg\u0103tirii debutului noului an de \u00eenv\u0103\u0163\u0103m\u00e2nt, \u00een ceea ce\nprive\u015fte asigurarea condi\u0163iilor de prevenire a riscului epidemiologic pentru\nelevi, pentru personalul didactic, personalul didactic auxiliar \u015fi nedidactic,\npentru asigurarea infrastructurii \u015fcolare necesar\u0103 pentru activitatea didactic\u0103\nonline, dublat\u0103 de formarea cadrelor didactice.<\/p>\n\n\n\n<p>\u015ei cum poate\nfi altfel, c\u00e2nd nici m\u0103car nu se vorbe\u015fte de o eventual\u0103 testare a personalului\ndin unit\u0103\u0163ile \u015fcolare, exist\u0103 situa\u0163ii \u00een care nu se poate realiza distan\u0163are\ncorect\u0103, cererile de suplimentare a posturilor didactice sau nedidactice nu\nsunt aprobate, ba chiar se opereaz\u0103 unele reduceri de posturi, nu se \u015ftie pe\nunde sunt tabletele guvernamentale, programele \u015fcolare ar fi trebuit revizuite,\nmanualele \u015fcolare pentru clasa a VIII-a lipsesc, 30% dintre \u015fcoli nu au\ninternet, iar despre laptopurile, prev\u0103zute de lege, pentru cadrele didactice\nnu se mai vorbe\u015fte.<\/p>\n\n\n\n<p>Ministerul\nEduca\u0163iei \u015fi Cercet\u0103rii s-a preocupat de ghiduri, reguli, repere metodologice,\n\u015fi recomand\u0103ri, de multe ori rupte de realitate sau ajunse \u00een \u015fcoli foarte\nt\u00e2rziu. \u015ei a mai f\u0103cut ceva MEC: a transferat responsabilit\u0103\u0163ile pentru ac\u0163iunile\nconcrete c\u0103tre unit\u0103\u0163ile de \u00eenv\u0103\u0163\u0103m\u00e2nt \u015fi autorit\u0103\u0163ile locale, a comunicat\ninsuficient cu partenerii educa\u0163ionali, cu personalul didactic, cu elevii \u015fi\np\u0103rin\u0163ii lor, iar atunci c\u00e2nd a f\u0103cut-o a \u0163inut s\u0103-\u015fi exagereze eforturile \u015fi\ns\u0103 ascund\u0103 lipsa de viziune.<\/p>\n\n\n\n<p>\u00cen lipsa\nsprijinului guvernamental, unit\u0103\u0163ile de \u00eenv\u0103\u0163\u0103m\u00e2nt \u015fi multe dintre autorit\u0103\u0163ile\nlocale s-au str\u0103duit, at\u00e2t c\u00e2t le-au permis resursele, s\u0103 asigure cele\ntrebuincioase pentru protec\u0163ia sanitar\u0103 \u015fi prevenirea \u00eemboln\u0103virilor, sau cele\nnecesare pentru activitatea didactic\u0103. Eforturile \u015fcolilor, de toat\u0103 lauda,\nimplicarea autorit\u0103\u0163ilor locale, a unor agen\u0163i economici sau a unor organiza\u0163ii\nneguvernamentale nu au putut \u00eens\u0103 suplini pe deplin lipsa unui sprijin\nconsistent din partea autorit\u0103\u0163ilor centrale. <\/p>\n\n\n\n<p>Iar\npersonalul din unit\u0103\u0163ile \u015fcolare a mai fost \u015fi \u201epedepsit\u201d prin neacordarea de\nla 1 septembrie 2020 a m\u0103ririlor salariale, prev\u0103zute de lege.<\/p>\n\n\n\n<p>Guvernan\u0163ii\nfac apel la \u00eencredere, la implicare, la respectarea regulilor, la \u00een\u0163elegere,\ndar lipsesc exemplele personale date de la cel mai \u00eenalt nivel.<\/p>\n\n\n\n<p>\u015ei atunci,\n\u00een acest context de incertitudini \u015fi confuzie este greu s\u0103 ai \u00eencredere \u015fi s\u0103\nsperi c\u0103 lucrurile se vor \u00eembun\u0103t\u0103\u0163i din mers.<\/p>\n\n\n\n<p>Desigur,\nmultele \u015fi gravele probleme ale sistemului de \u00eenv\u0103\u0163\u0103m\u00e2nt rom\u00e2nesc, constant\nsubfinan\u0163at \u2013 semnalate, nu o dat\u0103, de sindicate \u2013 nu sunt de ieri, ele s-au\nadunat \u015fi s-au ad\u00e2ncit \u00een timp, fiind ignorate de toate guvern\u0103rile. Pandemia a\nfost doar cirea\u015fa de pe tort.<\/p>\n\n\n\n<p>\u00cen fa\u0163a unei\nrealit\u0103\u0163i care nu mai poate fi ascuns\u0103, partidele politice se ceart\u0103 \u00eentre ele,\nconsider\u00e2nd c\u0103 responsabilitatea impasului uria\u015f \u00een care a ajuns \u00eenv\u0103\u0163\u0103m\u00e2ntul\nrom\u00e2nesc, revine unora sau altora. V\u0103 \u00een\u015fela\u0163i stima\u0163i politicieni! To\u0163i sunte\u0163i\nvinova\u0163i \u00een egal\u0103 m\u0103sur\u0103. \u015ei argumentez: am avut curiozitatea s\u0103 fac o\nstatistic\u0103 c\u00e2t timp au guvernat unii sau al\u0163ii, cine a dat pre\u015fedin\u0163ii, c\u00e2t au\navut unii \u015fi al\u0163ii pre\u015fedintele \u015fi guvernarea \u00een acela\u015fi timp. Am constatat c\u0103\neste aproape egalitate, deci vina v\u0103 apar\u0163ine tuturor. Iar noi, oamenii acestei\n\u0163\u0103ri, care v-am dat votul, am fost mereu \u00een\u015fela\u0163i cu promisiunile voastre\nuitate \u015fi am t\u0103cut de prea multe ori. \u015ei prin t\u0103cere suntem vinova\u0163i. O\nposibil\u0103 solu\u0163ie: aplicarea punctului 8 (actualizat) al Proclama\u0163iei de la\nTimi\u015foara.<\/p>\n\n\n\n<p>Trist\n\u00eenceput! \u015ei totu\u015fi, trebuie s\u0103 ne p\u0103str\u0103m speran\u0163a c\u0103 \u015fi \u00een \u0163ara aceasta,\n\u015fcoala va fi \u015eCOAL\u0102.<\/p>\n\n\n\n<p><strong><em>Gabriel\nPLOSC\u0102, Pre\u015fedintele Sindicatului din \u00cenv\u0103\u0163\u0103m\u00e2nt Neam\u0163<\/em><\/strong><\/p>\n","protected":false},"excerpt":{"rendered":"<p>Scriu aceste r\u00e2nduri la dou\u0103 zile de la \u00eenceperea noului an \u015fcolar \u015fi \u00eencerc s\u0103 r\u0103m\u00e2n \u00eencrez\u0103tor c\u0103 lucrurile vor decurge bine, c\u0103 printr-un efort comun al dasc\u0103lilor, elevilor \u015fi p\u0103rin\u0163ilor nu vom avea prea multe cazuri de \u00eemboln\u0103viri \u015fi&hellip;<\/p>\n<p class=\"more-link-p\"><a class=\"more-link\" href=\"http:\/\/www.slineamt.ro\/apostolul\/viata-sindicala-imperative\/intoarcerea-la-scoala\/\">Read more &rarr;<\/a><\/p>\n","protected":false},"author":1,"featured_media":0,"comment_status":"open","ping_status":"closed","sticky":false,"template":"","format":"standard","meta":{"footnotes":""},"categories":[11,435],"tags":[],"class_list":["post-20505","post","type-post","status-publish","format-standard","hentry","category-viata-sindicala-imperative","category-numarul-232"],"_links":{"self":[{"href":"http:\/\/www.slineamt.ro\/apostolul\/wp-json\/wp\/v2\/posts\/20505","targetHints":{"allow":["GET"]}}],"collection":[{"href":"http:\/\/www.slineamt.ro\/apostolul\/wp-json\/wp\/v2\/posts"}],"about":[{"href":"http:\/\/www.slineamt.ro\/apostolul\/wp-json\/wp\/v2\/types\/post"}],"author":[{"embeddable":true,"href":"http:\/\/www.slineamt.ro\/apostolul\/wp-json\/wp\/v2\/users\/1"}],"replies":[{"embeddable":true,"href":"http:\/\/www.slineamt.ro\/apostolul\/wp-json\/wp\/v2\/comments?post=20505"}],"version-history":[{"count":1,"href":"http:\/\/www.slineamt.ro\/apostolul\/wp-json\/wp\/v2\/posts\/20505\/revisions"}],"predecessor-version":[{"id":20507,"href":"http:\/\/www.slineamt.ro\/apostolul\/wp-json\/wp\/v2\/posts\/20505\/revisions\/20507"}],"wp:attachment":[{"href":"http:\/\/www.slineamt.ro\/apostolul\/wp-json\/wp\/v2\/media?parent=20505"}],"wp:term":[{"taxonomy":"category","embeddable":true,"href":"http:\/\/www.slineamt.ro\/apostolul\/wp-json\/wp\/v2\/categories?post=20505"},{"taxonomy":"post_tag","embeddable":true,"href":"http:\/\/www.slineamt.ro\/apostolul\/wp-json\/wp\/v2\/tags?post=20505"}],"curies":[{"name":"wp","href":"https:\/\/api.w.org\/{rel}","templated":true}]}}