{"id":20706,"date":"2020-11-23T08:09:36","date_gmt":"2020-11-23T08:09:36","guid":{"rendered":"http:\/\/www.slineamt.ro\/apostolul\/?p=20706"},"modified":"2020-11-23T08:09:36","modified_gmt":"2020-11-23T08:09:36","slug":"sindicatul-pavaza-permanenta-a-angajatilor-mai-ales-pe-timp-de-pandemie","status":"publish","type":"post","link":"http:\/\/www.slineamt.ro\/apostolul\/viata-sindicala-imperative\/sindicatul-pavaza-permanenta-a-angajatilor-mai-ales-pe-timp-de-pandemie\/","title":{"rendered":"SINDICATUL, pav\u0103z\u0103 permanent\u0103 a angaja\u0163ilor, mai ales, pe timp de pandemie"},"content":{"rendered":"\n<div class=\"wp-block-image\"><figure class=\"alignleft size-large\"><img loading=\"lazy\" decoding=\"async\" width=\"288\" height=\"454\" src=\"http:\/\/www.slineamt.ro\/apostolul\/wp-content\/uploads\/2020\/11\/05-ap234-foto1.jpg\" alt=\"\" class=\"wp-image-20707\" srcset=\"http:\/\/www.slineamt.ro\/apostolul\/wp-content\/uploads\/2020\/11\/05-ap234-foto1.jpg 288w, http:\/\/www.slineamt.ro\/apostolul\/wp-content\/uploads\/2020\/11\/05-ap234-foto1-190x300.jpg 190w, http:\/\/www.slineamt.ro\/apostolul\/wp-content\/uploads\/2020\/11\/05-ap234-foto1-260x410.jpg 260w, http:\/\/www.slineamt.ro\/apostolul\/wp-content\/uploads\/2020\/11\/05-ap234-foto1-160x252.jpg 160w\" sizes=\"auto, (max-width: 288px) 100vw, 288px\" \/><\/figure><\/div>\n\n\n\n<p>\u2022 <strong>Interviu cu Dl. Ghenadie DONOS, pre\u015fedintele Federa\u0163iei Sindicale a Educa\u0163iei \u015fi \u015etiin\u0163ei din Republica Moldova<\/strong><\/p>\n\n\n\n<p>Pentru a clarifica mai multe situa\u0163ii conflictuale intervenite \u00een ultimul timp, i-am adresat lui Ghenadie DONOS, pre\u015fedintele Federa\u0163iei Sindicale a Educa\u0163iei \u015fi \u015etiin\u0163ei (FSE\u015e), c\u00e2teva \u00eentreb\u0103ri.(\u2026)<\/p>\n\n\n\n<p>\u2013 <em>Ana Cimpoie\u015fu, azi, \u00een \u201e F\u0103clia\u201d someaz\u0103 factorii de decizie s\u0103-\u015fi respecte angajamen\u00adtele asumate public. Pe aceast\u0103 tem\u0103 redac\u0163ia prime\u015fte multe semnale. Cum reac\u0163ioneaz\u0103 Consiliul General al FSE\u015e?<\/em><\/p>\n\n\n\n<p>\u2013 Starea de alert\u0103 ne determin\u0103 s\u0103 ac\u0163ion\u0103m ne\u00eent\u00e2rziat \u015fi hot\u0103r\u00e2t. Dar \u015fi mai hot\u0103r\u00e2t ne oblig\u0103 s\u0103 ac\u0163ion\u0103m c\u00e2nd e v\u0103dit\u0103 nep\u0103sarea \u00eendeplinirii de c\u0103tre Guvern a prevederii Legii nr. 270\/2018 cu privire la plata premiului anual. Membrii Biroului Executiv al FSE\u015e, \u00een \u015fedin\u0163\u0103 operativ\u0103, au discutat problema la \u00eenceputul acestei s\u0103pt\u0103m\u00e2ni. De\u015fi principala chestiune de pe ordinea de zi a fost analiza informa\u0163iei despre actul semn\u0103rii Conven\u0163iei Colective de Munc\u0103 la nivel de ramur\u0103, am reluat \u015fi dezbaterea acestui subiect, \u00eentruc\u00e2t e o problem\u0103 de interes nu doar pentru angaja\u0163ii din Educa\u0163ie, dar \u015fi pentru angaja\u0163ii din toate structurile bugetare ale \u0163\u0103rii, am intervenit la Comitetul Confederal al CNSM, ca \u00een solu\u0163ionarea problemei ne\u00eendeplinirii Legii nr. 270\/2018, s\u0103 mobilizeze for\u0163ele tuturor sindicatelor din aceste ramuri.<\/p>\n\n\n\n<p>\u2013 <em>\u015ei dac\u0103 sindicali\u015ftii se vor lovi de aceea\u015fi morg\u0103 a guvernan\u0163ilor, cum va proceda FSE\u015e?<\/em><\/p>\n\n\n\n<p>\u2013 Biroul Executiv al FSE\u015e va decide organizarea unor ac\u0163iuni de protest, \u00een conformitate cu legisla\u0163ia \u00een vigoare.<\/p>\n\n\n\n<p>\u2013 <em>Dac\u0103 e s\u0103 vorbim despre adoptarea Conven\u0163iei Colective de Munc\u0103 pentru anii 2021-2025, presupunem c\u0103 au r\u0103mas propuneri, la care nu s-a g\u0103sit consens. Care ar fi acestea \u015fi \u00een ce manier\u0103 le ve\u0163i aborda pe parcursul acestei perioade?<\/em><\/p>\n\n\n\n<p>\u2013 Da, negocierile bipartite au eviden\u0163iat prevederi care n-au fost acceptate de membrii Comisiei din partea MECC: regimul de lucru al institu\u0163iilor de educa\u0163ie timpurie, durata concediului anual al educatorilor de 62 de zile calendaristice, acordarea concediului suplimentar pl\u0103tit de 7 zile calendaristice pentru buc\u0103tari \u015fi alt personal auxiliar. Nu au fost acceptate propunerile privind acordarea pentru personalul contractual din cadrul OLSD\u00c2 a dreptului de a presta activitatea didactic\u0103 prin cumul \u00een volum de 9 ore; stabilirea pensiei personalului didactic dup\u0103 25 de ani de activitate. Sper\u0103m c\u0103 pe marginea lor se va g\u0103si consens \u00een negocierile ulterioare.<\/p>\n\n\n\n<p>\u2013 <em>Propunerile se refer\u0103 la domeniul Educa\u0163iei. Cum r\u0103m\u00e2ne cu cele ale Cercet\u0103rii?<\/em><\/p>\n\n\n\n<p>\u2013 \u00cen prezent, membrii Comisiei de Consult\u0103ri \u015fi negocieri Colective lucreaz\u0103 asupra proiectului Conven\u0163iei Colective pentru Cercetare, anii 2021 -2025, care urmeaz\u0103 a fi semnat\u0103 p\u00e2n\u0103 la 10 noiembrie \u2013 Ziua \u015etiin\u0163ei.<\/p>\n\n\n\n<p>\u2013 <em>Nu to\u0163i cititorii \u015ftiu ce cuprinde acest document \u2013 Conven\u0163ia Colectiv\u0103 de Munc\u0103. Care ar fi ni\u015fte elemente principale ale ei?<\/em><\/p>\n\n\n\n<p>\u2013 \u00cen ea sunt capitole ce \u0163in de parteneriatul social, reglement\u0103ri \u00een stabilirea raporturilor de munc\u0103, regimul de munc\u0103 \u015fi de odihn\u0103, normarea \u015fi retribuirea muncii, condi\u0163iile de munc\u0103 \u015fi protec\u0163ia muncii, asigurarea condi\u0163iilor pentru activitatea organelor sindicale.<\/p>\n\n\n\n<p>\u2013 <em>Poate beneficia de prevederile Conven\u0163iei revendicate de FSE\u015e \u015fi organiza\u0163ia sindical\u0103 numit\u0103 \u201eViitorul\u201d?<\/em><\/p>\n\n\n\n<p>\u2013 Nu, FSE\u015e negociaz\u0103 \u00een exclusivitate numai pentru revendic\u0103rile membrilor organiza\u0163iei sale.<\/p>\n\n\n\n<p>\u2013 <em>Am vrea s\u0103 v\u0103 \u00eentreb\u0103m \u00een ce m\u0103sur\u0103 s-au p\u0103strat garan\u0163iile sociale din Conven\u0163ia precedent\u0103 a FSE\u015e pentru cei patru ani trecu\u0163i?<\/em><\/p>\n\n\n\n<p>\u2013 \u00cen temei, s-au p\u0103strat. Consecven\u0163a luptei de protec\u0163ie social\u0103 a salaria\u0163ilor no\u015ftri este ferm\u0103. P\u0103r\u0163ile semnatare \u015fi-au asumat responsabilitatea de a realiza prevederile negociate prin majorarea aloca\u0163iilor financiare pentru educa\u0163ie, a cuantumului salariilor din sistem, sporirea nivelului de calitate a muncii personalului didactic, inclusiv a tinerilor speciali\u015fti etc. Un loc deosebit ocup\u0103 prevederile ce \u0163in de crearea condi\u0163iilor inofensive de munc\u0103, \u00een special \u00een situa\u0163iile de risc, reglementarea timpului de munc\u0103 \u015fi de odihn\u0103, acordarea unor facilit\u0103\u0163i pentru pre\u015fedin\u0163ii organelor sindicale.<\/p>\n\n\n\n<p>Organele sindicale de toate nivelurile vor lua prevederile Conven\u0163iei drept baz\u0103 la negocierea propriilor Contracte Colective de Munc\u0103, vor familiariza conduc\u0103torii institu\u0163iilor educa\u0163ionale \u015fi pre\u015fedin\u0163ii organiza\u0163iilor sindicale primare cu prevederile negociate. (Sursa: Ziarul <em>F\u0103clia<\/em>, nr. 39, Chi\u015fin\u0103u, 23 oct. 2020)<\/p>\n\n\n\n<p><strong><em>Interviu realizat de Tudor RUSU<\/em><\/strong><strong><em><\/em><\/strong><\/p>\n","protected":false},"excerpt":{"rendered":"<p>\u2022 Interviu cu Dl. Ghenadie DONOS, pre\u015fedintele Federa\u0163iei Sindicale a Educa\u0163iei \u015fi \u015etiin\u0163ei din Republica Moldova Pentru a clarifica mai multe situa\u0163ii conflictuale intervenite \u00een ultimul timp, i-am adresat lui Ghenadie DONOS, pre\u015fedintele Federa\u0163iei Sindicale a Educa\u0163iei \u015fi \u015etiin\u0163ei (FSE\u015e),&hellip;<\/p>\n<p class=\"more-link-p\"><a class=\"more-link\" href=\"http:\/\/www.slineamt.ro\/apostolul\/viata-sindicala-imperative\/sindicatul-pavaza-permanenta-a-angajatilor-mai-ales-pe-timp-de-pandemie\/\">Read more &rarr;<\/a><\/p>\n","protected":false},"author":1,"featured_media":0,"comment_status":"open","ping_status":"closed","sticky":false,"template":"","format":"standard","meta":{"footnotes":""},"categories":[11,437],"tags":[],"class_list":["post-20706","post","type-post","status-publish","format-standard","hentry","category-viata-sindicala-imperative","category-numarul-234"],"_links":{"self":[{"href":"http:\/\/www.slineamt.ro\/apostolul\/wp-json\/wp\/v2\/posts\/20706","targetHints":{"allow":["GET"]}}],"collection":[{"href":"http:\/\/www.slineamt.ro\/apostolul\/wp-json\/wp\/v2\/posts"}],"about":[{"href":"http:\/\/www.slineamt.ro\/apostolul\/wp-json\/wp\/v2\/types\/post"}],"author":[{"embeddable":true,"href":"http:\/\/www.slineamt.ro\/apostolul\/wp-json\/wp\/v2\/users\/1"}],"replies":[{"embeddable":true,"href":"http:\/\/www.slineamt.ro\/apostolul\/wp-json\/wp\/v2\/comments?post=20706"}],"version-history":[{"count":1,"href":"http:\/\/www.slineamt.ro\/apostolul\/wp-json\/wp\/v2\/posts\/20706\/revisions"}],"predecessor-version":[{"id":20708,"href":"http:\/\/www.slineamt.ro\/apostolul\/wp-json\/wp\/v2\/posts\/20706\/revisions\/20708"}],"wp:attachment":[{"href":"http:\/\/www.slineamt.ro\/apostolul\/wp-json\/wp\/v2\/media?parent=20706"}],"wp:term":[{"taxonomy":"category","embeddable":true,"href":"http:\/\/www.slineamt.ro\/apostolul\/wp-json\/wp\/v2\/categories?post=20706"},{"taxonomy":"post_tag","embeddable":true,"href":"http:\/\/www.slineamt.ro\/apostolul\/wp-json\/wp\/v2\/tags?post=20706"}],"curies":[{"name":"wp","href":"https:\/\/api.w.org\/{rel}","templated":true}]}}