{"id":20709,"date":"2020-11-23T08:11:35","date_gmt":"2020-11-23T08:11:35","guid":{"rendered":"http:\/\/www.slineamt.ro\/apostolul\/?p=20709"},"modified":"2020-11-23T08:11:35","modified_gmt":"2020-11-23T08:11:35","slug":"apel-public","status":"publish","type":"post","link":"http:\/\/www.slineamt.ro\/apostolul\/viata-sindicala-imperative\/apel-public\/","title":{"rendered":"APEL PUBLIC"},"content":{"rendered":"\n<p class=\"has-text-align-left\">Parlamentului Republicii Moldova<\/p>\n\n\n\n<p class=\"has-text-align-left\">Guvernului Republicii Moldova<\/p>\n\n\n\n<p class=\"has-text-align-left\">Ministerului Finan\u0163elor<\/p>\n\n\n\n<p class=\"has-text-align-left\">Confedera\u0163iei Na\u0163ionale a Sindicatelor din Republica Moldova<\/p>\n\n\n\n<p>Subsemnata, Cimpoie\u015fu Ana, pre\u015fedintele Consiliului Raional H\u00e2nce\u015fti al Federa\u0163iei Sindicale a Educa\u0163iei \u015fi \u015etiin\u0163ei, \u00een numele celor aproape 3000 de angaja\u0163i ai sistemului de \u00eenv\u0103\u0163\u0103m\u00e2nt din raionul H\u00e2nce\u015fti, solicit RESPECTAREA LEGII nr. 270 privind sistemul unitar de salarizare \u00een sectorul bugetar!<\/p>\n\n\n\n<p>Se declar\u0103 peste tot c\u0103 prin aceast\u0103 lege ar fi fost majorate salariile bugetarilor, inclusiv din \u00eenv\u0103\u0163\u0103m\u00e2nt. Poate c\u0103 da, dar nu substan\u0163ial, pentru c\u0103 prin aceast\u0103 lege bugetarii au fost lipsi\u0163i de dou\u0103 fonduri lunare de salarizare: pentru ajutorul material, \u00een m\u0103rimea unui salariu mediu lunar \u015fi pentru premiere anual\u0103, \u00een m\u0103rime a cel pu\u0163in a unui salariu de baz\u0103.<\/p>\n\n\n\n<p>\u00cen urma solicit\u0103rilor sindicatelor, Legea nr. 270 a fost modificat\u0103 \u015fi a fost introdus pentru anul 2020 premiul anual \u00een m\u0103rime de 50% din salariul de baz\u0103. Guvernul trebuia s\u0103 elaboreze o Hot\u0103r\u00e2re pentru reglementarea acord\u0103rii acestui premiu, \u00eens\u0103 suntem \u00een luna a 10-a a anului 2020 \u015fi acest lucru nu este \u00eemplinit.<\/p>\n\n\n\n<p>\u00cen plin\u0103 campanie electoral\u0103, candidatul independent, Igor Dodon, care a fost la c\u00e2rma statului timp de 4 ani, promite dublarea salariilor \u00een \u00eenv\u0103\u0163\u0103m\u00e2nt \u00eencep\u00e2nd cu 01.01. 2021. L\u0103udabil\u0103 promisiune! Pentru c\u0103, p\u00e2n\u0103 c\u00e2nd educa\u0163ia nu va deveni o prioritate \u015fi \u00een realitate, iar munca profesorilor nu va fi r\u0103spl\u0103tit\u0103 \u0163in\u00e2nd cont de rolul \u015fi importan\u0163a ei \u00een societate, \u0163ara nu va avea sor\u0163i de dezvoltare, posed\u00e2nd lipsuri \u00een toate domeniile socio-economice! Dar dac\u0103 sunt bani pentru dublarea salariilor peste dou\u0103 luni, credem c\u0103 se g\u0103sesc bani \u015fi pentru premiul anual.<\/p>\n\n\n\n<p>De aceea cerem:<\/p>\n\n\n\n<p>Parlamentului Republicii Moldova \u2013 s\u0103 insiste asupra respect\u0103rii propriei Legi nr. 270\/2018!<\/p>\n\n\n\n<p>Guvernului Republicii Moldova \u2013 s\u0103 elaboreze de urgen\u0163\u0103 o Hot\u0103r\u00e2re pentru reglementarea acord\u0103rii premiului anual!<\/p>\n\n\n\n<p>Ministerului Finan\u0163elor \u2013 s\u0103 identifice mijloacele financiare necesare pentru acordarea premiului anual!<\/p>\n\n\n\n<p>Confedera\u0163iei Na\u0163ionale a Sindicatelor \u2013 s\u0103 sprijine solicit\u0103rile membrilor de sindicat \u015fi s\u0103 insiste asupra respect\u0103rii Legii nr. 270\/2018, sub inciden\u0163a c\u0103reia sunt to\u0163i angaja\u0163ii din sectorul bugetar!<\/p>\n\n\n\n<p>20 octombrie 2020<\/p>\n\n\n\n<p><strong><em>Pre\u015fedintele CR H\u00e2nce\u015fti al FSE\u015e, Ana CIMPOIE\u015eU<\/em><\/strong><\/p>\n","protected":false},"excerpt":{"rendered":"<p>Parlamentului Republicii Moldova Guvernului Republicii Moldova Ministerului Finan\u0163elor Confedera\u0163iei Na\u0163ionale a Sindicatelor din Republica Moldova Subsemnata, Cimpoie\u015fu Ana, pre\u015fedintele Consiliului Raional H\u00e2nce\u015fti al Federa\u0163iei Sindicale a Educa\u0163iei \u015fi \u015etiin\u0163ei, \u00een numele celor aproape 3000 de angaja\u0163i ai sistemului de \u00eenv\u0103\u0163\u0103m\u00e2nt&hellip;<\/p>\n<p class=\"more-link-p\"><a class=\"more-link\" href=\"http:\/\/www.slineamt.ro\/apostolul\/viata-sindicala-imperative\/apel-public\/\">Read more &rarr;<\/a><\/p>\n","protected":false},"author":1,"featured_media":0,"comment_status":"open","ping_status":"closed","sticky":false,"template":"","format":"standard","meta":{"footnotes":""},"categories":[11,437],"tags":[],"class_list":["post-20709","post","type-post","status-publish","format-standard","hentry","category-viata-sindicala-imperative","category-numarul-234"],"_links":{"self":[{"href":"http:\/\/www.slineamt.ro\/apostolul\/wp-json\/wp\/v2\/posts\/20709","targetHints":{"allow":["GET"]}}],"collection":[{"href":"http:\/\/www.slineamt.ro\/apostolul\/wp-json\/wp\/v2\/posts"}],"about":[{"href":"http:\/\/www.slineamt.ro\/apostolul\/wp-json\/wp\/v2\/types\/post"}],"author":[{"embeddable":true,"href":"http:\/\/www.slineamt.ro\/apostolul\/wp-json\/wp\/v2\/users\/1"}],"replies":[{"embeddable":true,"href":"http:\/\/www.slineamt.ro\/apostolul\/wp-json\/wp\/v2\/comments?post=20709"}],"version-history":[{"count":1,"href":"http:\/\/www.slineamt.ro\/apostolul\/wp-json\/wp\/v2\/posts\/20709\/revisions"}],"predecessor-version":[{"id":20710,"href":"http:\/\/www.slineamt.ro\/apostolul\/wp-json\/wp\/v2\/posts\/20709\/revisions\/20710"}],"wp:attachment":[{"href":"http:\/\/www.slineamt.ro\/apostolul\/wp-json\/wp\/v2\/media?parent=20709"}],"wp:term":[{"taxonomy":"category","embeddable":true,"href":"http:\/\/www.slineamt.ro\/apostolul\/wp-json\/wp\/v2\/categories?post=20709"},{"taxonomy":"post_tag","embeddable":true,"href":"http:\/\/www.slineamt.ro\/apostolul\/wp-json\/wp\/v2\/tags?post=20709"}],"curies":[{"name":"wp","href":"https:\/\/api.w.org\/{rel}","templated":true}]}}