{"id":20711,"date":"2020-11-23T08:13:45","date_gmt":"2020-11-23T08:13:45","guid":{"rendered":"http:\/\/www.slineamt.ro\/apostolul\/?p=20711"},"modified":"2020-11-23T08:13:45","modified_gmt":"2020-11-23T08:13:45","slug":"arsi-de-vii-faptele","status":"publish","type":"post","link":"http:\/\/www.slineamt.ro\/apostolul\/eveniment\/arsi-de-vii-faptele\/","title":{"rendered":"Ar\u015fi de vii &#8211; Faptele"},"content":{"rendered":"\n<div class=\"wp-block-image\"><figure class=\"alignleft size-large\"><img loading=\"lazy\" decoding=\"async\" width=\"234\" height=\"416\" src=\"http:\/\/www.slineamt.ro\/apostolul\/wp-content\/uploads\/2020\/11\/03-ap234-foto1.jpg\" alt=\"\" class=\"wp-image-20712\" srcset=\"http:\/\/www.slineamt.ro\/apostolul\/wp-content\/uploads\/2020\/11\/03-ap234-foto1.jpg 234w, http:\/\/www.slineamt.ro\/apostolul\/wp-content\/uploads\/2020\/11\/03-ap234-foto1-169x300.jpg 169w, http:\/\/www.slineamt.ro\/apostolul\/wp-content\/uploads\/2020\/11\/03-ap234-foto1-160x284.jpg 160w\" sizes=\"auto, (max-width: 234px) 100vw, 234px\" \/><\/figure><\/div>\n\n\n\n<p>S\u00e2mb\u0103t\u0103, 14 noiembrie 2020, seara, \u00eentr-un salon al Sec\u0163iei ATI (Terapie Intensiv\u0103) al Spitalului Jude\u0163ean din ora\u015ful Piatra-Neam\u0163, au ars de vii 10 bolnavi de covid 19, 7 b\u0103rba\u0163i \u015fi 3 femei, cu v\u00e2rste cuprinse \u00eentre 67 \u015fi 83 de ani. De obicei, c\u00e2nd ajungi pe pragul dintre lumi, e\u015fti \u00eentr-un spital, iar cadrele medicale din jurul t\u0103u \u00eencearc\u0103 s\u0103 te ajute s\u0103 revii la o via\u0163\u0103 normal\u0103, sau, dac\u0103 acest lucru nu mai este cu putin\u0163\u0103, te asist\u0103 pentru ca tu s\u0103 treci, lin, dincolo. Celor care au dureri li se face morfin\u0103, cei care nu mai pot respira sunt intuba\u0163i, sunt ajuta\u0163i s\u0103 respire cu ajutorul aparatelor \u015fi a\u015fa mai departe. Acum am s\u0103 v\u0103 rog s\u0103 vizualiza\u0163i, cu ochii min\u0163ii, un salon ATI cu zece paturi \u00een care stau, conecta\u0163i la tot felul de aparate, zece persoane \u015fi c\u0103, la un moment dat, izbucne\u015fte un incendiu \u00een urma c\u0103ruia cei zece oameni ard de vii, \u00een chinuri cumplite. Se pare c\u0103, \u00een urma unui scurt circuit, s-a produs o explozie, geamurile \u00eenc\u0103perii fiind sparte, au ajuns pompierii, au stins incendiul, dar, dincolo de aceast\u0103 interven\u0163ie salutar\u0103, cei 10 oameni \u015fi-au pierdut via\u0163a \u015fi al\u0163ii au fost grav r\u0103ni\u0163i.<\/p>\n\n\n\n<p><strong>Comisiile<\/strong><\/p>\n\n\n\n<p>Bine\u00een\u0163eles c\u0103, \u00een urma acestei tragedii (cea mai grav\u0103 de la Colectiv, de acum cinci ani) s-au constituit comisii care s\u0103 stabileasc\u0103 cauzele producerii tristului eveniment, dar, indiferent de rezultatele cercet\u0103rii, care pot pre\u00eent\u00e2mpina alte tragedii, cele 10 persoane au murit cu zile, cum se spune. \u00cencep\u00e2nd de la pre\u015fedintele Consiliului Jude\u0163ean, continu\u00e2nd cu prefectul, cu directorul spitalului, \u015feful de sec\u0163ie, to\u0163i \u00eencearc\u0103 s\u0103 ne spun\u0103 c\u0103&#8230; nu este vina lor. Greaua mo\u015ftenire, suprasolicitarea cadrelor medicale \u00een lunile din urm\u0103, datorit\u0103 pandemiei, lipsa unui personal \u00eendestul\u0103tor etc. M\u0103 tem c\u0103, a\u015fa cum s-a \u00eent\u00e2mplat \u00een cazul Colectiv, dup\u0103 o scurt\u0103 perioad\u0103 de agita\u0163ie, de m\u0103suri, de promisiuni, \u00een final nu se va face mare lucru pentru \u00eembun\u0103t\u0103\u0163irea condi\u0163iilor din spitale. \u015ei nu se va face, pentru c\u0103 sistemul sanitar, asemenea sistemului educa\u0163ional, administrativ, trebuie reformat din temelii.<\/p>\n\n\n\n<p><strong>Eroul<\/strong><\/p>\n\n\n\n<p>\u00cen toat\u0103 aceast\u0103 tragedie, un medic t\u00e2n\u0103r, pe nume C\u0103t\u0103lin Denciu, a \u00eencercat s\u0103 salveze pacien\u0163ii intr\u00e2nd \u00een fl\u0103c\u0103ri; \u00een urma acestei ac\u0163iuni el s-a ales cu arsuri grave, fiind transportat, cu avionul, la Centrul de ar\u015fi al Spitalului Militar din Bruxelles. Medicul Denciu este specializat \u00een Terapie intensiv\u0103 \u015fi era de gard\u0103 \u00een momentul \u00een care a izbucnit incendiul. El a intrat \u00een unul din cele dou\u0103 saloane de ATI, care \u00eenc\u0103 nu era cuprins de fl\u0103c\u0103ri, i-a scos pe cei 8 pacien\u0163i interna\u0163i \u015fi intuba\u0163i acolo, \u00eencerc\u00e2nd apoi, \u00eempreun\u0103 cu o asistent\u0103, cu un alt medic, s\u0103-i scoat\u0103 \u015fi pe cei care erau imobiliza\u0163i \u00een paturile din salonul care ardea. Medicul Denciu are 42 de ani, provine dintr-o familie de medici, iar so\u0163ia sa este medic. \u00cen Evanghelia dup\u0103 Ioan, \u00een capitolul 15, versetul 13, M\u00e2ntuitorul spune: \u201eNu este iubire mai mare dec\u00e2t s\u0103-\u015fi pun\u0103 cineva sufletul pentru aproapele s\u0103u\u201d. \u00cen alte traduceri, cuv\u00e2ntul suflet este \u00eenlocuit cu cuv\u00e2ntul via\u0163\u0103. Cel mai puternic instinct al omului este instinctul de conservare; \u00eentr-o situa\u0163ie limit\u0103, ne mobiliz\u0103m toate resursele spre a r\u0103m\u00e2ne \u00een via\u0163\u0103. \u00cen situa\u0163iile limit\u0103, ra\u0163iunea nu ne mai sluje\u015fte, instinctul de conservare mobiliz\u00e2ndu-ne spre a ne salva via\u0163a, sufletul. De cele mai multe ori fugim, d\u0103m bir cu fugi\u0163ii, cum se spune, ne ag\u0103\u0163\u0103m \u015fi de un pai, dac\u0103 suntem \u00een v\u00e2ltoarea apelor, c\u0103lc\u0103m pe trupurile celor c\u0103zu\u0163i la p\u0103m\u00e2nt, ca s\u0103 sc\u0103p\u0103m dintr-o busculad\u0103 care creeaz\u0103 panic\u0103, busculad\u0103 st\u00e2rnit\u0103 de un incendiu, de un cutremur, de o rev\u0103rsare masiv\u0103 de ape. \u015ei totu\u015fi, exist\u0103 oameni care, \u00een ciuda instinctului de conservare, se arunc\u0103 \u00een fl\u0103c\u0103ri, \u00een ape, intr\u0103 sub d\u0103r\u00e2m\u0103turi, spre a-\u015fi salva semenii, pun\u00e2ndu-\u015fi \u00een joc via\u0163a. Medicul Denciu nu este singurul cadru medical care a intervenit acolo s\u00e2mb\u0103t\u0103 seara, dar, din nefericire, el este cel mai mult afectat de arsuri, semn c\u0103 s-a implicat cu asupr\u0103 de m\u0103sur\u0103. \u00cei dorim \u00eens\u0103n\u0103to\u015fire, vindecare, de\u015fi \u015ftim, de la cei care au supravie\u0163uit iadului de la Colectiv, c\u0103 via\u0163a lui nu va mai fi aceea\u015fi.<\/p>\n\n\n\n<div class=\"wp-block-image\"><figure class=\"alignright size-large is-resized\"><img loading=\"lazy\" decoding=\"async\" src=\"http:\/\/www.slineamt.ro\/apostolul\/wp-content\/uploads\/2020\/11\/03-ap234-foto2.jpg\" alt=\"\" class=\"wp-image-20713\" width=\"351\" height=\"240\" srcset=\"http:\/\/www.slineamt.ro\/apostolul\/wp-content\/uploads\/2020\/11\/03-ap234-foto2.jpg 425w, http:\/\/www.slineamt.ro\/apostolul\/wp-content\/uploads\/2020\/11\/03-ap234-foto2-300x205.jpg 300w, http:\/\/www.slineamt.ro\/apostolul\/wp-content\/uploads\/2020\/11\/03-ap234-foto2-260x178.jpg 260w, http:\/\/www.slineamt.ro\/apostolul\/wp-content\/uploads\/2020\/11\/03-ap234-foto2-160x110.jpg 160w\" sizes=\"auto, (max-width: 351px) 100vw, 351px\" \/><\/figure><\/div>\n\n\n\n<p>Via\u0163a, se spune pe bun\u0103 dreptate, merge \u00eenainte. Da, merge \u00eena\u00adinte, pentru c\u0103 suntem aproape 8 miliarde de oameni pe acest p\u0103m\u00e2nt \u015fi nicio pandemie, niciun cutremur, nicio rev\u0103rsare de ape nu pot omor\u00e2 at\u00e2\u0163ia oameni. Dar oamenii, spune Nichita St\u0103nescu, se num\u0103r\u0103 a\u015fa: un om, un om, un om, un om. Da, suntem aproape 8 miliarde, dar fiecare dintre noi este important, fiecare dintre noi are dreptul de a tr\u0103i, de a fi fericit, s\u0103n\u0103tos, de a fi tratat cum se cuvine, c\u00e2nd apar probleme de s\u0103n\u0103tate. A\u015fa sun\u0103 lucrurile pe h\u00e2rtie\u2026 \u00cen realitate, societatea rom\u00e2neasc\u0103 de ast\u0103zi nu reu\u015fe\u015fte s\u0103 creeze mediul \u00een care fiecare dintre noi s\u0103 se \u00eemplineasc\u0103, nu reu\u015fe\u015fte s\u0103 asigure un sistem sanitar performant, un sistem de educa\u0163ie performant, \u015fi a\u015fa mai departe. Vinova\u0163ii? V\u0103 las pe fiecare dintre voi s\u0103 r\u0103spund\u0103 la aceast\u0103 \u00eentrebare\u2026<\/p>\n\n\n\n<p>Pe de alt\u0103 parte, cred c\u0103 sunt mul\u0163i rom\u00e2ni de t\u0103ria medicului Denciu, oameni care, \u00een situa\u0163ii limit\u0103, sunt \u00een stare s\u0103-\u015fi pun\u0103 via\u0163a pentru aproapele lor. \u015ei mai cred c\u0103 Rom\u00e2nia va ie\u015fi din cotitura \u00een care se afl\u0103 de at\u00e2\u0163ia ani, doar dac\u0103 asemenea oameni vor ajunge \u015fi \u00een posturi de decizie, \u00een toate sectoarele societ\u0103\u0163ii rom\u00e2ne\u015fti de ast\u0103zi. Meritocra\u0163ia este singura solu\u0163ie de a ie\u015fi la lumin\u0103!<\/p>\n\n\n\n<p>Dar p\u00e2n\u0103 atunci, tragedii ca cea de s\u00e2mb\u0103t\u0103 ne fac s\u0103 ne ferim de a ajunge la spital. S\u0103 ne ferim, paradoxal, s\u0103 ajungem \u00een locul \u00een care am putea fi ajuta\u0163i s\u0103 ne \u00eens\u0103n\u0103to\u015fim. \u015ei asta pentru c\u0103, timp de 30 de ani, dup\u0103 1989, spitalele au \u00eemb\u0103tr\u00e2nit odat\u0103 cu noi, iar cei care s-au succedat la conducerea \u0163\u0103rii au c\u00e2rpit pe ici pe colo lucrurile, f\u0103r\u0103 s\u0103 construiasc\u0103 spitale noi, moderne, demne de medicina secolului XXI. Medicii, asistentele, sunt, de cele mai multe ori, bine preg\u0103ti\u0163i, dar lipsa unor cl\u0103diri corespunz\u0103toare, a unor dot\u0103ri corespunz\u0103toare, le z\u0103d\u0103rnicesc eforturile. Iar aceast\u0103 Criz\u0103 Covid nu a f\u0103cut dec\u00e2t s\u0103 aduc\u0103 la suprafa\u0163\u0103 probleme grave, vechi, \u015ftiute, dar trecute sub t\u0103cere.<\/p>\n\n\n\n<p>Poate c\u0103 de data aceasta, interesul pentru reformarea real\u0103 a sistemului de s\u0103n\u0103tate nu se va stinge \u00een c\u00e2teva s\u0103pt\u0103m\u00e2ni, a\u015fa cum s-a stins \u00een urma unor tragedii similare, petrecute dup\u0103 1989.<\/p>\n\n\n\n<p>S\u0103 ne ajute Dumnezeu s\u0103 ne trezim, acum, \u00een ceasul de pe urm\u0103 \u015fi s\u0103 red\u0103m, \u00een scurt timp, rom\u00e2nilor bucuria de a tr\u0103i \u00een \u0163ara lor. (15\/11\/2020 Coresponden\u0163\u0103 special\u0103 din Piatra-Neam\u0163: pentru cristoiublog.ro)<\/p>\n\n\n\n<p><strong><em>Dan Dumitru IACOB<\/em><\/strong><\/p>\n","protected":false},"excerpt":{"rendered":"<p>S\u00e2mb\u0103t\u0103, 14 noiembrie 2020, seara, \u00eentr-un salon al Sec\u0163iei ATI (Terapie Intensiv\u0103) al Spitalului Jude\u0163ean din ora\u015ful Piatra-Neam\u0163, au ars de vii 10 bolnavi de covid 19, 7 b\u0103rba\u0163i \u015fi 3 femei, cu v\u00e2rste cuprinse \u00eentre 67 \u015fi 83 de&hellip;<\/p>\n<p class=\"more-link-p\"><a class=\"more-link\" href=\"http:\/\/www.slineamt.ro\/apostolul\/eveniment\/arsi-de-vii-faptele\/\">Read more &rarr;<\/a><\/p>\n","protected":false},"author":1,"featured_media":0,"comment_status":"open","ping_status":"closed","sticky":false,"template":"","format":"standard","meta":{"footnotes":""},"categories":[18,437],"tags":[],"class_list":["post-20711","post","type-post","status-publish","format-standard","hentry","category-eveniment","category-numarul-234"],"_links":{"self":[{"href":"http:\/\/www.slineamt.ro\/apostolul\/wp-json\/wp\/v2\/posts\/20711","targetHints":{"allow":["GET"]}}],"collection":[{"href":"http:\/\/www.slineamt.ro\/apostolul\/wp-json\/wp\/v2\/posts"}],"about":[{"href":"http:\/\/www.slineamt.ro\/apostolul\/wp-json\/wp\/v2\/types\/post"}],"author":[{"embeddable":true,"href":"http:\/\/www.slineamt.ro\/apostolul\/wp-json\/wp\/v2\/users\/1"}],"replies":[{"embeddable":true,"href":"http:\/\/www.slineamt.ro\/apostolul\/wp-json\/wp\/v2\/comments?post=20711"}],"version-history":[{"count":1,"href":"http:\/\/www.slineamt.ro\/apostolul\/wp-json\/wp\/v2\/posts\/20711\/revisions"}],"predecessor-version":[{"id":20714,"href":"http:\/\/www.slineamt.ro\/apostolul\/wp-json\/wp\/v2\/posts\/20711\/revisions\/20714"}],"wp:attachment":[{"href":"http:\/\/www.slineamt.ro\/apostolul\/wp-json\/wp\/v2\/media?parent=20711"}],"wp:term":[{"taxonomy":"category","embeddable":true,"href":"http:\/\/www.slineamt.ro\/apostolul\/wp-json\/wp\/v2\/categories?post=20711"},{"taxonomy":"post_tag","embeddable":true,"href":"http:\/\/www.slineamt.ro\/apostolul\/wp-json\/wp\/v2\/tags?post=20711"}],"curies":[{"name":"wp","href":"https:\/\/api.w.org\/{rel}","templated":true}]}}