{"id":21212,"date":"2021-05-27T07:03:05","date_gmt":"2021-05-27T07:03:05","guid":{"rendered":"http:\/\/www.slineamt.ro\/apostolul\/?p=21212"},"modified":"2021-05-27T07:03:05","modified_gmt":"2021-05-27T07:03:05","slug":"educatie-pentru-socializare-juridica","status":"publish","type":"post","link":"http:\/\/www.slineamt.ro\/apostolul\/scoala-nemteana-la-zi\/educatie-pentru-socializare-juridica\/","title":{"rendered":"Educa\u0163ie pentru socializare juridic\u0103"},"content":{"rendered":"\n<div class=\"wp-block-image\"><figure class=\"alignleft size-large is-resized\"><a href=\"http:\/\/www.slineamt.ro\/apostolul\/wp-content\/uploads\/2021\/05\/22-ap239-foto1.jpg\"><img loading=\"lazy\" decoding=\"async\" src=\"http:\/\/www.slineamt.ro\/apostolul\/wp-content\/uploads\/2021\/05\/22-ap239-foto1.jpg\" alt=\"\" class=\"wp-image-21215\" width=\"469\" height=\"264\" srcset=\"http:\/\/www.slineamt.ro\/apostolul\/wp-content\/uploads\/2021\/05\/22-ap239-foto1.jpg 680w, http:\/\/www.slineamt.ro\/apostolul\/wp-content\/uploads\/2021\/05\/22-ap239-foto1-300x169.jpg 300w, http:\/\/www.slineamt.ro\/apostolul\/wp-content\/uploads\/2021\/05\/22-ap239-foto1-560x315.jpg 560w, http:\/\/www.slineamt.ro\/apostolul\/wp-content\/uploads\/2021\/05\/22-ap239-foto1-260x146.jpg 260w, http:\/\/www.slineamt.ro\/apostolul\/wp-content\/uploads\/2021\/05\/22-ap239-foto1-160x90.jpg 160w\" sizes=\"auto, (max-width: 469px) 100vw, 469px\" \/><\/a><\/figure><\/div>\n\n\n\n<p>La \u00eenceputul anului 2020, a fost lansat Programul de Socializare Juridic\u0103 \u00een \u015ecolile din Republica Moldova, care are drept scop sus\u0163inerea comunit\u0103\u0163ilor din Moldova \u00een prevenirea delicven\u0163ei juvenile \u015fi dezvoltarea cooper\u0103rii pozitive \u00eentre tineri, institu\u0163iile de aplicare a legii \u015fi institu\u0163iile de \u00eenv\u0103\u0163\u0103m\u00e2nt. Programul este realizat cu sus\u0163inerea financiar\u0103 a Departamentului de Stat al SUA prin intermediul Biroului Afacerilor Interna\u0163ionale \u00een domeniul Combaterii Drogurilor \u015fi Aplic\u0103rii Legii.<\/p>\n\n\n\n<p>Din spusele dnei <strong>Ann Martin, directoare executiv\u0103, PH International (SUA)<\/strong>, PH International are o experien\u0163\u0103 bogat\u0103 \u00een implementarea proiectelor de promovare a activismului civic al membrilor comunit\u0103\u0163ilor \u015fi de creare a parteneriatelor de colaborare pentru a face fa\u0163\u0103 provoc\u0103rilor \u015fi solu\u0163ion\u0103rii problemelor comune. Pe parcursul ultimilor ani, am reu\u015fit s\u0103 realiz\u0103m cu succes programe similare de educa\u0163ie juridic\u0103 \u00een \u015fcolile din Georgia, Bosnia \u015fi Her\u0163egovina, Macedonia de Nord, Armenia, dar \u015fi \u00een institu\u0163iile de \u00eenv\u0103\u0163\u0103m\u00e2nt din alte state.<\/p>\n\n\n\n<p><strong>O abordare inovatoare<\/strong><\/p>\n\n\n\n<p>&nbsp;Programul de Socializare Juridic\u0103 este bazat pe \u043e abordare inovatoare cu privire la educa\u0163ia tinerei genera\u0163ii \u00een domeniul juridic \u015fi prevenirii delincven\u0163ei juvenile, contribuind la crearea unei culturi sociale bazate pe respectarea statului de drept.<\/p>\n\n\n\n<p>\u00cen baza Memorandumului de \u00cen\u0163elegere, semnat \u00eentre Ministerul Educa\u0163iei, Culturii \u015fi Cercet\u0103rii, Inspectoratul General al Poli\u0163iei \u015fi PH International, a fost creat un grup de lucru format din cadre didactice \u015fi angaja\u0163i ai Poli\u0163iei care au elaborat curriculumul pentru disciplina op\u0163ional\u0103 \u201eEduca\u0163ie pentru socializare juridic\u0103\u201d \u015fi setul curricular de materiale didactice necesare pentru predarea materiei.<\/p>\n\n\n\n<p>\u201ePrin curriculumul propus ne dorim ca elevii s\u0103 con\u015ftientizeze necesitatea de a respecta drepturile \u015fi obliga\u0163iile cet\u0103\u0163ene\u015fti \u015fi de a cunoa\u015fte legea \u015fi principiile culturii juridice. Disciplina \u201eEduca\u0163ie pentru Socializare Juridic\u0103\u201d faciliteaz\u0103 gradul de \u00een\u0163elegere de c\u0103tre elevi a libert\u0103\u0163ilor \u015fi responsabilit\u0103\u0163ilor \u00eentr-o societate bazat\u0103 pe principiile statului de drept. Prin aceast\u0103 disciplin\u0103 invit\u0103m elevii \u015fi p\u0103rin\u0163ii acestora s\u0103 participe la crearea unui parteneriat eficient \u00eentre comunitate, \u015fcoal\u0103 \u015fi institu\u0163iile de drept ale statului \u00een dezvoltarea spiritului comunitar \u015fi cre\u015fterii nivelului de siguran\u0163\u0103\u201d, a declarat <em>Corina Lungu, Ministerul Educa\u0163iei, Culturii \u015fi Cercet\u0103rii<\/em>.<\/p>\n\n\n\n<p>Astfel, de la 1 septembrie 2020, \u00een 22 de \u015fcoli a \u00eenceput pilotarea disciplinei op\u0163ionale \u201eEduca\u0163ie pentru Socializare Juridic\u0103\u201d pentru elevii claselor a VIII-a, iar \u00een anul urm\u0103tor preconiz\u0103m pilotarea unui curs adaptat \u015fi \u00een clasele a XI-a. Noutatea acestui curs este faptul c\u0103 demersul educa\u0163ional la disciplin\u0103 este asigurat obligatoriu \u00een mod sincron de o echip\u0103 comun\u0103 format\u0103 dintr-un un angajat al poli\u0163iei \u015fi cadrul didactic.<\/p>\n\n\n\n<p>Aceste echipe au fost instruite pentru a lucra \u00een tandem \u00een cadrul unor ateliere de formare. \u00cen cadrul programului de formare au fost testate materialele curriculare \u015fi au fost aplicate exerci\u0163ii practice de formare a participan\u0163ilor \u00een utilizarea abord\u0103rilor metodologice \u015fi pedagogice de predare \u00een echipe comune.<\/p>\n\n\n\n<p>Ce cuno\u015ftin\u0163e ob\u0163in elevii la acest curs? Copiii afl\u0103 despre rolul \u015fi responsabilit\u0103\u0163ile poli\u0163iei \u015fi altor institu\u0163ii de aplicare a legii, despre riscurile ce ne \u00eenconjoar\u0103 \u015fi diferite forme de prevenire a comportamentului delincvent, despre modul \u00een care putem s\u0103 r\u0103spundem unor asemenea riscuri, despre securitatea \u00een mediul \u015fcolar \u015fi \u00een comunitate, securitatea \u00een mediul online, prevenirea violen\u0163ei \u00eentre semeni etc.<\/p>\n\n\n\n<p><strong>Colaborarea cu Inspectoratul General de Poli\u0163ie<\/strong><\/p>\n\n\n\n<p>&nbsp;Participarea Inspectoratului General de Poli\u0163ie \u00een Programul de socializare juridic\u0103 \u00een \u015fcolile din Republica Moldova este motivat\u0103 de dou\u0103 obiective strategice pe care le are Poli\u0163ia \u2013 prevenirea criminalit\u0103\u0163ii \u00een r\u00e2ndul \u015fi de c\u0103tre tineri \u015fi dezvoltarea poli\u0163iei prin prisma principiilor de activitate poli\u0163ieneasc\u0103 bazat\u0103 pe necesit\u0103\u0163ile comunit\u0103\u0163ii.<\/p>\n\n\n\n<p>&nbsp;\u201eAstfel, pornind de la ideea c\u0103 elevii de azi sunt cet\u0103\u0163enii de m\u00e2ine, decizia de a merge \u00een \u015fcoli, pentru a sus\u0163ine predarea disciplinei de socializare juridic\u0103, a fost una logic\u0103 pentru Inspectoratul General de Poli\u0163ie. \u00cempreun\u0103 cu colegii din institu\u0163iile Ministerului Educa\u0163iei, Culturii \u015fi Cercet\u0103rii am reu\u015fit s\u0103 cre\u0103m materiale didactice cu un caracter interactiv, bogat \u00een informa\u0163ii \u015fi exerci\u0163ii practice pentru dezvoltarea g\u00e2ndirii critice \u015fi a imagina\u0163iei elevilor, care-i provoac\u0103 s\u0103 analizeze fenomenele negative cu care ne confrunt\u0103m, s\u0103 formuleze r\u0103spunsuri \u015fi solu\u0163ii \u00een privin\u0163a acestora \u015fi s\u0103-\u015fi dezvolte \u00een mod con\u015ftient modele de comportament social responsabil.<\/p>\n\n\n\n<p>&nbsp;Pentru aceast\u0103 disciplin\u0103 am venit cu un bogat material informativ \u015fi secven\u0163e video pentru ca orele de clas\u0103 s\u0103 fie interesante pentru elevi \u015fi c\u00e2t mai interactive. Elevii au posibilitatea s\u0103 afle direct de la reprezentantul Poli\u0163iei cum este aplicat\u0103 legea, care sunt metodele de prevenire \u015fi sanc\u0163iunile, s\u0103 analizeze cazuri reale. Aceast\u0103 conectare direct\u0103, dintre obiectul de studiu \u015fi via\u0163a real\u0103, \u00eei face pe copii s\u0103 fie mai con\u015ftien\u0163i \u015fi s\u0103 \u00een\u0163eleag\u0103 cum s\u0103 evite poten\u0163ialele situa\u0163ii de risc. Trebuie s\u0103 recunoa\u015ftem c\u0103 la \u00eenceputul pilot\u0103rii proiectului nu \u015ftiam care va fi reac\u0163ia copiilor fa\u0163\u0103 de poli\u0163istul care vine \u00een clas\u0103 al\u0103turi de profesor. Realitatea \u00eens\u0103 a dep\u0103\u015fit a\u015ftept\u0103rile noastre. Elevii \u015fi p\u0103rin\u0163ii acestora s-au ar\u0103tat foarte deschi\u015fi fa\u0163\u0103 de ideea pred\u0103rii \u00een tandem \u2013 de c\u0103tre un profesor \u015fi un poli\u0163ist, iar informa\u0163ia oferit\u0103 este apreciat\u0103 de c\u0103tre ei drept una foarte util\u0103\u201d, a declarat <em>Aliona Dragomere\u0163caia, Inspectoratul Na\u0163ional de Securitate Public\u0103<\/em>.<\/p>\n\n\n\n<p><strong>Beneficiile proiectului<\/strong><\/p>\n\n\n\n<div class=\"wp-block-image\"><figure class=\"alignright size-large is-resized\"><a href=\"http:\/\/www.slineamt.ro\/apostolul\/wp-content\/uploads\/2021\/05\/22-ap239-foto2.jpg\"><img loading=\"lazy\" decoding=\"async\" src=\"http:\/\/www.slineamt.ro\/apostolul\/wp-content\/uploads\/2021\/05\/22-ap239-foto2.jpg\" alt=\"\" class=\"wp-image-21214\" width=\"499\" height=\"374\" srcset=\"http:\/\/www.slineamt.ro\/apostolul\/wp-content\/uploads\/2021\/05\/22-ap239-foto2.jpg 680w, http:\/\/www.slineamt.ro\/apostolul\/wp-content\/uploads\/2021\/05\/22-ap239-foto2-300x225.jpg 300w, http:\/\/www.slineamt.ro\/apostolul\/wp-content\/uploads\/2021\/05\/22-ap239-foto2-560x420.jpg 560w, http:\/\/www.slineamt.ro\/apostolul\/wp-content\/uploads\/2021\/05\/22-ap239-foto2-260x195.jpg 260w, http:\/\/www.slineamt.ro\/apostolul\/wp-content\/uploads\/2021\/05\/22-ap239-foto2-160x120.jpg 160w\" sizes=\"auto, (max-width: 499px) 100vw, 499px\" \/><\/a><\/figure><\/div>\n\n\n\n<p>&nbsp;Programul de Socializare Juridic\u0103 \u00een \u015fcolile din Republica Moldova este orientat spre sus\u0163inerea comunit\u0103\u0163ilor din Republica Moldova \u00een prevenirea delicven\u0163ei juvenile \u015fi dezvoltarea cooper\u0103rii pozitive \u00eentre institu\u0163iile de aplicare a legii, institu\u0163iile de \u00eenv\u0103\u0163\u0103m\u00e2nt \u015fi tineri.<\/p>\n\n\n\n<p>Al\u0103turi de proiectarea \u015fi pilotarea \u00een clase gimnaziale \u015fi liceale a disciplinei op\u0163ionale \u201eEduca\u0163ie pentru Socializare Juridic\u0103\u201d, \u00een cadrul Programului sunt implementate \u015fi alte forme noi de activit\u0103\u0163i care contribuie la realizarea obiectivului comun.<\/p>\n\n\n\n<p>Un astfel de exemplu \u00eel constituie \u015fi cercurile extracurriculare \u201eSTEM \u015fi Criminalistica\u201d, ini\u0163iate \u015fi implementate cu suportul Centrului Tehnico-Criminalistic \u015fi Expertize Judiciare a Inspectoratului General al Poli\u0163iei \u015fi profesorilor universitari din cadrul Universit\u0103\u0163ii de Stat din Tiraspol (cu sediul \u00een Chi\u015fin\u0103u).<\/p>\n\n\n\n<p>Aceste cercuri ofer\u0103 elevilor posibilitatea de a face conexiuni \u00eentre cursurile de chimie, biologie, IT, fizic\u0103 \u015fi matematic\u0103 (STEM \u2013 Science, Technology, Engineering and Mathematics) \u015fi criminalistic\u0103. Prin intermediul exerci\u0163iilor practice, ce presupun simularea unor activit\u0103\u0163i de investiga\u0163ii \u015fi de des\u00adco\u00adpe- ri\u00adre a infrac\u0163iunilor, elevii dob\u00e2ndesc cuno\u015ftin\u0163e primare despre profesiile din domeniul investiga\u0163iilor criminalistice.<\/p>\n\n\n\n<p>\u201ePentru organizarea \u015fi desf\u0103\u015furarea cercurilor extracurriculare a fost dezvoltat un Ghid pentru profesori \u015fi instructori, un manual pentru elevi \u015fi o box\u0103 criminalistic\u0103 improvizat\u0103 care con\u0163ine un set de instrumente, materiale \u015fi substan\u0163e necesare desf\u0103\u015fur\u0103rii exerci\u0163iilor practice de simulare a investiga\u0163iilor criminalistice. O lu\u0103m drept o reu\u015fit\u0103 a proiectului faptul c\u0103 frecventarea orelor op\u0163ionale \u015fi a cercurilor extracurriculare a motivat o parte dintre copii s\u0103 devin\u0103 mai interesa\u0163i de profesiile asociate domeniului justi\u0163iei \u015fi asigur\u0103rii ordinii publice\u201d, a declarat <em>Iurie P\u00e2ntea, Directorul sucursalei PH International \u00een Republica Moldova<\/em>.<\/p>\n\n\n\n<p>(<strong><em>Red.<\/em><\/strong>: Surse internet)<\/p>\n","protected":false},"excerpt":{"rendered":"<p>La \u00eenceputul anului 2020, a fost lansat Programul de Socializare Juridic\u0103 \u00een \u015ecolile din Republica Moldova, care are drept scop sus\u0163inerea comunit\u0103\u0163ilor din Moldova \u00een prevenirea delicven\u0163ei juvenile \u015fi dezvoltarea cooper\u0103rii pozitive \u00eentre tineri, institu\u0163iile de aplicare a legii \u015fi&hellip;<\/p>\n<p class=\"more-link-p\"><a class=\"more-link\" href=\"http:\/\/www.slineamt.ro\/apostolul\/scoala-nemteana-la-zi\/educatie-pentru-socializare-juridica\/\">Read more &rarr;<\/a><\/p>\n","protected":false},"author":1,"featured_media":0,"comment_status":"open","ping_status":"closed","sticky":false,"template":"","format":"standard","meta":{"footnotes":""},"categories":[10,442],"tags":[],"class_list":["post-21212","post","type-post","status-publish","format-standard","hentry","category-scoala-nemteana-la-zi","category-numarul-239"],"_links":{"self":[{"href":"http:\/\/www.slineamt.ro\/apostolul\/wp-json\/wp\/v2\/posts\/21212","targetHints":{"allow":["GET"]}}],"collection":[{"href":"http:\/\/www.slineamt.ro\/apostolul\/wp-json\/wp\/v2\/posts"}],"about":[{"href":"http:\/\/www.slineamt.ro\/apostolul\/wp-json\/wp\/v2\/types\/post"}],"author":[{"embeddable":true,"href":"http:\/\/www.slineamt.ro\/apostolul\/wp-json\/wp\/v2\/users\/1"}],"replies":[{"embeddable":true,"href":"http:\/\/www.slineamt.ro\/apostolul\/wp-json\/wp\/v2\/comments?post=21212"}],"version-history":[{"count":1,"href":"http:\/\/www.slineamt.ro\/apostolul\/wp-json\/wp\/v2\/posts\/21212\/revisions"}],"predecessor-version":[{"id":21216,"href":"http:\/\/www.slineamt.ro\/apostolul\/wp-json\/wp\/v2\/posts\/21212\/revisions\/21216"}],"wp:attachment":[{"href":"http:\/\/www.slineamt.ro\/apostolul\/wp-json\/wp\/v2\/media?parent=21212"}],"wp:term":[{"taxonomy":"category","embeddable":true,"href":"http:\/\/www.slineamt.ro\/apostolul\/wp-json\/wp\/v2\/categories?post=21212"},{"taxonomy":"post_tag","embeddable":true,"href":"http:\/\/www.slineamt.ro\/apostolul\/wp-json\/wp\/v2\/tags?post=21212"}],"curies":[{"name":"wp","href":"https:\/\/api.w.org\/{rel}","templated":true}]}}