{"id":21217,"date":"2021-05-27T07:06:43","date_gmt":"2021-05-27T07:06:43","guid":{"rendered":"http:\/\/www.slineamt.ro\/apostolul\/?p=21217"},"modified":"2021-05-27T07:06:43","modified_gmt":"2021-05-27T07:06:43","slug":"inaugurarea-muzeului-manastirii-capriana","status":"publish","type":"post","link":"http:\/\/www.slineamt.ro\/apostolul\/lectia-de-istorie\/inaugurarea-muzeului-manastirii-capriana\/","title":{"rendered":"Inaugurarea Muzeului M\u0103n\u0103stirii C\u0103priana"},"content":{"rendered":"\n<div class=\"wp-block-image\"><figure class=\"alignleft size-large is-resized\"><a href=\"http:\/\/www.slineamt.ro\/apostolul\/wp-content\/uploads\/2021\/05\/21-ap239-foto1.jpg\"><img loading=\"lazy\" decoding=\"async\" src=\"http:\/\/www.slineamt.ro\/apostolul\/wp-content\/uploads\/2021\/05\/21-ap239-foto1.jpg\" alt=\"\" class=\"wp-image-21213\" width=\"372\" height=\"248\" srcset=\"http:\/\/www.slineamt.ro\/apostolul\/wp-content\/uploads\/2021\/05\/21-ap239-foto1.jpg 643w, http:\/\/www.slineamt.ro\/apostolul\/wp-content\/uploads\/2021\/05\/21-ap239-foto1-300x200.jpg 300w, http:\/\/www.slineamt.ro\/apostolul\/wp-content\/uploads\/2021\/05\/21-ap239-foto1-560x373.jpg 560w, http:\/\/www.slineamt.ro\/apostolul\/wp-content\/uploads\/2021\/05\/21-ap239-foto1-260x173.jpg 260w, http:\/\/www.slineamt.ro\/apostolul\/wp-content\/uploads\/2021\/05\/21-ap239-foto1-160x107.jpg 160w\" sizes=\"auto, (max-width: 372px) 100vw, 372px\" \/><\/a><\/figure><\/div>\n\n\n\n<p>La data de 6 mai 2021, la M\u0103n\u0103stirea C\u0103priana a avut loc inaugurarea Muzeului Sf\u00e2ntului Ierarh Gavriil. <strong>Dup\u0103 o munc\u0103 enorm\u0103 au fost restaurate \u00een laboratoarele Muzeului Na\u0163ional, ,Moldova\u201d din Ia\u015fi, ve\u015fmintele arhiere\u015fti ce s-au g\u0103sit \u00een cavoul Sf\u00e2ntului Gavriil, la aflarea Sfintelor Moa\u015fte<\/strong>. Muzeul g\u0103zduie\u015fte piesele recuperate \u00een 2016 din cripta Mitropolitului Gavriil B\u0103nulescu-Bodoni.<\/p>\n\n\n\n<p>\u00cenaltul ierarh a p\u0103storit \u00een Basarabia \u00eentre 1812 \u015fi 1821. A fondat, \u00een Chi\u015fin\u0103u, Seminarul Teologic \u015fi prima tipografie unde s-au tip\u0103rit c\u0103r\u0163i \u00een limba rom\u00e2n\u0103 pentru bisericile din Basarabia \u015fi \u0162inutul Hotinului. Pentru canonizarea Mitropolitului B\u0103nulescu-Bodoni, cripta sa de la M\u0103n\u0103stirea C\u0103priana a fost deschis\u0103 dup\u0103 aproape dou\u0103 secole de la \u00eenmorm\u00e2ntare. S-au g\u0103sit cizme de piele \u00een stare fragmentar\u0103, ve\u015fminte, crucea medalie \u015fi cea de m\u00e2n\u0103, iconi\u0163ele de la mitr\u0103. Inventarul textil a fost cel mai numeros.<\/p>\n\n\n\n<p>Vestigiile arheologice ale criptei au fost extrase \u015fi transferate \u00een 2016, printr-un acord, la Complexul muzeal Na\u0163ional \u201eMoldova\u201d din Ia\u015fi, unde prin truda unor excep\u0163ionali speciali\u015fti restauratori au fost readuse la via\u0163\u0103.<\/p>\n\n\n\n<p>Gr\u0103mezile de p\u00e2nz\u0103 fragil\u0103 \u015fi plin\u0103 de cute, amestecat\u0103 cu p\u0103m\u00e2nt, r\u0103d\u0103cini de copac \u015fi resturi provenite din mediul de \u00eenhumare s-au preschimbat \u00een Laboratorul de Restaurare \u00een exponate inestimabile. Dup\u0103 aproape cinci ani de munc\u0103 mig\u0103loas\u0103, speciali\u015ftii ie\u015feni de la Centrul de Cercetare \u015fi Conservare Restaurare a Patrimoniului Cultural din Ia\u015fi au redat patrimoniului cultural universal un tezaur valoros.<\/p>\n\n\n\n<div class=\"wp-block-image\"><figure class=\"alignright size-large is-resized\"><a href=\"http:\/\/www.slineamt.ro\/apostolul\/wp-content\/uploads\/2021\/05\/21-ap239-foto2.jpg\"><img loading=\"lazy\" decoding=\"async\" src=\"http:\/\/www.slineamt.ro\/apostolul\/wp-content\/uploads\/2021\/05\/21-ap239-foto2.jpg\" alt=\"\" class=\"wp-image-21218\" width=\"484\" height=\"272\" srcset=\"http:\/\/www.slineamt.ro\/apostolul\/wp-content\/uploads\/2021\/05\/21-ap239-foto2.jpg 758w, http:\/\/www.slineamt.ro\/apostolul\/wp-content\/uploads\/2021\/05\/21-ap239-foto2-300x169.jpg 300w, http:\/\/www.slineamt.ro\/apostolul\/wp-content\/uploads\/2021\/05\/21-ap239-foto2-560x315.jpg 560w, http:\/\/www.slineamt.ro\/apostolul\/wp-content\/uploads\/2021\/05\/21-ap239-foto2-260x146.jpg 260w, http:\/\/www.slineamt.ro\/apostolul\/wp-content\/uploads\/2021\/05\/21-ap239-foto2-160x90.jpg 160w\" sizes=\"auto, (max-width: 484px) 100vw, 484px\" \/><\/a><\/figure><\/div>\n\n\n\n<p>Ambasadorul Rom\u00e2niei \u00een Republica Moldova, Daniel Ioni\u0163\u0103, prezent la ceremonia de ina\u00adugurare, a men\u0163ionat c\u0103 acest muzeu pune \u00eentr-o lumin\u0103 special\u0103 M\u0103n\u0103stirea C\u0103priana. Excelen\u0163a Sa a declarat: \u201eAstfel, acest muzeu va fi inclus \u00een ruta turistic\u0103 \u00abVoievodul \u015etefan cel Mare \u015fi Sf\u00e2nt\u00bb\u201e, care leag\u0103 Rom\u00e2nia \u015fi Republica Moldova. Sunt convins c\u0103 acest muzeu va fi unul la care pelerinii se vor opri \u015fi vor admira o parte a istoriei noastre comune\u201d.<\/p>\n\n\n\n<p>Deschiderea muzeului a avut loc \u00een cadrul proiectului de cooperare transfrontalier\u0103 \u201eRevitalizarea M\u0103n\u0103stirii C\u0103priana pentru promovarea patrimoniului ecleziastic unic prin cooperare transfrontalier\u0103 \u015fi digitizare\u201d (UEpentru Cultur\u0103).<\/p>\n\n\n\n<p><strong><em>Red.<\/em><\/strong><\/p>\n","protected":false},"excerpt":{"rendered":"<p>La data de 6 mai 2021, la M\u0103n\u0103stirea C\u0103priana a avut loc inaugurarea Muzeului Sf\u00e2ntului Ierarh Gavriil. Dup\u0103 o munc\u0103 enorm\u0103 au fost restaurate \u00een laboratoarele Muzeului Na\u0163ional, ,Moldova\u201d din Ia\u015fi, ve\u015fmintele arhiere\u015fti ce s-au g\u0103sit \u00een cavoul Sf\u00e2ntului Gavriil,&hellip;<\/p>\n<p class=\"more-link-p\"><a class=\"more-link\" href=\"http:\/\/www.slineamt.ro\/apostolul\/lectia-de-istorie\/inaugurarea-muzeului-manastirii-capriana\/\">Read more &rarr;<\/a><\/p>\n","protected":false},"author":1,"featured_media":0,"comment_status":"open","ping_status":"closed","sticky":false,"template":"","format":"standard","meta":{"footnotes":""},"categories":[6,442],"tags":[],"class_list":["post-21217","post","type-post","status-publish","format-standard","hentry","category-lectia-de-istorie","category-numarul-239"],"_links":{"self":[{"href":"http:\/\/www.slineamt.ro\/apostolul\/wp-json\/wp\/v2\/posts\/21217","targetHints":{"allow":["GET"]}}],"collection":[{"href":"http:\/\/www.slineamt.ro\/apostolul\/wp-json\/wp\/v2\/posts"}],"about":[{"href":"http:\/\/www.slineamt.ro\/apostolul\/wp-json\/wp\/v2\/types\/post"}],"author":[{"embeddable":true,"href":"http:\/\/www.slineamt.ro\/apostolul\/wp-json\/wp\/v2\/users\/1"}],"replies":[{"embeddable":true,"href":"http:\/\/www.slineamt.ro\/apostolul\/wp-json\/wp\/v2\/comments?post=21217"}],"version-history":[{"count":1,"href":"http:\/\/www.slineamt.ro\/apostolul\/wp-json\/wp\/v2\/posts\/21217\/revisions"}],"predecessor-version":[{"id":21219,"href":"http:\/\/www.slineamt.ro\/apostolul\/wp-json\/wp\/v2\/posts\/21217\/revisions\/21219"}],"wp:attachment":[{"href":"http:\/\/www.slineamt.ro\/apostolul\/wp-json\/wp\/v2\/media?parent=21217"}],"wp:term":[{"taxonomy":"category","embeddable":true,"href":"http:\/\/www.slineamt.ro\/apostolul\/wp-json\/wp\/v2\/categories?post=21217"},{"taxonomy":"post_tag","embeddable":true,"href":"http:\/\/www.slineamt.ro\/apostolul\/wp-json\/wp\/v2\/tags?post=21217"}],"curies":[{"name":"wp","href":"https:\/\/api.w.org\/{rel}","templated":true}]}}