{"id":21295,"date":"2021-06-25T16:00:44","date_gmt":"2021-06-25T16:00:44","guid":{"rendered":"http:\/\/www.slineamt.ro\/apostolul\/?p=21295"},"modified":"2021-06-25T16:00:44","modified_gmt":"2021-06-25T16:00:44","slug":"scoala-primara-din-cracaul-negru-a-primit-numele-parintelui-arhiepiscop-calinic","status":"publish","type":"post","link":"http:\/\/www.slineamt.ro\/apostolul\/scoala-nemteana-la-zi\/scoala-primara-din-cracaul-negru-a-primit-numele-parintelui-arhiepiscop-calinic\/","title":{"rendered":"\u015ecoala primar\u0103 din Crac\u0103ul Negru a primit numele P\u0103rintelui Arhiepiscop Calinic"},"content":{"rendered":"\n<p>\u00cen cadrul unei manifest\u0103ri deosebite desf\u0103\u015furate \u00een comuna nem\u0163ean\u0103 Cr\u0103c\u0103oani, \u015fcoala din localitatea Crac\u0103ul Negru a primit numele \u00cenaltpreasfin\u0163itului Calinic, Arhiepiscop al Arge\u015fului \u015fi Muscelului. Evenimentul a avut loc \u00een prezen\u0163a Ierarhului, originar din acest sat, a oficialit\u0103\u0163ilor locale \u015fi a altor invita\u0163i.<\/p>\n\n\n\n<p>Chiriarhul Arge\u015fean a evocat anii adolescen\u0163ei petrecu\u0163i \u00een localitatea Crac\u0103ul Negru, amintindu-\u015fi \u00een mod deosebit de \u015fcoala \u00een care a primit, prin intermediul dasc\u0103lilor s\u0103i, lumina \u00eenv\u0103\u0163\u0103turii.<\/p>\n\n\n\n<p>Domnul profesor Roman Ioan Romeo, inspector \u015fcolar la Inspectoratul \u015ecolar Jude\u0163ean Neam\u0163, a vorbit despre bucuria de a \u00eenv\u0103\u0163a \u015fi a subliniat grija pe care Ierarhul arge\u015fean a avut-o fa\u0163\u0103 de \u015fcoala din satul natal.<\/p>\n\n\n\n<p>Din partea \u015ecolii care a primit numele de \u201eCalinic Arge\u015feanul\u201d a vorbit doamna director Raclariu Adina Cristina, care a subliniat dragostea pe care \u00cent\u00e2ist\u0103t\u0103torul Eparhiei a avut-o permanent fa\u0163\u0103 de aceast\u0103 institu\u0163ie de \u00eenv\u0103\u0163\u0103m\u00e2nt, mul\u0163umind pentru darurile primite, de-a lungul anilor.<\/p>\n\n\n\n<p>Tot cu acest prilej a fost lansat \u015fi un volum dedicat p\u0103rintelui arhiepiscop Calinic, intitulat: <em>Calinic Arge\u015feanul, studiu monografic<\/em>, tip\u0103rit la editura Doxologia \u015fi care are drept autor pe scriitorul Adrian Alui Gheorghe.<\/p>\n\n\n\n<p>Un moment care a impresionat pe cei prezen\u0163i la acest eveniment a fost \u00eent\u00e2lnirea Chiriarhului Eparhiei Arge\u015fului \u015fi Muscelului cu Mariana Vod\u0103, \u00eenv\u0103\u0163\u0103toarea \u015fi profesoara de limba \u015fi literatura rom\u00e2n\u0103 care l-a format pe t\u00e2n\u0103rul elev Constantin Argatu.<\/p>\n\n\n\n<p><strong><em>Red.<\/em><\/strong><\/p>\n","protected":false},"excerpt":{"rendered":"<p>\u00cen cadrul unei manifest\u0103ri deosebite desf\u0103\u015furate \u00een comuna nem\u0163ean\u0103 Cr\u0103c\u0103oani, \u015fcoala din localitatea Crac\u0103ul Negru a primit numele \u00cenaltpreasfin\u0163itului Calinic, Arhiepiscop al Arge\u015fului \u015fi Muscelului. Evenimentul a avut loc \u00een prezen\u0163a Ierarhului, originar din acest sat, a oficialit\u0103\u0163ilor locale \u015fi&hellip;<\/p>\n<p class=\"more-link-p\"><a class=\"more-link\" href=\"http:\/\/www.slineamt.ro\/apostolul\/scoala-nemteana-la-zi\/scoala-primara-din-cracaul-negru-a-primit-numele-parintelui-arhiepiscop-calinic\/\">Read more &rarr;<\/a><\/p>\n","protected":false},"author":1,"featured_media":0,"comment_status":"open","ping_status":"closed","sticky":false,"template":"","format":"standard","meta":{"footnotes":""},"categories":[10,443],"tags":[],"class_list":["post-21295","post","type-post","status-publish","format-standard","hentry","category-scoala-nemteana-la-zi","category-numarul-240"],"_links":{"self":[{"href":"http:\/\/www.slineamt.ro\/apostolul\/wp-json\/wp\/v2\/posts\/21295","targetHints":{"allow":["GET"]}}],"collection":[{"href":"http:\/\/www.slineamt.ro\/apostolul\/wp-json\/wp\/v2\/posts"}],"about":[{"href":"http:\/\/www.slineamt.ro\/apostolul\/wp-json\/wp\/v2\/types\/post"}],"author":[{"embeddable":true,"href":"http:\/\/www.slineamt.ro\/apostolul\/wp-json\/wp\/v2\/users\/1"}],"replies":[{"embeddable":true,"href":"http:\/\/www.slineamt.ro\/apostolul\/wp-json\/wp\/v2\/comments?post=21295"}],"version-history":[{"count":1,"href":"http:\/\/www.slineamt.ro\/apostolul\/wp-json\/wp\/v2\/posts\/21295\/revisions"}],"predecessor-version":[{"id":21296,"href":"http:\/\/www.slineamt.ro\/apostolul\/wp-json\/wp\/v2\/posts\/21295\/revisions\/21296"}],"wp:attachment":[{"href":"http:\/\/www.slineamt.ro\/apostolul\/wp-json\/wp\/v2\/media?parent=21295"}],"wp:term":[{"taxonomy":"category","embeddable":true,"href":"http:\/\/www.slineamt.ro\/apostolul\/wp-json\/wp\/v2\/categories?post=21295"},{"taxonomy":"post_tag","embeddable":true,"href":"http:\/\/www.slineamt.ro\/apostolul\/wp-json\/wp\/v2\/tags?post=21295"}],"curies":[{"name":"wp","href":"https:\/\/api.w.org\/{rel}","templated":true}]}}