{"id":21297,"date":"2021-06-25T16:01:47","date_gmt":"2021-06-25T16:01:47","guid":{"rendered":"http:\/\/www.slineamt.ro\/apostolul\/?p=21297"},"modified":"2021-06-25T16:01:47","modified_gmt":"2021-06-25T16:01:47","slug":"rememorari-nemtene-iunie-2021","status":"publish","type":"post","link":"http:\/\/www.slineamt.ro\/apostolul\/lectia-de-istorie\/rememorari-nemtene-iunie-2021\/","title":{"rendered":"Rememor\u0103ri nem\u0163ene \u2013 iunie 2021"},"content":{"rendered":"\n<p>\u25a0 1\/1946 \u2013 n. <strong>Petru\u015f Andrei<\/strong>, la Go\u015fmani, Neam\u0163, profesor, scriitor. Absolvent al Liceului \u201ePetru Rare\u015f\u201d din Piatra-Neam\u0163 \u015fi al Facult\u0103\u0163ii de Filologie Ia\u015fi, a predat, p\u00e2n\u0103 la pensionare, la Liceul din Puie\u015fti, Vaslui. Redactor la mai multe publica\u0163ii (\u201eVis\u0103torii\u201d, \u201eAmurg sentimental\u201d, \u201eDor de dor\u201d). Colaborator la: \u201eDacia literar\u0103\u201d, \u201eConvorbiri literare\u201d, \u201eCronica\u201d, \u201eCuv\u00e2ntul adev\u0103rului\u201d (Canada). C\u0103r\u0163i: \u201eDesc\u00e2ntece de inim\u0103 rea\u201d, \u201eFloare de jar\u201d, \u201eFlac\u0103ra de veghe\u201d, \u201eC\u00e2ntecul toamnei\u201d, \u201eMierea din trestii de cuv\u00e2nt\u201d, \u201ePoeme t\u00e2rzii\u201d, \u201e101 sonete\u201d, \u201eCrepuscul de miere\u201d, \u201e\u00centr-un cr\u00e2ng de neuit\u0103ri\u201d.<\/p>\n\n\n\n<p>\u25a0 2\/1943 \u2013 n. <strong>Cezarina-Georgeta Str\u0103til\u0103<\/strong>, profesoar\u0103. A absolvit Liceul \u201eCalistrat Hoga\u015f\u201d din Piatra-Neam\u0163 \u015fi Facultatea de Matematic\u0103-Mecanic\u0103 din Ia\u015fi. Cariera didactic\u0103: profesor la Dobreni, Neam\u0163 \u015fi la Grupul \u015ecolar de Chimie din Piatra-Neam\u0163, azi, Colegiul Tehnic \u201eGheorghe Cartianu\u201d (1971-2000), director adjunct, director (1994-1999). Pe l\u00e2ng\u0103 cariera profesional\u0103, a desf\u0103\u015furat o activitate deosebit\u0103 ca manager. De numele s\u0103u se leag\u0103 \u00eenfiin\u0163area Funda\u0163iei Grup \u015ecolar Chimie \u015fi continuarea public\u0103rii revistelor \u015fcolare, \u201eAnotimpuri\u201d \u015fi \u201eAnuarul \u015fcolii\u201d.<\/p>\n\n\n\n<p>\u25a0 3\/1943 \u2013 n. <strong>Vasile Vasile<\/strong>, la Borle\u015fti, Neam\u0163, profesor, dirijor, muzicolog. Absolvent al Seminarului Teologic de la M\u0103n\u0103stirea Neam\u0163, al Conservatorului de Muzic\u0103 \u201eGheorghe Dima\u201d din Cluj (1971) \u015fi al Facult\u0103\u0163ii de Filologie a Universit\u0103\u0163ii din Ia\u015fi (1974); doctor \u00een pedagogie (1993) \u015fi \u00een muzicologie (1994). Profesor \u00een Bac\u0103u \u015fi Piatra-Neam\u0163; fondator, director al \u015ecolii Populare din Piatra-Neam\u0163, cercet\u0103tor \u015ftiin\u0163ific la Institutul de \u015etiin\u0163e ale Educa\u0163iei, profesor asociat la Academia de Muzic\u0103, Bucure\u015fti, conferen\u0163iar la Universitatea Na\u0163ional\u0103 de Muzic\u0103, profesor la Facultatea de Teologie din Pite\u015fti. Scrieri: \u201eIubirea de mo\u015fie e un zid\u201d, \u201eProfiluri de muzicieni rom\u00e2ni, sec. XIX-XX, I\u201d, \u201eGavriil Galinescu \u2013 reprezentant de seam\u0103 al muzicii rom\u00e2ne\u015fti\u201d.<\/p>\n\n\n\n<p>\u25a0 4\/1952 \u2013 n. <strong>Iosif Haidu<\/strong>, la F\u0103g\u0103ra\u015f, Bra\u015fov, pictor. Absolvent al Facult\u0103\u0163ii de Art\u0103 din Ia\u015fi (1977), profesor la Clubul Copiilor \u015fi la Cenaclul \u201eProArte\u201d din Roman. Membru al U. A. P. (1982). Numeroase expozi\u0163ii personale, de grup \u015fi colective. Lucr\u0103ri \u00een colec\u0163ii din \u0163ar\u0103 \u015fi din str\u0103in\u0103tate (Olanda, Fran\u0163a, Germania, Cipru, Portugalia, Italia, Israel, Turcia, S. U. A.). Premii: Bienala Na\u0163ional\u0103 de Art\u0103 \u201eLasc\u0103r Vorel\u201d (2001) \u015fi Premiul pentru 30 de ani de activitate pedagogic\u0103 \u015fi 25 de ani de activitate expozi\u0163ional\u0103 (2009).<\/p>\n\n\n\n<p>\u25a0 5\/1974 \u2013 n. <strong>Violeta Simina MO\u015eU<\/strong>, la Piatra-Neam\u0163. Facultatea de Educa\u0163ie Fizic\u0103 \u015fi Sport a Universit\u0103\u0163ii \u201eVasile Alecsandri\u201d, Bac\u0103u (2003). Membru al UZPR (Uniunea Ziari\u015ftilor Profesioni\u015fti din Rom\u00e2nia) din 2019. Redactor, realizator emisiuni, prezentator \u015ftiri, comentator sportiv la <em>Radio Terra<\/em>, Ziarul <em>Realitatea Media<\/em>, <em>Tele\u2019M Neam\u0163<\/em>, <em>Radio M Plus<\/em>, Ziarul <em>Telegraful<\/em> \u015f. a. Declarat\u0103 ziaristul cultural al anului 2016, la Gala Superlativele Culturii Nem\u0163ene. Bibliotecar la Biblioteca Jude\u0163ean\u0103 \u201eG.T. Kirileanu\u201d Neam\u0163 (din septembrie 2017 p\u00e2n\u0103 \u00een prezent). Administreaz\u0103 din noiembrie 2017 publica\u0163ia on-line <em>Dor de Neam\u0163<\/em>. Redactor al Revistei <em>Apostolul<\/em> (din 2017 p\u00e2n\u0103 \u00een prezent). C\u0103r\u0163i publicate: <em>Piatra-Neam\u0163, ieri<\/em>, Biblioteca Jude\u0163ean\u0103 \u201eG.T. Kirileanu\u201d Neam\u0163, 2020.<\/p>\n\n\n\n<p>\u25a0 7\/1925 \u2013 n. <strong>Elena Botez-Butnaru<\/strong>, la Piatra-Neam\u0163, sopran\u0103. A fost eleva Sidoniei Hoga\u015f, a absolvit Academia de Muzic\u0103 \u015fi Art\u0103 Dramatic\u0103, Bucure\u015fti, solist\u0103 la Opera din Bucure\u015fti \u015fi prim-solist\u0103 la Opera din Timi\u015foara, interpret\u00e2nd peste 30 de ani, al\u0103turi de Nicolae Herlea, Dan Iord\u0103chescu, Viorica Cortez. Turnee: Fran\u0163a, Italia, Germania, Polonia \u015f. a. Colaboreaz\u0103 la Catedra de canto a Liceului de Art\u0103 \u201eVictor Brauner\u201d din Piatra-Neam\u0163.<\/p>\n\n\n\n<p>\u25a0 13\/1883 \u2013 n. <strong>I. I. Mironescu<\/strong>, la Tazl\u0103u, Neam\u0163 (d. 22. 07. 1939), medic, scriitor. Absolvent al Facult\u0103\u0163ii de Medicin\u0103, doctorat (1912) \u015fi studii de specializare la Berlin. Profesor universitar \u015fi \u015fef de clinic\u0103 (1921). A debutat cu proz\u0103 scurt\u0103 (\u201eLa priveghiu\u201d \u015fi \u201eLa praznic\u201d) \u00een revista elevilor. Colabor\u0103ri: \u201eVia\u0163a rom\u00e2neasc\u0103\u201d, \u201e\u00censemn\u0103ri ie\u015fene\u201d, \u201eSolia Moldovei\u201d, \u201eAv\u00e2ntul\u201d, \u201e\u00censemn\u0103ri literare\u201d. Debut editorial: \u201eSandu Hurmuzel\u201d, (1916). \u201eScrieri\u201d. Alte volume: \u201eOameni \u015fi vremuri\u201d, 1920; \u201e\u00centr-un col\u0163 de rai\u201d (desene de A. Murnu), 1930; \u201eCatihe\u0163ii de la Humule\u015fti\u201d, 1938; \u201eTulie Radu Teac\u0103\u201d, pref. Mihail Sadoveanu, 1940; \u201eScrieri\u201d, ed. \u00eengr. de Cezar \u0162ucu, 2006.<\/p>\n\n\n\n<p>\u25a0 13\/1949 \u2013 n. <strong>Eugen Ste\u0163cu<\/strong>, la Roman, poet format \u00een cenaclurile literare \u201eCezar Petrescu\u201d \u015fi \u201ePanait Mu\u015foiu\u201d din ora\u015ful natal. Este fiul cunoscutului profesor, istoric \u015fi critic literar, Neculai Gr. Ste\u0163cu. Debut (1996) cu placheta \u201eMitologii \u015fi sentimente\u201d, cu o prefa\u0163\u0103 de Eugen Simion, urmat\u0103 de \u201ePe vocala unui zeu\u201d, 2005 \u015fi \u201eP\u00e2nza mov a obsesiei\u201d, 2012.<\/p>\n\n\n\n<p>\u25a0 15\/1903 \u2013 n. <strong>Victor Brauner<\/strong>, la Piatra-Neam\u0163 (d. 1966, Paris), artist plastic. Scurt timp a frecventat \u015ecoala de Belle Arte Bucure\u015fti. Debut: prima expozi\u0163ie personal\u0103 la Galeria \u201eMozart\u201d (1924). Particip\u0103 la editarea revistelor avangardiste \u201e75 H. P.\u201d \u015fi \u201eIntegral\u201d. \u00cen revista \u201eunu\u201d public\u0103 ilustra\u0163ii \u015focante. Se stabile\u015fte la Paris, ia contact cu avangarda (1930) \u015fi realizeaz\u0103 \u201eAutoportret f\u0103r\u0103 un ochi\u201d. Expune la Galeriile \u201ePierre\u201d, catalog prefa\u0163at de Andr\u00e9 Breton (1934). Membru al Partidului Comunist, \u00een ilegalitate (un an 1935). \u00cencepe seria picturilor somnambul-erotice (1938). Dup\u0103 un refugiu \u00een Pirinei \u015fi Alpi, \u00een 1945, revine la Paris, picteaz\u0103 cele \u015fapte p\u00e2nze ce vor fi nucleul expozi\u0163iei de la Galeria \u201ePiere Loeb\u201d, Paris. Va fi exclus din \u201eGrupul Suprarealist\u201d. \u00cen 1966, reprezint\u0103 Fran\u0163a la Bienala de la Vene\u0163ia. Multe lucr\u0103ri sunt la Muzeul de Art\u0103 Modern\u0103 din Paris.<\/p>\n\n\n\n<p>\u25a0 16\/1884 \u2013 n. <strong>Nicolae I. D\u0103sc\u0103lescu<\/strong>, la C\u0103ciule\u015fti, Neam\u0163 (d. 28. 09. 1969, Piatra-Neam\u0163), general de corp de armat\u0103. Absolvent al \u015ecolii de Ofi\u0163eri de Artilerie \u015fi Geniu, din Bucure\u015fti \u015fi al \u015ecolii Superioare de R\u0103zboi. S-a distins \u00een timpul Primului R\u0103zboi Mondial \u00een luptele de la Sl\u0103nic-Moldova \u015fi Cire\u015foaia. Particip\u0103 la Al Doilea R\u0103zboi Mondial pe diferite fronturi. \u00cen timpul regimului comunist, a fost arestat \u015fi umilit, drept pentru care, dup\u0103 eliberare, c\u00e2nd se va \u00eencerca reabilitarea sa, va refuza orice onoruri. Func\u0163ii: secretar general al Ministerului Ap\u0103r\u0103rii, comandant de divizie, de Corp de Armat\u0103.<\/p>\n\n\n\n<p>\u25a0 17\/1825 \u2013 n. <strong>Elena Cuza<\/strong>, la Ia\u015fi (d. 2. 04. 1909, Piatra-Neam\u0163), \u201esf\u00e2n\u00adta\u201d, cum o numeau localnicii, so\u0163ia domnitorului Alexandru Ioan Cuza. Dup\u0103 moartea lui Cuza, va fi sor\u0103 la Spitalul de Copii \u201eCaritatea\u201d din Ia\u015fi, iar din 1903 se stabile\u015fte la Piatra-Neam\u0163, \u00een casa situat\u0103 pe Strada \u201e\u015etefan cel Mare\u201d cump\u0103rat\u0103, pe c\u00e2nd se afla \u00een Elve\u0163ia, de la familia ing. Bacalu. Aici a tr\u0103it discret ultimii ani de via\u0163\u0103, f\u0103c\u00e2nd acte de caritate, dona\u0163ia c\u0103tre primul spital al ora\u015fului, care func\u0163iona \u00een localul unde este azi Centrul de \u00cengrijiri Comunitare. La 24 ianuarie 1909, c\u00e2nd se \u00eemplineau 50 de ani de la Unire, a fost vizitat\u0103 de Nicolae Iorga, iar manifest\u0103rile dedicate evenimentului s-au desf\u0103\u015furat \u00een fa\u0163a casei sale.<\/p>\n\n\n\n<p>\u25a0 18\/1938 \u2013 n. <strong>Paul Findrihan<\/strong> la Icu\u015fe\u015fti, Roman (d. 22. 07. 2004, Piatra-Neam\u0163), profesor, publicist. A absolvit Liceul \u201eRoman-Vod\u0103\u201d, Facultatea de Filologie-Istorie a Universit\u0103\u0163ii Bucure\u015fti (1960), profesor \u015fi director la S\u0103b\u0103oani, Neam\u0163, referent \u015fi secretar literar al T. T. din Piatra-Neam\u0163 (1966-1998), autor (colab.) a primului corpus de documente privind activitatea T. T. (\u201eRemember\u201d, \u201eBreviar\u201d \u015fi \u201eTT\u201d). Membru \u00een comisia de redactare a unui \u201eLexicon\u201d al teatrului rom\u00e2nesc. A editat \u2013 singur sau \u00een colaborare: Revista \u201eZigzag\u201d (1984-1989), Caietele-program ale spectacolelor TT. A participat la realizarea unor manifest\u0103rii cu public, \u201eAntologia Scriitorilor Rom\u00e2ni Contemporani\u201d \u015fi \u201eColocviile critice\u201d. Colabor\u0103ri: Ziarul \u201eCeahl\u0103ul\u201d, revistele \u201eAsachi\u201d \u015fi \u201eApostolul\u201d.<\/p>\n\n\n\n<p>\u25a0 19\/1946 \u2013 n. <strong>Neculai P\u0103duraru<\/strong>, la Sagna, Neam\u0163, artist plastic. Absolvent al Institutului de Art\u0103 Plastic\u0103 \u201eNicolae Grigorescu\u201d din Bucure\u015fti (1971-1975), doctor \u00een arte vizuale, profesor universitar la Universitatea Na\u0163ional\u0103 de Arte Bucure\u015fti. Expozi\u0163ii personale (1974-2010): Bucure\u015fti, Milano \u015fi Roma, Napoli, Ia\u015fi. Particip\u0103ri la expozi\u0163ii interna\u0163ionale (1973-1995): Roma, Vene\u0163ia, Barcelona, Budapesta, Ravenna, Padova, Ankara, Sevilia, Miami (S. U. A.), Fran\u0163a, Grecia. Distins cu Premiul U. A. P., de \u015fase ori, cu premiile: Bienalei Interna\u0163ionale de Sculptur\u0103 de la Budapesta, Premiul \u201ePicasso\u201d Roma, Premiul Bienalei Interna\u0163ionale Euro-Asia Ankara; Premiul pentru sculptur\u0103 \u201eMinato Ku\u201d, Tokyo. \u00cen august 2013, a deschis o personal\u0103 la Piatra-Neam\u0163 \u015fi a declarat c\u0103 inten\u0163ioneaz\u0103 s\u0103 deschid\u0103 un muzeu \u00een satul natal.<\/p>\n\n\n\n<p>\u25a0 20\/1938 \u2013 n. <strong>Mihai Merticaru<\/strong>, la Be\u0163e\u015fti, Rediu, Neam\u0163, profesor, poet, publicist, membru al U. S. A absolvit Facultatea de Filologie, Ia\u015fi. A fost redactor la Ziarul \u201eCeahl\u0103ul\u201d. Colabor\u0103ri: \u201eConvorbiri literare\u201d, \u201eAntiteze\u201d, \u201eAsachi\u201d, \u201eSpirit critic\u201d, \u201eFlac\u0103ra\u201d \u015fi \u00een reviste didactice. C\u0103r\u0163i de poezie: \u201eV\u00e2n\u0103toare princiar\u0103\u201d, \u201eCatedrala de azur\u201d, \u201eScriere cuneiform\u0103\u201d, \u201e\u00cent\u00e2lnire pe pod\u201d, \u201eImperiul lupului\u201d, \u201e\u00cemp\u0103r\u0103\u0163ia clipei. 333 micropoeme \u00een stil haiku\u201d, \u201eArca lui Petrarca\u201d, \u201e\u00cemp\u0103r\u0103\u0163ia frigului\u201d, \u201eGeometrie liric\u0103. 66 de sonete\u201d, \u201eUmbra p\u0103s\u0103rii, poeme alese\u201d; \u201eArta euritmiei, 74 de sonete\u201d, \u015fi c\u0103r\u0163i didactice. (\u201eRepere literare \u015fi stilistice\u201d \u015f. a.)<\/p>\n\n\n\n<p>\u25a0 21\/1949 \u2013 n. <strong>Dan Cepoi<\/strong>, la T\u00e2rgu-Neam\u0163 (d. 2008, Piatra-Neam\u0163), pictor. Absolvent al Facult\u0103\u0163ii de Arte Plastice, Ia\u015fi. Membru al U. A. P. \u00cen paralel cu activitatea didactic\u0103 la Piatra-Neam\u0163, expune permanent, \u00een cadrul expozi\u0163iilor colective, ocazionale sau anuale, \u015fi particip\u0103 la Taberele de pictur\u0103: Alma\u015f, V\u0103ratec, Dur\u0103u, Dumbrava. Este prezent \u00een selec\u0163iile Filialei Neam\u0163 a U. A. P. pentru expozi\u0163iile deschise la Ia\u015fi (1985), T\u00e2rgu-Mure\u015f \u015fi Piatra-Neam\u0163 (1987), Bucure\u015fti (1986), Bienala \u201eLasc\u0103r Vorel\u201d, Piatra-Neam\u0163. Au publicat reproduceri dup\u0103 lucr\u0103rile sale revistele: \u201eArta\u201d, \u201eOrizonturi rom\u00e2ne\u015fti\u201d, \u201eVatra\u201d. Prezent \u00een numeroase colec\u0163ii particulare din \u0163ar\u0103 \u015fi de peste hotare.<\/p>\n\n\n\n<p>\u25a0 24\/1924 \u2013 n. <strong>Georgeta Pralea-Buzil\u0103<\/strong>, la Piatra-Neam\u0163 (d. 17.10.2009, Piatra-Neam\u0163), profesoar\u0103. Absolvent\u0103 a Facult\u0103\u0163ii de Litere din Bucure\u015fti cu o diplom\u0103 de licen\u0163\u0103 cu men\u0163inea \u201eCum Laude\u201d. Din toamna anului 1947, f\u0103r\u0103 \u00eentrerupere, a predat limba \u015fi literatura rom\u00e2n\u0103 (1947-1980), \u00een ora\u015ful natal: \u015ecoala Normal\u0103 de B\u0103ie\u0163i Nr. 1, 1947-1952, Liceul \u201ePetru Rare\u015f\u201d. A fost profesor eviden\u0163iat \u015fi a primit grada\u0163ia de merit. C\u00e2nd s-a pensionat, \u00ee\u015fi amintea adeseori c\u0103, la plecarea din \u015fcoal\u0103, s-a oprit, i-a privit pe cei trei \u00eentemeietori imortaliza\u0163i \u00een altorelieful (Calistrat Hoga\u015f) \u015fi basoreliefurile (Ion Negre \u015fi Mihai Stamatin) din fa\u0163a Liceului \u015fi a murmurat: \u201eMi-am f\u0103cut datoria. V-am avut ca model\u201d.<\/p>\n\n\n\n<p>\u25a0 27\/1951 \u2013 n. <strong>Lauren\u0163iu Dumitra\u015fcu<\/strong>, la Moine\u015fti, Bac\u0103u, arhitect, stabilit cu p\u0103rin\u0163ii la Bicaz (1958), apoi \u00een Piatra-Neam\u0163. Absolvent al Institutului de Arhitectur\u0103 \u201eIon Mincu\u201d. Membru al U. A. P. (1990). Diverse \u015fi multiple proiecte de amenajare a unor zone (B\u0103l\u0163\u0103te\u015fti, Bicaz, C. F. S. S\u0103vine\u015fti \u015f. a.). Lucr\u0103ri de art\u0103 monumental\u0103 (\u201eAnamorfoze\u201d), lucr\u0103ri de scenografie (spectacole: la TT, Teatrul Na\u0163ional din Ia\u015fi, Teatrul \u201eMihai Eminescu\u201d din Boto\u015fani \u015f. a.), proiecte de construc\u0163ii \u00een \u0163ar\u0103 \u015fi \u00een str\u0103in\u0103tate.<\/p>\n\n\n\n<p>\u25a0 28\/1912 \u2013 n. <strong>Sergiu Celibidache<\/strong>, la Roman (d. 14. 08. 1996, l\u00e2ng\u0103 Paris), muzician, compozitor, membru de onoare al Academiei Rom\u00e2ne. A absolvit liceul \u00een ora\u015ful natal. Se consacr\u0103 muzicii, pleac\u0103 la Berlin unde studiaz\u0103 la \u015ecoala de \u00cenalte Studii Muzicale (1936), unde va debuta (1945) la pupitrul Filarmonicii. Dirijeaz\u0103 cu regularitate renumite orchestre simfonice europene; \u0163ine cursuri de perfec\u0163ionare \u00een arta dirijoral\u0103 la Academia Muzical\u0103 din Siena (1960-1962), iar mai t\u00e2rziu la Fontainebleau \u015fi la M\u00fcnchen pentru tineri dirijori. Autorul unui \u201eRequiem\u201d, a patru simfonii \u015fi al unui Concert pentru pian \u015fi orchestr\u0103, r\u0103mase \u00een cea mai mare parte inedite. A condus Orchestra Filarmonic\u0103 din Paris (din 1969), director al Filarmonicii din M\u00fcnchen (din 1979), pe care o va dirija \u015fi la Ateneul Rom\u00e2n (1978 \u015fi 1990).<\/p>\n\n\n\n<p><strong><em>Constantin TOM\u015eA<\/em><\/strong><\/p>\n","protected":false},"excerpt":{"rendered":"<p>\u25a0 1\/1946 \u2013 n. Petru\u015f Andrei, la Go\u015fmani, Neam\u0163, profesor, scriitor. Absolvent al Liceului \u201ePetru Rare\u015f\u201d din Piatra-Neam\u0163 \u015fi al Facult\u0103\u0163ii de Filologie Ia\u015fi, a predat, p\u00e2n\u0103 la pensionare, la Liceul din Puie\u015fti, Vaslui. Redactor la mai multe publica\u0163ii (\u201eVis\u0103torii\u201d,&hellip;<\/p>\n<p class=\"more-link-p\"><a class=\"more-link\" href=\"http:\/\/www.slineamt.ro\/apostolul\/lectia-de-istorie\/rememorari-nemtene-iunie-2021\/\">Read more &rarr;<\/a><\/p>\n","protected":false},"author":1,"featured_media":0,"comment_status":"open","ping_status":"closed","sticky":false,"template":"","format":"standard","meta":{"footnotes":""},"categories":[6,443],"tags":[],"class_list":["post-21297","post","type-post","status-publish","format-standard","hentry","category-lectia-de-istorie","category-numarul-240"],"_links":{"self":[{"href":"http:\/\/www.slineamt.ro\/apostolul\/wp-json\/wp\/v2\/posts\/21297","targetHints":{"allow":["GET"]}}],"collection":[{"href":"http:\/\/www.slineamt.ro\/apostolul\/wp-json\/wp\/v2\/posts"}],"about":[{"href":"http:\/\/www.slineamt.ro\/apostolul\/wp-json\/wp\/v2\/types\/post"}],"author":[{"embeddable":true,"href":"http:\/\/www.slineamt.ro\/apostolul\/wp-json\/wp\/v2\/users\/1"}],"replies":[{"embeddable":true,"href":"http:\/\/www.slineamt.ro\/apostolul\/wp-json\/wp\/v2\/comments?post=21297"}],"version-history":[{"count":1,"href":"http:\/\/www.slineamt.ro\/apostolul\/wp-json\/wp\/v2\/posts\/21297\/revisions"}],"predecessor-version":[{"id":21298,"href":"http:\/\/www.slineamt.ro\/apostolul\/wp-json\/wp\/v2\/posts\/21297\/revisions\/21298"}],"wp:attachment":[{"href":"http:\/\/www.slineamt.ro\/apostolul\/wp-json\/wp\/v2\/media?parent=21297"}],"wp:term":[{"taxonomy":"category","embeddable":true,"href":"http:\/\/www.slineamt.ro\/apostolul\/wp-json\/wp\/v2\/categories?post=21297"},{"taxonomy":"post_tag","embeddable":true,"href":"http:\/\/www.slineamt.ro\/apostolul\/wp-json\/wp\/v2\/tags?post=21297"}],"curies":[{"name":"wp","href":"https:\/\/api.w.org\/{rel}","templated":true}]}}