{"id":21302,"date":"2021-06-25T16:06:12","date_gmt":"2021-06-25T16:06:12","guid":{"rendered":"http:\/\/www.slineamt.ro\/apostolul\/?p=21302"},"modified":"2021-06-25T16:06:12","modified_gmt":"2021-06-25T16:06:12","slug":"vladimir-besleaga-%ca%bc90","status":"publish","type":"post","link":"http:\/\/www.slineamt.ro\/apostolul\/cronica-literara\/vladimir-besleaga-%ca%bc90\/","title":{"rendered":"Vladimir Be\u015fleag\u0103 \u02bc90"},"content":{"rendered":"\n<div class=\"wp-block-image\"><figure class=\"alignleft size-large is-resized\"><a href=\"http:\/\/www.slineamt.ro\/apostolul\/wp-content\/uploads\/2021\/06\/24-ap240-foto1.jpg\"><img loading=\"lazy\" decoding=\"async\" src=\"http:\/\/www.slineamt.ro\/apostolul\/wp-content\/uploads\/2021\/06\/24-ap240-foto1.jpg\" alt=\"\" class=\"wp-image-21303\" width=\"313\" height=\"376\" srcset=\"http:\/\/www.slineamt.ro\/apostolul\/wp-content\/uploads\/2021\/06\/24-ap240-foto1.jpg 283w, http:\/\/www.slineamt.ro\/apostolul\/wp-content\/uploads\/2021\/06\/24-ap240-foto1-250x300.jpg 250w, http:\/\/www.slineamt.ro\/apostolul\/wp-content\/uploads\/2021\/06\/24-ap240-foto1-260x312.jpg 260w, http:\/\/www.slineamt.ro\/apostolul\/wp-content\/uploads\/2021\/06\/24-ap240-foto1-160x192.jpg 160w\" sizes=\"auto, (max-width: 313px) 100vw, 313px\" \/><\/a><\/figure><\/div>\n\n\n\n<p><em>Be\u015fleag\u0103 reprezint\u0103 tipul de creator complex: poet, eseist, om de cultur\u0103, chiar \u015fi prozatorul din el \u00ee\u015fi asum\u0103 ceva mai multe func\u0163ii dec\u00e2t cere proza propriu-zis\u0103; ea nu mai descrie \u2013 analizeaz\u0103; ea nu doar analizeaz\u0103 \u2013 \u00eeng\u00e2n\u0103 realul cu poezia, ea nu se limiteaz\u0103 numai la poezie \u2013 revine la real.<\/em> (<strong><em>Mihai CIMPOI<\/em><\/strong>)<\/p>\n\n\n\n<p>N\u0103scut \u00een 1931 la M\u0103l\u0103ie\u015fti, Grigoriopol, scriitorul \u015fi omul politic basarabean Vladimir Be\u015fleag\u0103 va \u00eemplini pe 25 iulie 90 de ani. Fiu al lui Vasile Be\u015fleag\u0103 \u015fi al Fevroniei-Eugenia, Vladimir a devenit un nume de referin\u0163\u0103 \u00een proz\u0103, cultur\u0103 \u015fi via\u0163a politic\u0103 din Republica Moldova. A absolvit Universitatea de Stat din Moldova (1955); a f\u0103cut doctoratul la aceea\u015fi institu\u0163ie, av\u00e2nd ca tem\u0103 de studiu \u201eLiviu Rebreanu, romancier\u201d. \u015ei-a \u00eenceput activitatea literar\u0103 \u00een anii \u02bc60. Colaboreaz\u0103 cu publica\u0163iile \u201eChip\u0103ru\u015f\u201d, \u201eCultura Moldovei\u201d, \u201eTinerimea Moldovei\u201d; este redactor-\u015fef adjunct la revista \u201eNistru\u201d (1977-1982). Este Secretar al Uniunii Scriitorilor (1971-1976), Director al Muzeului Republican de Literatur\u0103 \u201eD. Cantemir\u201d (1988); membru al Comitetului de Conducere al Uniunii Scriitorilor. Deputat \u00een primul Parlament al Republicii Moldova (1990-1994).<\/p>\n\n\n\n<p>Cartea de debut este \u201eZb\u00e2n\u0163uil\u0103\u201d (1956) \u015fi alte c\u00e2teva opere ulterioare sunt dedicate micilor cititori. Primul roman, \u201eZbor fr\u00e2nt\u201d (1966) este recunoscut drept una din prozele remarcabile ale perioadei postbelice, unul din romanele care au schimbat fa\u0163a prozei din Moldova. Sensul \u015fi problemele existen\u0163ei umane, confruntarea etic\u0103, fr\u0103m\u00e2nt\u0103rile suflete\u015fti, zona nelini\u015ftit\u0103 a con\u015ftiin\u0163ei devin efectiv materia epic\u0103 \u015fi documentar\u0103 a romanelor \u201eAcas\u0103\u201d (1976, reeditat \u00een 1998 cu titlul \u201eNepotul\u201d \u015fi textul comentat), \u201eIgnat \u015fi Ana\u201d \u015fi \u201eDurere\u201d (1979). Epica \u015fi eseistica fuzioneaz\u0103 \u015fi \u00een volumele cu subiect istoric \u201eS\u00e2nge pe z\u0103pad\u0103\u201d (1985) \u015fi \u201eCumplite vremi\u201d (1990).<\/p>\n\n\n\n<p>Vladimir Be\u015fleag\u0103 are meritul de a fi utilizat noi tehnici narative, \u00een special \u00een romanul psihologic \u201eVia\u0163a \u015fi moartea nefericitului Filimon&#8230;\u201d, scris \u00een anii \u02bc60 \u015fi publicat abia \u00een 1988. Prezen\u0163\u0103 activ\u0103 \u015fi \u00een publicistica social-politic\u0103: \u00een ultimii ani semneaz\u0103 numeroase tablete, eseuri, reflec\u0163ii \u015fi note memorialistice \u00een publica\u0163iile \u201eFlux. Edi\u0163ia de vineri\u201d, \u201eSud-Est\u201d, \u201eContrafort\u201d, \u201eJurnal de Chi\u015fin\u0103u\u201d. Alte c\u0103r\u0163i: \u201eSuflul vremii\u201d (1981), \u201eJurnal\u201d (1986-1988). \u00cen 2002 \u2013 Premiul Uniunii Scriitorilor. Romanele lui Be\u015fleag\u0103 au fost traduse \u015fi \u00een alte limbi. A tradus din operele lui Longos, Erasm din Rotterdam \u015f. a. A primit Premiul de Stat al RSSM (1978). Este Scriitor al Poporului (1991). A ob\u0163inut \u201eOrdinul Republicii\u201d (1996, pe care l-a recuzat). Manuscrisele mai multor romane (\u201eZbor fr\u00e2nt\u201d, \u201eIgnat \u015fi Ana\u201d, \u201eS\u00e2nge pe z\u0103pad\u0103\u201d \u015f. a.), gra\u0163ie bun\u0103voin\u0163ei autorului, se p\u0103streaz\u0103 \u00een colec\u0163ia Muzeului Literaturii Rom\u00e2ne \u201eMihail Kog\u0103lniceanu\u201d.<\/p>\n\n\n\n<p>Crezul artistic al scriitorului poate fi sintetizat \u00eentr-o fraz\u0103 care a r\u0103mas memorabil\u0103: \u201e\u00cen ce m\u0103 prive\u015fte, eu nu m\u0103 consider un scriitor profesionist, eu scriu doar atunci c\u00e2nd m\u0103 doare, c\u00e2nd m\u0103 frige la inim\u0103 \u015fi c\u00e2nd nu mai pot s\u0103 nu scriu. Principiul de care m\u0103 c\u0103l\u0103uzesc ar fi: s\u0103 scriu doar atunci c\u00e2nd nu pot s\u0103 nu scriu, c\u0103 de altfel explodez&#8230;\u201d<\/p>\n\n\n\n<p><strong><em>Red.<\/em><\/strong><\/p>\n","protected":false},"excerpt":{"rendered":"<p>Be\u015fleag\u0103 reprezint\u0103 tipul de creator complex: poet, eseist, om de cultur\u0103, chiar \u015fi prozatorul din el \u00ee\u015fi asum\u0103 ceva mai multe func\u0163ii dec\u00e2t cere proza propriu-zis\u0103; ea nu mai descrie \u2013 analizeaz\u0103; ea nu doar analizeaz\u0103 \u2013 \u00eeng\u00e2n\u0103 realul cu&hellip;<\/p>\n<p class=\"more-link-p\"><a class=\"more-link\" href=\"http:\/\/www.slineamt.ro\/apostolul\/cronica-literara\/vladimir-besleaga-%ca%bc90\/\">Read more &rarr;<\/a><\/p>\n","protected":false},"author":1,"featured_media":0,"comment_status":"open","ping_status":"closed","sticky":false,"template":"","format":"standard","meta":{"footnotes":""},"categories":[16,443],"tags":[],"class_list":["post-21302","post","type-post","status-publish","format-standard","hentry","category-cronica-literara","category-numarul-240"],"_links":{"self":[{"href":"http:\/\/www.slineamt.ro\/apostolul\/wp-json\/wp\/v2\/posts\/21302","targetHints":{"allow":["GET"]}}],"collection":[{"href":"http:\/\/www.slineamt.ro\/apostolul\/wp-json\/wp\/v2\/posts"}],"about":[{"href":"http:\/\/www.slineamt.ro\/apostolul\/wp-json\/wp\/v2\/types\/post"}],"author":[{"embeddable":true,"href":"http:\/\/www.slineamt.ro\/apostolul\/wp-json\/wp\/v2\/users\/1"}],"replies":[{"embeddable":true,"href":"http:\/\/www.slineamt.ro\/apostolul\/wp-json\/wp\/v2\/comments?post=21302"}],"version-history":[{"count":1,"href":"http:\/\/www.slineamt.ro\/apostolul\/wp-json\/wp\/v2\/posts\/21302\/revisions"}],"predecessor-version":[{"id":21304,"href":"http:\/\/www.slineamt.ro\/apostolul\/wp-json\/wp\/v2\/posts\/21302\/revisions\/21304"}],"wp:attachment":[{"href":"http:\/\/www.slineamt.ro\/apostolul\/wp-json\/wp\/v2\/media?parent=21302"}],"wp:term":[{"taxonomy":"category","embeddable":true,"href":"http:\/\/www.slineamt.ro\/apostolul\/wp-json\/wp\/v2\/categories?post=21302"},{"taxonomy":"post_tag","embeddable":true,"href":"http:\/\/www.slineamt.ro\/apostolul\/wp-json\/wp\/v2\/tags?post=21302"}],"curies":[{"name":"wp","href":"https:\/\/api.w.org\/{rel}","templated":true}]}}