{"id":21313,"date":"2021-06-25T16:12:50","date_gmt":"2021-06-25T16:12:50","guid":{"rendered":"http:\/\/www.slineamt.ro\/apostolul\/?p=21313"},"modified":"2021-06-25T16:12:50","modified_gmt":"2021-06-25T16:12:50","slug":"noaptea-europeana-a-muzeelor","status":"publish","type":"post","link":"http:\/\/www.slineamt.ro\/apostolul\/pasi-spre-europa\/noaptea-europeana-a-muzeelor\/","title":{"rendered":"Noaptea European\u0103 a Muzeelor"},"content":{"rendered":"\n<p>Pentru a marca&nbsp;<strong>Noaptea European\u0103 a Muzeelor<\/strong>,&nbsp;Complexul Muzeal Na\u0163ional Neam\u0163 a organizat s\u00e2mb\u0103t\u0103,&nbsp;12 iunie 2021, \u00eentre orele 18.00 \u2013 24.00, vizitarea \u00een regim de&nbsp;<strong>gratuitate<\/strong>&nbsp;a unit\u0103\u0163ilor muzeale din:<\/p>\n\n\n\n<ul class=\"wp-block-list\"><li><strong>Piatra-Neam\u0163<\/strong>&nbsp;(Muzeul de Art\u0103, Muzeul de Art\u0103 Eneolitic\u0103 Cucuteni, Muzeul de \u015etiin\u0163e Naturale, Curtea Domneasc\u0103 \u2013 Turnul clopotni\u0163\u0103, Pivni\u0163a 1 \u015fi Pivni\u0163a 2);<\/li><li><strong>Roman<\/strong>&nbsp;(Muzeul de Istorie, Muzeul de Art\u0103, Muzeul de \u015etiin\u0163ele Naturii);<\/li><li><strong>T\u00e2rgu Neam\u0163<\/strong>&nbsp;(Muzeul Memorial&nbsp;<em>Ion Creang\u0103<\/em>&nbsp;Humule\u015fti, Muzeul de Istorie \u015fi Etnografie, Casa Memorial\u0103&nbsp;<em>Veronica Micle<\/em>, Muzeul Cetatea Neam\u0163).&nbsp;<\/li><\/ul>\n\n\n\n<p>Pe l\u00e2ng\u0103 expozi\u0163iile de baz\u0103 ale unit\u0103\u0163ilor muzeale men\u0163ionate, publicul vizitator a putut admira \u015fi o serie de expozi\u0163ii temporare:<\/p>\n\n\n\n<p><strong>Muzeul de Art\u0103 Piatra-Neam\u0163 \u2013&nbsp;<\/strong>expozi\u0163ia temporar\u0103 \u201ePeriplu istoric. De la Tudor Vladimirescu la rena\u015fterea na\u0163ional\u0103\u201d \u015fi proiec\u0163ia video dedicat\u0103 artistei Geta Br\u0103tescu;<\/p>\n\n\n\n<p><strong>Muzeul de \u015etiin\u0163e Naturale Piatra-Neam\u0163 \u2013&nbsp;<\/strong>expozi\u0163ia temporar\u0103 \u201eMinerale \u015fi asocia\u0163ii minerale din Rom\u00e2nia\u201d;<\/p>\n\n\n\n<p><strong>Muzeul de \u015etiin\u0163e Naturale Roman<\/strong>&nbsp;\u2013 expozi\u0163iile temporare:&nbsp;<em>Trofee de v\u00e2n\u0103toare \u015fi faun\u0103 cinegetic\u0103 din zona Roman \u015fi Florile Dobrogei continentale<\/em>;<\/p>\n\n\n\n<p><strong>Muzeul de Art\u0103 Roman&nbsp;<\/strong>\u2013 expozi\u0163ia temporar\u0103:&nbsp;<em>Personala de pictur\u0103 \u015fi acuarel\u0103 Viorel Maxim.<\/em><\/p>\n\n\n\n<p>Accesul \u00een unit\u0103\u0163ile muzeale se va face cu respectarea regulilor de distan\u0163are social\u0103; purtarea m\u0103\u015ftii este obligatorie \u00een spa\u0163iile expozi\u0163ionale. (<strong><em>Red.<\/em><\/strong>)<\/p>\n","protected":false},"excerpt":{"rendered":"<p>Pentru a marca&nbsp;Noaptea European\u0103 a Muzeelor,&nbsp;Complexul Muzeal Na\u0163ional Neam\u0163 a organizat s\u00e2mb\u0103t\u0103,&nbsp;12 iunie 2021, \u00eentre orele 18.00 \u2013 24.00, vizitarea \u00een regim de&nbsp;gratuitate&nbsp;a unit\u0103\u0163ilor muzeale din: Piatra-Neam\u0163&nbsp;(Muzeul de Art\u0103, Muzeul de Art\u0103 Eneolitic\u0103 Cucuteni, Muzeul de \u015etiin\u0163e Naturale, Curtea Domneasc\u0103&hellip;<\/p>\n<p class=\"more-link-p\"><a class=\"more-link\" href=\"http:\/\/www.slineamt.ro\/apostolul\/pasi-spre-europa\/noaptea-europeana-a-muzeelor\/\">Read more &rarr;<\/a><\/p>\n","protected":false},"author":1,"featured_media":0,"comment_status":"open","ping_status":"closed","sticky":false,"template":"","format":"standard","meta":{"footnotes":""},"categories":[9,443],"tags":[],"class_list":["post-21313","post","type-post","status-publish","format-standard","hentry","category-pasi-spre-europa","category-numarul-240"],"_links":{"self":[{"href":"http:\/\/www.slineamt.ro\/apostolul\/wp-json\/wp\/v2\/posts\/21313","targetHints":{"allow":["GET"]}}],"collection":[{"href":"http:\/\/www.slineamt.ro\/apostolul\/wp-json\/wp\/v2\/posts"}],"about":[{"href":"http:\/\/www.slineamt.ro\/apostolul\/wp-json\/wp\/v2\/types\/post"}],"author":[{"embeddable":true,"href":"http:\/\/www.slineamt.ro\/apostolul\/wp-json\/wp\/v2\/users\/1"}],"replies":[{"embeddable":true,"href":"http:\/\/www.slineamt.ro\/apostolul\/wp-json\/wp\/v2\/comments?post=21313"}],"version-history":[{"count":1,"href":"http:\/\/www.slineamt.ro\/apostolul\/wp-json\/wp\/v2\/posts\/21313\/revisions"}],"predecessor-version":[{"id":21314,"href":"http:\/\/www.slineamt.ro\/apostolul\/wp-json\/wp\/v2\/posts\/21313\/revisions\/21314"}],"wp:attachment":[{"href":"http:\/\/www.slineamt.ro\/apostolul\/wp-json\/wp\/v2\/media?parent=21313"}],"wp:term":[{"taxonomy":"category","embeddable":true,"href":"http:\/\/www.slineamt.ro\/apostolul\/wp-json\/wp\/v2\/categories?post=21313"},{"taxonomy":"post_tag","embeddable":true,"href":"http:\/\/www.slineamt.ro\/apostolul\/wp-json\/wp\/v2\/tags?post=21313"}],"curies":[{"name":"wp","href":"https:\/\/api.w.org\/{rel}","templated":true}]}}