{"id":21316,"date":"2021-06-25T16:17:21","date_gmt":"2021-06-25T16:17:21","guid":{"rendered":"http:\/\/www.slineamt.ro\/apostolul\/?p=21316"},"modified":"2021-06-25T16:21:27","modified_gmt":"2021-06-25T16:21:27","slug":"expozitia-itineranta-poeti-contemporani-cu-eminescu","status":"publish","type":"post","link":"http:\/\/www.slineamt.ro\/apostolul\/cronica-literara\/expozitia-itineranta-poeti-contemporani-cu-eminescu\/","title":{"rendered":"Expozi\u0163ia itinerant\u0103 \u201ePoe\u0163i contemporani cu Eminescu\u201d"},"content":{"rendered":"\n<div class=\"wp-block-image\"><figure class=\"alignleft size-large is-resized\"><a href=\"http:\/\/www.slineamt.ro\/apostolul\/wp-content\/uploads\/2021\/06\/21-ap240-foto1.jpg\"><img loading=\"lazy\" decoding=\"async\" src=\"http:\/\/www.slineamt.ro\/apostolul\/wp-content\/uploads\/2021\/06\/21-ap240-foto1.jpg\" alt=\"\" class=\"wp-image-21318\" width=\"428\" height=\"504\" srcset=\"http:\/\/www.slineamt.ro\/apostolul\/wp-content\/uploads\/2021\/06\/21-ap240-foto1.jpg 567w, http:\/\/www.slineamt.ro\/apostolul\/wp-content\/uploads\/2021\/06\/21-ap240-foto1-255x300.jpg 255w, http:\/\/www.slineamt.ro\/apostolul\/wp-content\/uploads\/2021\/06\/21-ap240-foto1-560x659.jpg 560w, http:\/\/www.slineamt.ro\/apostolul\/wp-content\/uploads\/2021\/06\/21-ap240-foto1-260x306.jpg 260w, http:\/\/www.slineamt.ro\/apostolul\/wp-content\/uploads\/2021\/06\/21-ap240-foto1-160x188.jpg 160w\" sizes=\"auto, (max-width: 428px) 100vw, 428px\" \/><\/a><\/figure><\/div>\n\n\n\n<p>Biblioteca Jude\u0163ean\u0103 \u201eG.T. Kirileanu\u201d Neam\u0163 g\u0103zduie\u015fte, \u00een perioada 25 mai \u2013 25 iulie 2021, expozi\u0163ia itinerant\u0103 \u201ePoe\u0163i contemporani cu Eminescu\u201d organizat\u0103 de Memorialul Ipote\u015fti, Centrul Na\u0163ional de studii \u201eMihai Eminescu\u201d, Boto\u015fani. Expozi\u0163ia a fost vernisat\u0103 la Boto\u015fani pe 21 aprilie 2021, cu ocazia Zilei Mondiale a Poeziei.<\/p>\n\n\n\n<p>Conceput\u0103 de Liliana Grecu (concept grafic) \u015fi Lucia \u0162urcanu (prezentare \u015fi selec\u0163ie text), expozi\u0163ia prezint\u0103 62 de poe\u0163i \u2013 de la Gheorghe Asachi (1788-1869) la Iulia Ha\u015fdeu (1869-1888) \u2013 din Moldova, Muntenia \u015fi Transilvania, care f\u0103ceau parte, \u00een anii \u02bc60-\u02bc80 ai secolului al XIX-lea, din ceea ce se poate numi procesul poetic rom\u00e2nesc: \u201eb\u0103tr\u00e2nii\u201d, care mai erau \u00een via\u0163\u0103 atunci c\u00e2nd Eminescu debuta, colegi de la Junimea sau congeneri din alte spa\u0163ii, pe care poetul poate c\u0103 nu i-a cunoscut, dar f\u0103r\u0103 de care panorama poeziei rom\u00e2ne\u015fti din acea perioad\u0103 nu ar fi complet\u0103, \u201etinerii\u201d, care au debutat p\u00e2n\u0103 \u00een 1889.<\/p>\n\n\n\n<p>Biblioteca Jude\u0163ean\u0103 \u201eG.T. Kirileanu\u201d Neam\u0163 este la a doua colaborare cu Memorialul Ipote\u015fti, Centrul Na\u0163ional de studii \u201eMihai Eminescu\u201d, Boto\u015fani, dup\u0103 ce a g\u0103zduit, \u00een perioada 21 septembrie \u2013 11 octombrie 2020, expozi\u0163ia itinerant\u0103 \u201eMihai Eminescu\u201d, cu tablouri semnate de Spiru Vergulescu.<\/p>\n\n\n\n<p>Colec\u0163ia de tablouri Spiru Vergulescu a ajuns la Ipote\u015fti \u00een iunie 1989, c\u00e2nd a fost celebrat\u0103 \u00eemplinirea a 100 de ani de la trecerea la cele ve\u015fnice a lui Mihai Eminescu. O parte din aceste lucr\u0103ri au foste expuse pentru prima dat\u0103 \u00een perioada 1-15 ianuarie 1989, la Galeriile Municipiului Bucure\u015fti, \u00een cadrul expozi\u0163iei \u201eLocuri eminesciene\u201d. (<strong><em>Biblioteca Jude\u0163ean\u0103 \u201eG.T. Kirileanu\u201d Neam\u0163<\/em><\/strong>)<\/p>\n","protected":false},"excerpt":{"rendered":"<p>Biblioteca Jude\u0163ean\u0103 \u201eG.T. Kirileanu\u201d Neam\u0163 g\u0103zduie\u015fte, \u00een perioada 25 mai \u2013 25 iulie 2021, expozi\u0163ia itinerant\u0103 \u201ePoe\u0163i contemporani cu Eminescu\u201d organizat\u0103 de Memorialul Ipote\u015fti, Centrul Na\u0163ional de studii \u201eMihai Eminescu\u201d, Boto\u015fani. Expozi\u0163ia a fost vernisat\u0103 la Boto\u015fani pe 21 aprilie&hellip;<\/p>\n<p class=\"more-link-p\"><a class=\"more-link\" href=\"http:\/\/www.slineamt.ro\/apostolul\/cronica-literara\/expozitia-itineranta-poeti-contemporani-cu-eminescu\/\">Read more &rarr;<\/a><\/p>\n","protected":false},"author":1,"featured_media":0,"comment_status":"open","ping_status":"closed","sticky":false,"template":"","format":"standard","meta":{"footnotes":""},"categories":[16,443],"tags":[],"class_list":["post-21316","post","type-post","status-publish","format-standard","hentry","category-cronica-literara","category-numarul-240"],"_links":{"self":[{"href":"http:\/\/www.slineamt.ro\/apostolul\/wp-json\/wp\/v2\/posts\/21316","targetHints":{"allow":["GET"]}}],"collection":[{"href":"http:\/\/www.slineamt.ro\/apostolul\/wp-json\/wp\/v2\/posts"}],"about":[{"href":"http:\/\/www.slineamt.ro\/apostolul\/wp-json\/wp\/v2\/types\/post"}],"author":[{"embeddable":true,"href":"http:\/\/www.slineamt.ro\/apostolul\/wp-json\/wp\/v2\/users\/1"}],"replies":[{"embeddable":true,"href":"http:\/\/www.slineamt.ro\/apostolul\/wp-json\/wp\/v2\/comments?post=21316"}],"version-history":[{"count":2,"href":"http:\/\/www.slineamt.ro\/apostolul\/wp-json\/wp\/v2\/posts\/21316\/revisions"}],"predecessor-version":[{"id":21319,"href":"http:\/\/www.slineamt.ro\/apostolul\/wp-json\/wp\/v2\/posts\/21316\/revisions\/21319"}],"wp:attachment":[{"href":"http:\/\/www.slineamt.ro\/apostolul\/wp-json\/wp\/v2\/media?parent=21316"}],"wp:term":[{"taxonomy":"category","embeddable":true,"href":"http:\/\/www.slineamt.ro\/apostolul\/wp-json\/wp\/v2\/categories?post=21316"},{"taxonomy":"post_tag","embeddable":true,"href":"http:\/\/www.slineamt.ro\/apostolul\/wp-json\/wp\/v2\/tags?post=21316"}],"curies":[{"name":"wp","href":"https:\/\/api.w.org\/{rel}","templated":true}]}}