{"id":21367,"date":"2021-06-25T17:22:57","date_gmt":"2021-06-25T17:22:57","guid":{"rendered":"http:\/\/www.slineamt.ro\/apostolul\/?p=21367"},"modified":"2021-06-25T17:22:57","modified_gmt":"2021-06-25T17:22:57","slug":"federatia-sindicala-a-educatiei-si-stiintei","status":"publish","type":"post","link":"http:\/\/www.slineamt.ro\/apostolul\/comemorari\/federatia-sindicala-a-educatiei-si-stiintei\/","title":{"rendered":"Federa\u0163ia Sindical\u0103 a Educa\u0163iei \u015fi \u015etiin\u0163ei"},"content":{"rendered":"\n<p><strong>In memoriam Dumitru IVANOV<\/strong><\/p>\n\n\n\n<div class=\"wp-block-image\"><figure class=\"alignleft size-large is-resized\"><a href=\"http:\/\/www.slineamt.ro\/apostolul\/wp-content\/uploads\/2021\/06\/08-ap240-foto1.jpg\"><img loading=\"lazy\" decoding=\"async\" src=\"http:\/\/www.slineamt.ro\/apostolul\/wp-content\/uploads\/2021\/06\/08-ap240-foto1.jpg\" alt=\"\" class=\"wp-image-21368\" width=\"312\" height=\"236\" srcset=\"http:\/\/www.slineamt.ro\/apostolul\/wp-content\/uploads\/2021\/06\/08-ap240-foto1.jpg 258w, http:\/\/www.slineamt.ro\/apostolul\/wp-content\/uploads\/2021\/06\/08-ap240-foto1-160x121.jpg 160w\" sizes=\"auto, (max-width: 312px) 100vw, 312px\" \/><\/a><\/figure><\/div>\n\n\n\n<p>Cunoa\u015ftem prea bine o lege implacabil\u0103 a vie\u0163ii: to\u0163i suntem datori cu o moarte. Ne cutremur\u0103m \u00eens\u0103, de fiecare dat\u0103 c\u00e2nd afl\u0103m c\u0103 ne-a p\u0103r\u0103sit \u00eenc\u0103 un om aureolat de nimbul vredniciei.<\/p>\n\n\n\n<p>\u00cencheindu-\u015fi rostul p\u0103m\u00e2ntesc, Dumitru Ivanov a plecat pe 4 iunie dincolo de marginile lumii, l\u0103s\u00e2nd urme ad\u00e2nci de lumin\u0103, durere, triste\u0163e \u00een memoria \u015fi inimile tuturor celor (foarte mul\u0163i) care l-au cunoscut.<\/p>\n\n\n\n<p>N\u0103scut la 1 ianuarie 1946, Dumitru Ivanov a fost profesor, director de \u015fcoal\u0103, \u015fef al cabinetului metodic la Direc\u0163ia general\u0103 \u00eenv\u0103\u0163\u0103m\u00e2nt, \u015fef adjunct al DG\u00ce, deputat \u00een Parlamentul RM \u015fi de dou\u0103 ori a fost ales Pre\u015fedinte al Consiliului General al Sindicatului Educa\u0163iei \u015fi \u015etiin\u0163ei din Republica Moldova. Pentru meritele deosebite \u00een activitatea sa, i-au fost conferite distinc\u0163ia de Emerit al \u00cenv\u0103\u0163\u0103m\u00e2ntului Public, Insigna de Onoare a CNSM \u015fi distinc\u0163ia Gloria Muncii.<\/p>\n\n\n\n<p>Lui Dumitru Ivanov i-a fost predestinat \u00eenc\u0103 de la na\u015ftere s\u0103 fac\u0103 bine, s\u0103 aduc\u0103 bucurii oamenilor. Nu \u00eent\u00e2mpl\u0103tor a ales s\u0103 fie profesor, un dasc\u0103l cu voca\u0163ie care a reu\u015fit s\u0103 cultive, s\u0103 construiasc\u0103 con\u015ftiin\u0163e \u015fi suflete. \u00cen calitatea sa de deputat \u00een Parlamentul Republicii Moldova s-a str\u0103duit s\u0103 fac\u0103 legi bune pentru oameni. Pe \u00eentreg parcursul lungii cariere de pre\u015fedinte al Federa\u0163iei Sindicale a Educa\u0163iei \u015fi \u015etiin\u0163ei a \u015ftiut s\u0103 apere drepturile \u015fi demnitatea oamenilor \u015fi s\u0103-i \u00eendemne pe mul\u0163i al\u0163i lideri sindicali \u00eentru \u00eendeplinirea acestei nobile misiuni. Astfel, Dumitru Ivanov a reu\u015fit s\u0103 formeze genera\u0163ii de sindicali\u015fti temerari, care au ales s\u0103 urmeze modelul, felul de a fi al pre- \u00ad\u015fedintelui FSE\u015e.<\/p>\n\n\n\n<div class=\"wp-block-image\"><figure class=\"alignright size-large is-resized\"><a href=\"http:\/\/www.slineamt.ro\/apostolul\/wp-content\/uploads\/2021\/06\/08-ap240-foto2.jpg\"><img loading=\"lazy\" decoding=\"async\" src=\"http:\/\/www.slineamt.ro\/apostolul\/wp-content\/uploads\/2021\/06\/08-ap240-foto2.jpg\" alt=\"\" class=\"wp-image-21369\" width=\"392\" height=\"452\" srcset=\"http:\/\/www.slineamt.ro\/apostolul\/wp-content\/uploads\/2021\/06\/08-ap240-foto2.jpg 492w, http:\/\/www.slineamt.ro\/apostolul\/wp-content\/uploads\/2021\/06\/08-ap240-foto2-260x300.jpg 260w, http:\/\/www.slineamt.ro\/apostolul\/wp-content\/uploads\/2021\/06\/08-ap240-foto2-160x184.jpg 160w\" sizes=\"auto, (max-width: 392px) 100vw, 392px\" \/><\/a><\/figure><\/div>\n\n\n\n<p>Om de o integritate \u015fi verticalitate rare, \u00eennobilat de dragostea pentru oameni, nu \u015fi-a plecat capul \u00een fa\u0163a mai marilor zilei. A \u00een\u0163eles substan\u0163a \u015fi importan\u0163a strategiilor, tacticilor, manevrelor \u00een atingerea obiectivelor. \u00cenzestrat cu arta diploma\u0163iei \u015fi a \u015ftiin\u0163ei mecanismelor comunit\u0103\u0163ii a \u015ftiut s\u0103 nego\u00ad- cieze, s\u0103 polemizeze, s\u0103 impun\u0103 puncte de vedere, s\u0103 ob\u0163in\u0103, ca finalitate, profituri pentru bun\u0103starea oamenilor.<\/p>\n\n\n\n<p>A pre\u0163uit \u00een oameni onestitatea, bun\u0103tatea, responsabilitatea, demnitatea, spiritul de ini\u0163iativ\u0103, g\u0103tin\u0163a de d\u0103ruire \u015fi pentru c\u0103 poseda \u015fi Domnia sa, peste m\u0103sur\u0103, aceste dominante.<\/p>\n\n\n\n<p>A fost un suflet \u00eenfl\u0103c\u0103rat, vesel, ironic \u015fi autoironic, autoritar, dup\u0103 caz, cu un discurs bine articulat, mobilizator \u015fi cu un gust al lucrului bine f\u0103cut.<\/p>\n\n\n\n<p>Ne va lipsi mult aceast\u0103 personalitate complex\u0103 \u2013 Dumitru Ivanov \u2013 care \u015fi-a c\u00e2\u015ftigat nemurirea prin multul bine f\u0103cut oamenilor pe care i-a iubit enorm, p\u00e2n\u0103 la durere.<\/p>\n\n\n\n<p>Dumnezeu s\u0103-l odihneasc\u0103 \u00een \u00eemp\u0103r\u0103\u0163ia Sa!<\/p>\n\n\n\n<p><strong><em>Noi, colegii sindicali\u015fti \u00eei vom p\u0103stra mereu vie amintirea.<\/em><\/strong><\/p>\n\n\n\n<p><strong><em>\u00cemp\u0103rt\u0103\u015fim durerea \u015fi suntem al\u0103turi de familia \u00eendoliat\u0103.<\/em><\/strong><\/p>\n","protected":false},"excerpt":{"rendered":"<p>In memoriam Dumitru IVANOV Cunoa\u015ftem prea bine o lege implacabil\u0103 a vie\u0163ii: to\u0163i suntem datori cu o moarte. Ne cutremur\u0103m \u00eens\u0103, de fiecare dat\u0103 c\u00e2nd afl\u0103m c\u0103 ne-a p\u0103r\u0103sit \u00eenc\u0103 un om aureolat de nimbul vredniciei. \u00cencheindu-\u015fi rostul p\u0103m\u00e2ntesc, Dumitru&hellip;<\/p>\n<p class=\"more-link-p\"><a class=\"more-link\" href=\"http:\/\/www.slineamt.ro\/apostolul\/comemorari\/federatia-sindicala-a-educatiei-si-stiintei\/\">Read more &rarr;<\/a><\/p>\n","protected":false},"author":1,"featured_media":0,"comment_status":"open","ping_status":"closed","sticky":false,"template":"","format":"standard","meta":{"footnotes":""},"categories":[5,443],"tags":[],"class_list":["post-21367","post","type-post","status-publish","format-standard","hentry","category-comemorari","category-numarul-240"],"_links":{"self":[{"href":"http:\/\/www.slineamt.ro\/apostolul\/wp-json\/wp\/v2\/posts\/21367","targetHints":{"allow":["GET"]}}],"collection":[{"href":"http:\/\/www.slineamt.ro\/apostolul\/wp-json\/wp\/v2\/posts"}],"about":[{"href":"http:\/\/www.slineamt.ro\/apostolul\/wp-json\/wp\/v2\/types\/post"}],"author":[{"embeddable":true,"href":"http:\/\/www.slineamt.ro\/apostolul\/wp-json\/wp\/v2\/users\/1"}],"replies":[{"embeddable":true,"href":"http:\/\/www.slineamt.ro\/apostolul\/wp-json\/wp\/v2\/comments?post=21367"}],"version-history":[{"count":1,"href":"http:\/\/www.slineamt.ro\/apostolul\/wp-json\/wp\/v2\/posts\/21367\/revisions"}],"predecessor-version":[{"id":21370,"href":"http:\/\/www.slineamt.ro\/apostolul\/wp-json\/wp\/v2\/posts\/21367\/revisions\/21370"}],"wp:attachment":[{"href":"http:\/\/www.slineamt.ro\/apostolul\/wp-json\/wp\/v2\/media?parent=21367"}],"wp:term":[{"taxonomy":"category","embeddable":true,"href":"http:\/\/www.slineamt.ro\/apostolul\/wp-json\/wp\/v2\/categories?post=21367"},{"taxonomy":"post_tag","embeddable":true,"href":"http:\/\/www.slineamt.ro\/apostolul\/wp-json\/wp\/v2\/tags?post=21367"}],"curies":[{"name":"wp","href":"https:\/\/api.w.org\/{rel}","templated":true}]}}