{"id":21371,"date":"2021-06-25T17:24:49","date_gmt":"2021-06-25T17:24:49","guid":{"rendered":"http:\/\/www.slineamt.ro\/apostolul\/?p=21371"},"modified":"2021-06-25T17:24:49","modified_gmt":"2021-06-25T17:24:49","slug":"ion-c-bratianu-200-de-ani-de-la-nastere","status":"publish","type":"post","link":"http:\/\/www.slineamt.ro\/apostolul\/comemorari\/ion-c-bratianu-200-de-ani-de-la-nastere\/","title":{"rendered":"Ion C. Br\u0103tianu \u2013 200 de ani de la na\u015ftere"},"content":{"rendered":"\n<div class=\"wp-block-image\"><figure class=\"alignleft size-large\"><a href=\"http:\/\/www.slineamt.ro\/apostolul\/wp-content\/uploads\/2021\/06\/07-ap240-foto1.jpg\"><img loading=\"lazy\" decoding=\"async\" width=\"402\" height=\"567\" src=\"http:\/\/www.slineamt.ro\/apostolul\/wp-content\/uploads\/2021\/06\/07-ap240-foto1.jpg\" alt=\"\" class=\"wp-image-21372\" srcset=\"http:\/\/www.slineamt.ro\/apostolul\/wp-content\/uploads\/2021\/06\/07-ap240-foto1.jpg 402w, http:\/\/www.slineamt.ro\/apostolul\/wp-content\/uploads\/2021\/06\/07-ap240-foto1-213x300.jpg 213w, http:\/\/www.slineamt.ro\/apostolul\/wp-content\/uploads\/2021\/06\/07-ap240-foto1-260x367.jpg 260w, http:\/\/www.slineamt.ro\/apostolul\/wp-content\/uploads\/2021\/06\/07-ap240-foto1-160x226.jpg 160w\" sizes=\"auto, (max-width: 402px) 100vw, 402px\" \/><\/a><\/figure><\/div>\n\n\n\n<p>Biblioteca Academiei Rom\u00e2ne a organizat pe 3 iunie 2021, \u00een Amfiteatrul \u201eIon Heliade R\u0103dulescu\u201d, simpozionul \u201eIon C. Br\u0103tianu \u2013 200 de ani de la na\u015ftere\u201d.<\/p>\n\n\n\n<p>Au rostit alocu\u0163iuni acad. Ioan-Aurel Pop, pre\u015fedintele Academiei Rom\u00e2ne, Ludovic Orban, pre\u015fedintele Camerei Deputa\u0163ilor, dr. Narcis Dorin Ion, directorul Muzeului Na\u0163ional Pele\u015f, prof. ing. Nicolae Noica, membru de onoare al Academiei Rom\u00e2ne \u015fi director general al Bibliotecii Academiei Rom\u00e2ne.<\/p>\n\n\n\n<p>Simpozionul a fost urmat de vernisarea expozi\u0163iei cu acela\u015fi nume, organizat\u0103 \u00een sala \u201eTheodor Pallady\u201d de Cabinetul de Manuscrise, Carte Rar\u0103 \u015fi de Cabinetul de Stampe, Fotografie, H\u0103r\u0163i, fiind expuse colec\u0163ii de documente \u015fi fotografii din patrimoniul Bibliotecii Academiei Rom\u00e2ne.<\/p>\n\n\n\n<p>Organizat cu prilejul \u00eemplinirii a 200 de ani de la na\u015fterea lui Ion C. Br\u0103tianu, evenimentul aduce un omagiu unuia dintre cei mai importan\u0163i oameni de stat rom\u00e2ni, membru de onoare al Academiei Rom\u00e2ne, \u015fi dore\u015fte s\u0103 pun\u0103 \u00een eviden\u0163\u0103 puternica voca\u0163ie a patriotismului politic care i-a marcat destinul. N\u0103scut la 2 iunie 1821, la Pite\u015fti, Ion C. Br\u0103tianu s-a format \u00een atmosfera revolu\u0163ionar\u0103 a Parisului de la mijlocul secolului al XIX-lea, care i-a furnizat at\u00e2t entuziasmul, c\u00e2t \u015fi cuno\u015ftin\u0163ele diplomatice \u015fi politice necesare unei viitoare construc\u0163ii na\u0163ionale. Fondator al Partidului Na\u0163ional Liberal, \u00een 1875, \u015fi primul s\u0103u pre\u015fedinte, Ion C. Br\u0103tianu \u00ee\u015fi leag\u0103 numele de cele mai importante momente din istoria statului rom\u00e2n modern: negocierea \u015fi aducerea pe tronul Principatelor Rom\u00e2ne unite, \u00een 1866, a Principelui Carol de Hohenzollern-Sigmaringen, c\u00e2\u015ftigarea independen\u0163ei de stat la 1877, \u00eenfiin\u0163area unor institu\u0163ii fundamentale pentru modernizarea \u0163\u0103rii, ini\u0163ierea unor ample proiecte liberale de emancipare economic\u0103 \u015fi cultural\u0103. Prim-ministru timp de 12 ani, \u00een repetate r\u00e2nduri ministru al economiei, al ap\u0103r\u0103rii na\u0163ionale sau al afacerilor externe, Ion C. Br\u0103tianu a avut priceperea politic\u0103 de a identifica \u015fi pune \u00een aplicare acele m\u0103suri care s\u0103 constituie temelia unei construc\u0163ii na\u0163ionale \u015fi s\u0103 deschid\u0103 calea c\u0103tre actul Marii Uniri, la care o contribu\u0163ie decisiv\u0103 urma s\u0103 aib\u0103 fiului s\u0103u, Ion I. C. Br\u0103tianu.<\/p>\n\n\n\n<p>Expozi\u0163ia organizat\u0103 cu prilejul simpozionului \u201eIon C. Br\u0103tianu \u2013 200 de ani de la na\u015ftere\u201d a reunit documente de arhiv\u0103, coresponden\u0163\u0103 cu oameni politici ai vremii sau cu familia, fotografii, diplome, medalii, antologii de discursuri, volume monografice \u015fi este \u00eenso\u0163it\u0103 de un elegant catalog de peste 120 de pagini. (<strong><em>Red.<\/em><\/strong>)<\/p>\n","protected":false},"excerpt":{"rendered":"<p>Biblioteca Academiei Rom\u00e2ne a organizat pe 3 iunie 2021, \u00een Amfiteatrul \u201eIon Heliade R\u0103dulescu\u201d, simpozionul \u201eIon C. Br\u0103tianu \u2013 200 de ani de la na\u015ftere\u201d. Au rostit alocu\u0163iuni acad. Ioan-Aurel Pop, pre\u015fedintele Academiei Rom\u00e2ne, Ludovic Orban, pre\u015fedintele Camerei Deputa\u0163ilor, dr.&hellip;<\/p>\n<p class=\"more-link-p\"><a class=\"more-link\" href=\"http:\/\/www.slineamt.ro\/apostolul\/comemorari\/ion-c-bratianu-200-de-ani-de-la-nastere\/\">Read more &rarr;<\/a><\/p>\n","protected":false},"author":1,"featured_media":0,"comment_status":"open","ping_status":"closed","sticky":false,"template":"","format":"standard","meta":{"footnotes":""},"categories":[5,443],"tags":[],"class_list":["post-21371","post","type-post","status-publish","format-standard","hentry","category-comemorari","category-numarul-240"],"_links":{"self":[{"href":"http:\/\/www.slineamt.ro\/apostolul\/wp-json\/wp\/v2\/posts\/21371","targetHints":{"allow":["GET"]}}],"collection":[{"href":"http:\/\/www.slineamt.ro\/apostolul\/wp-json\/wp\/v2\/posts"}],"about":[{"href":"http:\/\/www.slineamt.ro\/apostolul\/wp-json\/wp\/v2\/types\/post"}],"author":[{"embeddable":true,"href":"http:\/\/www.slineamt.ro\/apostolul\/wp-json\/wp\/v2\/users\/1"}],"replies":[{"embeddable":true,"href":"http:\/\/www.slineamt.ro\/apostolul\/wp-json\/wp\/v2\/comments?post=21371"}],"version-history":[{"count":1,"href":"http:\/\/www.slineamt.ro\/apostolul\/wp-json\/wp\/v2\/posts\/21371\/revisions"}],"predecessor-version":[{"id":21373,"href":"http:\/\/www.slineamt.ro\/apostolul\/wp-json\/wp\/v2\/posts\/21371\/revisions\/21373"}],"wp:attachment":[{"href":"http:\/\/www.slineamt.ro\/apostolul\/wp-json\/wp\/v2\/media?parent=21371"}],"wp:term":[{"taxonomy":"category","embeddable":true,"href":"http:\/\/www.slineamt.ro\/apostolul\/wp-json\/wp\/v2\/categories?post=21371"},{"taxonomy":"post_tag","embeddable":true,"href":"http:\/\/www.slineamt.ro\/apostolul\/wp-json\/wp\/v2\/tags?post=21371"}],"curies":[{"name":"wp","href":"https:\/\/api.w.org\/{rel}","templated":true}]}}