{"id":21380,"date":"2021-06-25T17:32:49","date_gmt":"2021-06-25T17:32:49","guid":{"rendered":"http:\/\/www.slineamt.ro\/apostolul\/?p=21380"},"modified":"2021-06-25T17:32:49","modified_gmt":"2021-06-25T17:32:49","slug":"mihai-eminescu-singura-dinastie-nationala-cu-care-se-lauda-ungurii-este-familia-arhiromaneasca-a-corvinilor","status":"publish","type":"post","link":"http:\/\/www.slineamt.ro\/apostolul\/lectia-de-istorie\/mihai-eminescu-singura-dinastie-nationala-cu-care-se-lauda-ungurii-este-familia-arhiromaneasca-a-corvinilor\/","title":{"rendered":"MIHAI EMINESCU: Singura dinastie na\u0163ional\u0103 cu care se laud\u0103 ungurii este familia arhirom\u00e2neasc\u0103 a Corvinilor"},"content":{"rendered":"\n<div class=\"wp-block-image\"><figure class=\"alignleft size-large is-resized\"><a href=\"http:\/\/www.slineamt.ro\/apostolul\/wp-content\/uploads\/2021\/06\/04-ap240-foto1.jpg\"><img loading=\"lazy\" decoding=\"async\" src=\"http:\/\/www.slineamt.ro\/apostolul\/wp-content\/uploads\/2021\/06\/04-ap240-foto1.jpg\" alt=\"\" class=\"wp-image-21381\" width=\"598\" height=\"254\" srcset=\"http:\/\/www.slineamt.ro\/apostolul\/wp-content\/uploads\/2021\/06\/04-ap240-foto1.jpg 567w, http:\/\/www.slineamt.ro\/apostolul\/wp-content\/uploads\/2021\/06\/04-ap240-foto1-300x128.jpg 300w, http:\/\/www.slineamt.ro\/apostolul\/wp-content\/uploads\/2021\/06\/04-ap240-foto1-560x238.jpg 560w, http:\/\/www.slineamt.ro\/apostolul\/wp-content\/uploads\/2021\/06\/04-ap240-foto1-260x111.jpg 260w, http:\/\/www.slineamt.ro\/apostolul\/wp-content\/uploads\/2021\/06\/04-ap240-foto1-160x68.jpg 160w\" sizes=\"auto, (max-width: 598px) 100vw, 598px\" \/><\/a><\/figure><\/div>\n\n\n\n<p>St\u0103p\u00e2nul politic al trupului \u015fi a raporturilor lui de avere poate fi ici un Habsburg, colo un Romanov, dincolo un Rachenberg sau un Obrenovici; pe sufletul lui, pe limba lui, pe inima lui e st\u0103p\u00e2n Dumnezeu \u015fi el, \u015fi nimenea \u2018ncolo [&#8230;]<\/p>\n\n\n\n<p>Cineva poate fi obligat prin locul na\u015fterii sale de-a servi \u00een armata ungureasc\u0103, adec\u0103 de a-\u015fi da puterile, trupul \u015fi via\u0163a fizic\u0103 pentru statul ungur, dar limba ungureasc\u0103 nu e nimenea dator de-a o \u00eenv\u0103\u0163a, nimeni dator, nici sie \u00eensu\u015fi, nici lui Dumnezeu, de\u015fi \u00een realitate poporul maghiar n-a ajuns niciodat\u0103 la predominare \u00een \u0163ara lui proprie, nici \u00een trecut, nici azi. \u00cendat\u0103 dup\u0103 stingerea dinastiei lui Arpad, s-a succes p\u00e2n\u0103 \u00een ziua de azi o serie de dinastii str\u0103ine recrutate de departe \u015fi de aproape, \u00eenc\u00e2t singura dinastie na\u0163ional\u0103 cu care se laud\u0103 este familia arhirom\u00e2neasc\u0103 a Iancului, voievodul Ardealului, a Corvinilor. Bonfiniu deducea familia dintr-o gens de patricii de la Roma; realitatea este \u00eens\u0103 c\u0103 Corvinii erau boieri rom\u00e2ni de neam, iar \u00eendeosebi tat\u0103l voevodului Iancu \u0163inea \u00een c\u0103s\u0103torie pe o fiic\u0103 din familia Paleologilor din Constantinopole. De aproape \u00eenrudi\u0163i cu Basarabii, ba poate ei \u00een\u015fii Basarabi, aveau \u00een marca lor un Corb c-un inel \u00een gur\u0103. Acest corb cu inelul \u00een gur\u0103 este \u00eens\u0103 identic cu corbul legendei lui Radu Negru [&#8230;].<\/p>\n\n\n\n<p>Dac\u0103 opinia Ung\u015fariei\u0163 despre noi e at\u00e2t de rea precum afecteaz\u0103 a avea, cu at\u00e2t mai bine pentru noi. Orice eroare asupra puterilor noastre este \u00een paguba adversarului. Dac\u0103 nu sunt \u00een eroare asupra noastr\u0103, \u015fi limbajul vehement al foilor lor ascunde numai, c-o manier\u0103 l\u0103ud\u0103roas\u0103, frica \u015fi sl\u0103biciunea care le stau ca un cui la inim\u0103, iar cu at\u00e2t mai bine pentru noi, c\u0103ci atunci \u015ftim c\u0103, oric\u00e2t va striga, \u0163ine \u00een tain\u0103 seam\u0103 de noi. A ne \u00eentrece \u00eens\u0103 \u00een epitete \u00eenjurioase cu ei mai avem poate talentul, dar n-avem \u00eenclinarea. Un lucru li-l putem m\u0103rturisi numai: <em>Beuge machen gilt mehr<\/em>. Dac\u0103 lupta e necesar\u0103, nu injuriile vor fi armele celui victorios [&#8230;]<\/p>\n\n\n\n<p>Nu ne mai trebuie epitrop \u00een nimic \u015fi nic\u0103iri. Nu trebuie nici unguri epitropi, nici germani, nici ru\u015fi. \u00cencolo admitem orice form\u0103 de convie\u0163uire cu alte popoare, fie aceea o convie\u0163uire cu maghiarii sub Coroana Sf. \u015etefan, fie cu toate celelalte popoare \u00een Imperiul habsburgic sub Coroana de Austria. Un singur lucru putem pretinde de la oricine: s\u0103 respecte na\u0163ionalitatea noastr\u0103 cum o respect\u0103m noi pe a lor. Crede oare Austria s\u0103 c\u00e2\u015ftige preponderan\u0163\u0103 pe Dun\u0103re permi\u0163\u00e2nd ungurilor infamiile c\u00e2te se comit? [&#8230;]<\/p>\n\n\n\n<p>Noi \u00eei asigur\u0103m c\u0103 rom\u00e2nii, s\u0103 vrea numai, \u00een trei zile \u015f-ar putea ar\u0103ta\u0163 c\u0103 de c\u00e2nd e lumea \u015fi p\u0103m\u00e2ntul n-a existat picior de ungur \u00een Ardeal. Dar nu vor, \u015fi \u015ftiu ei bine de ce nu vor [&#8230;]<\/p>\n\n\n\n<p>Ce mi-e rusul, ce mi-e ungurul? Ia pe unul d\u0103 \u00een altul, vorba ceea. (Sursa \u2013 <em>Certitudinea<\/em>, nr 81, 9-23 febr. 2021)<\/p>\n\n\n\n<p><strong><em>Mihai EMINESCU<\/em><\/strong><\/p>\n\n\n\n<p><em>Manuscrisul 2257,<\/em><\/p>\n\n\n\n<p><em>perioada 1866-1877<\/em><\/p>\n","protected":false},"excerpt":{"rendered":"<p>St\u0103p\u00e2nul politic al trupului \u015fi a raporturilor lui de avere poate fi ici un Habsburg, colo un Romanov, dincolo un Rachenberg sau un Obrenovici; pe sufletul lui, pe limba lui, pe inima lui e st\u0103p\u00e2n Dumnezeu \u015fi el, \u015fi nimenea&hellip;<\/p>\n<p class=\"more-link-p\"><a class=\"more-link\" href=\"http:\/\/www.slineamt.ro\/apostolul\/lectia-de-istorie\/mihai-eminescu-singura-dinastie-nationala-cu-care-se-lauda-ungurii-este-familia-arhiromaneasca-a-corvinilor\/\">Read more &rarr;<\/a><\/p>\n","protected":false},"author":1,"featured_media":0,"comment_status":"open","ping_status":"closed","sticky":false,"template":"","format":"standard","meta":{"footnotes":""},"categories":[6,443],"tags":[],"class_list":["post-21380","post","type-post","status-publish","format-standard","hentry","category-lectia-de-istorie","category-numarul-240"],"_links":{"self":[{"href":"http:\/\/www.slineamt.ro\/apostolul\/wp-json\/wp\/v2\/posts\/21380","targetHints":{"allow":["GET"]}}],"collection":[{"href":"http:\/\/www.slineamt.ro\/apostolul\/wp-json\/wp\/v2\/posts"}],"about":[{"href":"http:\/\/www.slineamt.ro\/apostolul\/wp-json\/wp\/v2\/types\/post"}],"author":[{"embeddable":true,"href":"http:\/\/www.slineamt.ro\/apostolul\/wp-json\/wp\/v2\/users\/1"}],"replies":[{"embeddable":true,"href":"http:\/\/www.slineamt.ro\/apostolul\/wp-json\/wp\/v2\/comments?post=21380"}],"version-history":[{"count":1,"href":"http:\/\/www.slineamt.ro\/apostolul\/wp-json\/wp\/v2\/posts\/21380\/revisions"}],"predecessor-version":[{"id":21382,"href":"http:\/\/www.slineamt.ro\/apostolul\/wp-json\/wp\/v2\/posts\/21380\/revisions\/21382"}],"wp:attachment":[{"href":"http:\/\/www.slineamt.ro\/apostolul\/wp-json\/wp\/v2\/media?parent=21380"}],"wp:term":[{"taxonomy":"category","embeddable":true,"href":"http:\/\/www.slineamt.ro\/apostolul\/wp-json\/wp\/v2\/categories?post=21380"},{"taxonomy":"post_tag","embeddable":true,"href":"http:\/\/www.slineamt.ro\/apostolul\/wp-json\/wp\/v2\/tags?post=21380"}],"curies":[{"name":"wp","href":"https:\/\/api.w.org\/{rel}","templated":true}]}}