{"id":21388,"date":"2021-06-25T17:36:47","date_gmt":"2021-06-25T17:36:47","guid":{"rendered":"http:\/\/www.slineamt.ro\/apostolul\/?p=21388"},"modified":"2021-06-25T17:36:47","modified_gmt":"2021-06-25T17:36:47","slug":"ministerul%e2%80%88educatiei-ordin","status":"publish","type":"post","link":"http:\/\/www.slineamt.ro\/apostolul\/eveniment\/ministerul%e2%80%88educatiei-ordin\/","title":{"rendered":"MINISTERUL\u2008EDUCA\u0162IEI ORDIN"},"content":{"rendered":"\n<p><strong>privind stabilirea unor drepturi salariale specifice personalului didactic din \u00eenv\u0103\u0163\u0103m\u00e2nt, prev\u0103zute \u00een Legea-cadru nr. 153\/2017 privind salarizarea personalului pl\u0103tit din fonduri publice<\/strong><\/p>\n\n\n\n<p>\u00cen temeiul prevederilor art. 4, art. 5 alin. (1), art. 7 \u015fi ale art. 8 din anexa nr. I cap. I lit. B \u201eReglement\u0103ri specifice personalului didactic din \u00eenv\u0103\u0163\u0103m\u00e2nt\u201d, precum \u015fi ale art. 15 din Legea-cadru nr. 153\/2017 privind salarizarea personalului pl\u0103tit din fonduri publice, cu modific\u0103rile \u015fi complet\u0103rile ulterioare,<\/p>\n\n\n\n<p>\u00een baza prevederilor art. 14 alin. (3) \u015fi ale art. 39 alin. (5) din Legea-cadru nr. 153\/2017 privind salarizarea personalului pl\u0103tit din fonduri publice, cu modific\u0103rile \u015fi complet\u0103rile ulterioare,<\/p>\n\n\n\n<p>\u00een conformitate cu prevederile art. 3 alin. (2) \u015fi ale art. 4 din Legea-cadru nr. 153\/2017 privind salarizarea personalului pl\u0103tit din fonduri publice, cu modific\u0103rile \u015fi complet\u0103rile ulterioare,<\/p>\n\n\n\n<p>av\u00e2nd \u00een vedere Decizia \u00cenaltei Cur\u0163i de Casa\u0163ie \u015fi Justi\u0163ie \u2013 Completul pentru dezlegarea unor chestiuni de drept nr. 7\/2021,<\/p>\n\n\n\n<p>\u00een temeiul prevederilor art. 13 alin. (3) din Hot\u0103r\u00e2rea Guvernului nr. 369\/2021 ea \u015fi func\u0163ionarea Ministerului Educa\u0163iei, cu modific\u0103rile ulterioare,<\/p>\n\n\n\n<p><strong>ministrul educa\u0163iei<\/strong> emite prezentul ordin:<\/p>\n\n\n\n<p><strong>Articolul 1<\/strong><\/p>\n\n\n\n<p>(1) Major\u0103rile\/Cre\u015fterile salariale prev\u0103zute la art. 4, art. 5 alin. (1), art. 7 \u015fi art. 8 din anexa nr. I cap. I lit. B \u201eReglement\u0103ri specifice personalului didactic din \u00eenv\u0103\u0163\u0103m\u00e2nt\u201d, respectiv art. 15 din Legea-cadru nr. 153\/2017 privind salarizarea personalului pl\u0103tit din fonduri publice, cu modific\u0103rile \u015fi complet\u0103rile ulterioare, se aplic\u0103 la salariul de baz\u0103 de\u0163inut\/aflat \u00een plat\u0103.<\/p>\n\n\n\n<p>(2) Prevederile art. 14 alin. (3) din Legea-cadru nr. 153\/2017 privind salarizarea personalului pl\u0103tit din fonduri publice, cu modific\u0103rile \u015fi complet\u0103rile ulterioare, se aplic\u0103 \u015fi cadrelor didactice care au ob\u0163inut gradul didactic I prin echivalare, anterior datei de 1 iulie 2017.<\/p>\n\n\n\n<p>(3) Prevederile alin. (1) \u015fi (2) se aplic\u0103 \u00eencep\u00e2nd cu drepturile salariale aferente lunii iunie 2021.<\/p>\n\n\n\n<p><strong>Articolul 2<\/strong> Direc\u0163iile de specialitate din cadrul Ministerului Educa\u0163iei, unit\u0103\u0163ile\/institu\u0163iile de \u00eenv\u0103\u0163\u0103m\u00e2nt preuniversitar\/ universitar de stat, inspectoratele \u015fcolare \u015fi bibliotecile centrale universitare duc la \u00eendeplinire prevederile prezentului ordin.<\/p>\n\n\n\n<p>Articolul 3 Prezentul ordin se public\u0103 \u00een Monitorul Oficial al Rom\u00e2niei, Partea I.<\/p>\n\n\n\n<p>p. Ministrul educa\u0163iei,<\/p>\n\n\n\n<p><strong>Gigel Paraschiv, <\/strong>secretar de stat<\/p>\n\n\n\n<p>Bucure\u015fti, 16 iunie 2021, Nr. 3.993<\/p>\n","protected":false},"excerpt":{"rendered":"<p>privind stabilirea unor drepturi salariale specifice personalului didactic din \u00eenv\u0103\u0163\u0103m\u00e2nt, prev\u0103zute \u00een Legea-cadru nr. 153\/2017 privind salarizarea personalului pl\u0103tit din fonduri publice \u00cen temeiul prevederilor art. 4, art. 5 alin. (1), art. 7 \u015fi ale art. 8 din anexa nr.&hellip;<\/p>\n<p class=\"more-link-p\"><a class=\"more-link\" href=\"http:\/\/www.slineamt.ro\/apostolul\/eveniment\/ministerul%e2%80%88educatiei-ordin\/\">Read more &rarr;<\/a><\/p>\n","protected":false},"author":1,"featured_media":0,"comment_status":"open","ping_status":"closed","sticky":false,"template":"","format":"standard","meta":{"footnotes":""},"categories":[18,443],"tags":[],"class_list":["post-21388","post","type-post","status-publish","format-standard","hentry","category-eveniment","category-numarul-240"],"_links":{"self":[{"href":"http:\/\/www.slineamt.ro\/apostolul\/wp-json\/wp\/v2\/posts\/21388","targetHints":{"allow":["GET"]}}],"collection":[{"href":"http:\/\/www.slineamt.ro\/apostolul\/wp-json\/wp\/v2\/posts"}],"about":[{"href":"http:\/\/www.slineamt.ro\/apostolul\/wp-json\/wp\/v2\/types\/post"}],"author":[{"embeddable":true,"href":"http:\/\/www.slineamt.ro\/apostolul\/wp-json\/wp\/v2\/users\/1"}],"replies":[{"embeddable":true,"href":"http:\/\/www.slineamt.ro\/apostolul\/wp-json\/wp\/v2\/comments?post=21388"}],"version-history":[{"count":1,"href":"http:\/\/www.slineamt.ro\/apostolul\/wp-json\/wp\/v2\/posts\/21388\/revisions"}],"predecessor-version":[{"id":21389,"href":"http:\/\/www.slineamt.ro\/apostolul\/wp-json\/wp\/v2\/posts\/21388\/revisions\/21389"}],"wp:attachment":[{"href":"http:\/\/www.slineamt.ro\/apostolul\/wp-json\/wp\/v2\/media?parent=21388"}],"wp:term":[{"taxonomy":"category","embeddable":true,"href":"http:\/\/www.slineamt.ro\/apostolul\/wp-json\/wp\/v2\/categories?post=21388"},{"taxonomy":"post_tag","embeddable":true,"href":"http:\/\/www.slineamt.ro\/apostolul\/wp-json\/wp\/v2\/tags?post=21388"}],"curies":[{"name":"wp","href":"https:\/\/api.w.org\/{rel}","templated":true}]}}