{"id":21390,"date":"2021-06-25T17:40:28","date_gmt":"2021-06-25T17:40:28","guid":{"rendered":"http:\/\/www.slineamt.ro\/apostolul\/?p=21390"},"modified":"2021-06-25T17:40:28","modified_gmt":"2021-06-25T17:40:28","slug":"se-va-face-dreptate","status":"publish","type":"post","link":"http:\/\/www.slineamt.ro\/apostolul\/viata-sindicala-imperative\/se-va-face-dreptate\/","title":{"rendered":"Se va face dreptate!?"},"content":{"rendered":"\n<p>De pu\u0163in\u0103 vreme, \u00een Monitorul Oficial al Rom\u00e2niei a ap\u0103rut OME 3993\/16.06.2021, privind stabilirea unor drepturi salariale specifice personalului didactic din \u00eenv\u0103\u0163\u0103m\u00e2nt, prev\u0103zute \u00een Legea \u2013 Cadru nr. 153\/2017 privind salarizarea personalului pl\u0103tit din fonduri publice.<\/p>\n\n\n\n<p>&nbsp;\u00cen esen\u0163\u0103, acest ordin stipuleaz\u0103 faptul c\u0103 \u00eencep\u00e2nd cu 1 iunie 2021, unele cre\u015fteri salariale se vor aplica la salariul de baza aflat \u00een plat\u0103.<\/p>\n\n\n\n<p>&nbsp;Salut\u0103m acest fapt \u015fi \u00eel apreciem ca un nou pas spre o salarizare, daca \u00eenc\u0103 departe de una corect\u0103 \u015fi decent\u0103 a\u015fa cum ar merita cei care lucreaz\u0103 \u00een \u00eenv\u0103\u0163\u0103m\u00e2nt, m\u0103car \u00een acord cu actele normative \u00een vigoare.<\/p>\n\n\n\n<p>&nbsp;Trebuie, neap\u0103rat, s\u0103 men\u0163ion\u0103m c\u0103 apari\u0163ia acestui ordin a fost posibil\u0103 \u00een urma efoturilor conducerii Federa\u0163iei Sindicatelor Libere din \u00cenv\u0103\u0163\u0103m\u00e2nt care, av\u00e2nd argumente legale, a reu\u015fit s\u0103 demonstreze Ministerului Educa\u0163iei c\u0103 un astfel de ordin este necesar.<\/p>\n\n\n\n<p>&nbsp;Desigur c\u0103 ordinul se va aplica de la 1 iunie 2021, dar sper\u0103m ca, \u00een instan\u0163\u0103, s\u0103 ne recuper\u0103m \u015fi drepturile salariale neacordate \u00een ultimii ani. Tot \u00een instan\u0163\u0103 vom avea \u015fi ac\u0163iuni pentru o salarizare care s\u0103 respecte tran\u015fele de vechime, \u00een conformitate cu HG 38\/2017.<\/p>\n\n\n\n<p>&nbsp;Deci, drumul este \u00eenc\u0103 lung \u015fi sper\u0103m s\u0103 nu apar\u0103 \u015fi piedici \u201eor\u00e2nduite\u201d prin temutul Edusal, care de multe ori a fost, nejustificat, mai presus de orice lege.<\/p>\n\n\n\n<p>&nbsp;R\u0103m\u00e2nem \u00een alert\u0103 \u015fi ne vom lini\u015fti pu\u0163in doar c\u00e2nd vom primi flutura\u015fii cu salariile pentru luna iunie 2021. Doamne ajut\u0103!<\/p>\n\n\n\n<p><strong><em>Prof. Gabriel PLOSC\u0102,<\/em><\/strong><\/p>\n\n\n\n<p><strong><em>Pre\u015fedintele Sindicatului din \u00cenv\u0103\u0163\u0103m\u00e2nt Neam\u0163<\/em><\/strong><\/p>\n","protected":false},"excerpt":{"rendered":"<p>De pu\u0163in\u0103 vreme, \u00een Monitorul Oficial al Rom\u00e2niei a ap\u0103rut OME 3993\/16.06.2021, privind stabilirea unor drepturi salariale specifice personalului didactic din \u00eenv\u0103\u0163\u0103m\u00e2nt, prev\u0103zute \u00een Legea \u2013 Cadru nr. 153\/2017 privind salarizarea personalului pl\u0103tit din fonduri publice. &nbsp;\u00cen esen\u0163\u0103, acest ordin&hellip;<\/p>\n<p class=\"more-link-p\"><a class=\"more-link\" href=\"http:\/\/www.slineamt.ro\/apostolul\/viata-sindicala-imperative\/se-va-face-dreptate\/\">Read more &rarr;<\/a><\/p>\n","protected":false},"author":1,"featured_media":0,"comment_status":"open","ping_status":"closed","sticky":false,"template":"","format":"standard","meta":{"footnotes":""},"categories":[11,443],"tags":[],"class_list":["post-21390","post","type-post","status-publish","format-standard","hentry","category-viata-sindicala-imperative","category-numarul-240"],"_links":{"self":[{"href":"http:\/\/www.slineamt.ro\/apostolul\/wp-json\/wp\/v2\/posts\/21390","targetHints":{"allow":["GET"]}}],"collection":[{"href":"http:\/\/www.slineamt.ro\/apostolul\/wp-json\/wp\/v2\/posts"}],"about":[{"href":"http:\/\/www.slineamt.ro\/apostolul\/wp-json\/wp\/v2\/types\/post"}],"author":[{"embeddable":true,"href":"http:\/\/www.slineamt.ro\/apostolul\/wp-json\/wp\/v2\/users\/1"}],"replies":[{"embeddable":true,"href":"http:\/\/www.slineamt.ro\/apostolul\/wp-json\/wp\/v2\/comments?post=21390"}],"version-history":[{"count":1,"href":"http:\/\/www.slineamt.ro\/apostolul\/wp-json\/wp\/v2\/posts\/21390\/revisions"}],"predecessor-version":[{"id":21391,"href":"http:\/\/www.slineamt.ro\/apostolul\/wp-json\/wp\/v2\/posts\/21390\/revisions\/21391"}],"wp:attachment":[{"href":"http:\/\/www.slineamt.ro\/apostolul\/wp-json\/wp\/v2\/media?parent=21390"}],"wp:term":[{"taxonomy":"category","embeddable":true,"href":"http:\/\/www.slineamt.ro\/apostolul\/wp-json\/wp\/v2\/categories?post=21390"},{"taxonomy":"post_tag","embeddable":true,"href":"http:\/\/www.slineamt.ro\/apostolul\/wp-json\/wp\/v2\/tags?post=21390"}],"curies":[{"name":"wp","href":"https:\/\/api.w.org\/{rel}","templated":true}]}}