{"id":21619,"date":"2021-09-30T11:22:45","date_gmt":"2021-09-30T11:22:45","guid":{"rendered":"http:\/\/www.slineamt.ro\/apostolul\/?p=21619"},"modified":"2021-09-30T11:22:45","modified_gmt":"2021-09-30T11:22:45","slug":"centenar-teatrul-national-chisinau","status":"publish","type":"post","link":"http:\/\/www.slineamt.ro\/apostolul\/eveniment\/centenar-teatrul-national-chisinau\/","title":{"rendered":"Centenar: Teatrul Na\u0163ional Chi\u015fin\u0103u"},"content":{"rendered":"\n<div class=\"wp-block-image\"><figure class=\"alignleft size-full is-resized\"><a href=\"http:\/\/www.slineamt.ro\/apostolul\/wp-content\/uploads\/2021\/09\/15-ap242-foto1.jpg\"><img loading=\"lazy\" decoding=\"async\" src=\"http:\/\/www.slineamt.ro\/apostolul\/wp-content\/uploads\/2021\/09\/15-ap242-foto1.jpg\" alt=\"\" class=\"wp-image-21620\" width=\"270\" height=\"467\" srcset=\"http:\/\/www.slineamt.ro\/apostolul\/wp-content\/uploads\/2021\/09\/15-ap242-foto1.jpg 222w, http:\/\/www.slineamt.ro\/apostolul\/wp-content\/uploads\/2021\/09\/15-ap242-foto1-173x300.jpg 173w, http:\/\/www.slineamt.ro\/apostolul\/wp-content\/uploads\/2021\/09\/15-ap242-foto1-160x277.jpg 160w\" sizes=\"auto, (max-width: 270px) 100vw, 270px\" \/><\/a><\/figure><\/div>\n\n\n\n<p>Teatrul Na\u0163ional din Chi\u015fin\u0103u este opera de cultur\u0103 realizat\u0103 \u00een urma actului Unirii de la 1918. \u00cen virtutea unor circumstan\u0163e istorice cunoscute (\u00eenfr\u00e2ngerea Germaniei, pr\u0103bu\u015firea Imperiului Austro-Ungar, s\u0103v\u00e2r\u015firea revolu\u0163iei bol\u015fevice din Rusia), Chi\u015fin\u0103ul a avut \u015fansa de a fi re-conectat la un spa\u0163iu rom\u00e2nesc, \u00een plin\u0103 efervescen\u0163\u0103, al mi\u015fc\u0103rilor cultural-artistice animate de ideea coeziunii na\u0163ionale \u015fi a sincroniz\u0103rii cu tendin\u0163ele europene de modernizare. La ini\u0163iativa unui grup de intelectuali \u015fi oameni politici ai timpului (N. Alexandri, Z. Arbore, S. Ni\u0163\u0103, I. Incule\u0163, Pan Halippa, \u015et. Ciobanu), sus\u0163inu\u0163i de elanul \u015fi ac\u0163iunile unor actori, regizori, pictori \u015fi scriitori notorii (C. M\u0103rculescu, Gh. Dimitriu-Mitu, O. Goga, V. Eftimiu), \u00een Basarabia, la 1921, s-a \u00eenfiin\u0163at primul Teatru Na\u0163ional rom\u00e2nesc, care, mai bine de un deceniu, s-a edificat \u00eentr-o institu\u0163ie de cultur\u0103 cu o prezen\u00ad\u0163\u0103 scenic\u0103 remarca\u00adbil\u0103. (&#8230;)<\/p>\n\n\n\n<p>Arhivele Na\u0163ionale ale Rom\u00e2niei p\u0103streaz\u0103 dovezile documentare care consemneaz\u0103 momentele de referin\u0163\u0103 ale existen\u0163ei Teatrului Na\u0163ional rom\u00e2nesc la Chi\u015fin\u0103u: inaugurarea institu\u0163iei, la 6 octombrie 1921, cu o festivitate oficial\u0103 \u00een cadrul c\u0103reia a fost dezvelit bustul lui Bogdan Petriceicu Ha\u015fdeu, realizat de unul dintre cei mai mari sculptori rom\u00e2ni, Dimitrie Paciurea, \u015fi cu prezentarea spectacolului R\u0103zvan \u015fi Vidra; o serie de acte ce confirm\u0103 subven\u0163iile alocate anual de Guvernul Rom\u00e2niei pentru activitatea acestuia \u015fi controalele efectuate; mai multe decizii de demisie \u015fi de numire \u00een func\u0163ie a directorilor, inclusiv un decret regal de numire \u00een postul de director prin care se recunoa\u015fte, \u015fi la nivel de institu\u0163ie regal\u0103, statutul de Teatru Na\u0163ional, crearea structurilor administrativ- statutare de Societate Dramatic\u0103 dup\u0103 modelul Comediei Franceze. (&#8230;)<\/p>\n\n\n\n<p>De\u015fi \u00eenceputul Na\u0163ionalului din Chi\u015fin\u0103u a fost unul anevoios, iar procesul de consolidare \u00eentr-o institu\u0163ie de cultur\u0103, care s\u0103 se bucure de prestigiu, a fost lung \u015fi a trecut prin mai multe formule de organizare \u015fi administrare, cert este c\u0103, prin spectacolele prezentate \u00een mod constant \u015fi prin elanul creator al unor arti\u015fti \u015fi regizori talenta\u0163i \u015fi dedica\u0163i scenei, teatrul a reu\u015fit s\u0103 cucereasc\u0103 un auditoriu, s\u0103 modeleze gustul publicului, s\u0103 formeze o cultur\u0103 a vizion\u0103rii spectacolelor \u00een sens european \u015fi s\u0103 instituie o tradi\u0163ie teatral\u0103 rom\u00e2neasc\u0103. (&#8230;)<\/p>\n\n\n\n<div class=\"wp-block-image\"><figure class=\"alignright size-full is-resized\"><a href=\"http:\/\/www.slineamt.ro\/apostolul\/wp-content\/uploads\/2021\/09\/15-ap242-foto2.jpg\"><img loading=\"lazy\" decoding=\"async\" src=\"http:\/\/www.slineamt.ro\/apostolul\/wp-content\/uploads\/2021\/09\/15-ap242-foto2.jpg\" alt=\"\" class=\"wp-image-21621\" width=\"499\" height=\"265\" srcset=\"http:\/\/www.slineamt.ro\/apostolul\/wp-content\/uploads\/2021\/09\/15-ap242-foto2.jpg 454w, http:\/\/www.slineamt.ro\/apostolul\/wp-content\/uploads\/2021\/09\/15-ap242-foto2-300x159.jpg 300w, http:\/\/www.slineamt.ro\/apostolul\/wp-content\/uploads\/2021\/09\/15-ap242-foto2-260x138.jpg 260w, http:\/\/www.slineamt.ro\/apostolul\/wp-content\/uploads\/2021\/09\/15-ap242-foto2-160x85.jpg 160w\" sizes=\"auto, (max-width: 499px) 100vw, 499px\" \/><\/a><\/figure><\/div>\n\n\n\n<p>1928 este anul \u00een care Chi\u015fin\u0103ul se transform\u0103 dintr-o provincie cultural\u0103 \u00eentr-un adev\u0103rat laborator de crea\u0163ie, \u00eentr-un centru al c\u0103ut\u0103rilor \u015fi experimentelor artistice catalizate de spiritul revolu\u0163ionar \u015fi inventiv al regizorului Aurel Ion Maican. Datorit\u0103 lui Maican \u015fi directorului Corneliu Sachelarescu, a fost modernizat spa\u0163iul de joc: scena a fost l\u0103rgit\u0103 prin renun\u0163area la ramp\u0103 \u015fi prin dotarea cu un proscenium, a fost utilat\u0103 cu o nou\u0103 org\u0103 de lumini \u015fi cu noi mecanisme pentru manevrarea decorului. Aurel Ion Maican a venit cu un program de instruire \u015fi profesionalizare a actorilor \u015fi de modernizare a repertoriului. Ferm convins c\u0103 experien\u0163a teatrelor europene poate deschide noi orizonturi de crea\u0163ie \u015fi inspira\u0163ie, neobositul regizor a plecat cu un grup de 14 actori \u00eentr-o c\u0103l\u0103torie de studiu la teatrele din Berlin, K\u00f6ln, Frankfurt, Ostende, Dover, Londra, Paris, Salzburg \u015fi Viena. Spectacolele realizate \u00een acel an i-au adus Teatrului Na\u0163ional din Chi\u015fin\u0103u prestigiul recunoa\u015fterii artistice din partea celor mai exigen\u0163i critici.<\/p>\n\n\n\n<p>De scena teatrului din Chi\u015fin\u0103u din perioada interbelic\u0103 e legat\u0103 activitatea rodnic\u0103 a unor personalit\u0103\u0163i devenite legendare pentru istoria teatrului rom\u00e2nesc: Costache Antoniu, Aurel Ion Maican, Ion Livescu, Constantin M\u0103rculescu, Ovid Br\u0103descu, Gh. Dumitriu-Mitu (actori, regizori) \u015fi Au. Baillayre, Boris Nesvedov, Theodor Kiriacoff (pictori scenografi).<\/p>\n\n\n\n<p>(<strong>N. R.<\/strong> \u2013 Preluare din prefa\u0163a volumului \u201eO cronic\u0103 a Teatrului Na\u0163ional <em>Mihai Eminescu<\/em> din Chi\u015fin\u0103u 1918-1930. Text prescurtat.)<\/p>\n\n\n\n<p><strong><em>Petru HAD\u00c2RC\u0102,<\/em><\/strong><\/p>\n\n\n\n<p><strong><em>actor \u015fi regizor, directorul Teatrului Na\u0163ional Mihai Eminescu din Chi\u015fin\u0103u<\/em><\/strong><\/p>\n","protected":false},"excerpt":{"rendered":"<p>Teatrul Na\u0163ional din Chi\u015fin\u0103u este opera de cultur\u0103 realizat\u0103 \u00een urma actului Unirii de la 1918. \u00cen virtutea unor circumstan\u0163e istorice cunoscute (\u00eenfr\u00e2ngerea Germaniei, pr\u0103bu\u015firea Imperiului Austro-Ungar, s\u0103v\u00e2r\u015firea revolu\u0163iei bol\u015fevice din Rusia), Chi\u015fin\u0103ul a avut \u015fansa de a fi re-conectat&hellip;<\/p>\n<p class=\"more-link-p\"><a class=\"more-link\" href=\"http:\/\/www.slineamt.ro\/apostolul\/eveniment\/centenar-teatrul-national-chisinau\/\">Read more &rarr;<\/a><\/p>\n","protected":false},"author":1,"featured_media":0,"comment_status":"open","ping_status":"closed","sticky":false,"template":"","format":"standard","meta":{"footnotes":""},"categories":[18,445],"tags":[],"class_list":["post-21619","post","type-post","status-publish","format-standard","hentry","category-eveniment","category-numarul-242"],"_links":{"self":[{"href":"http:\/\/www.slineamt.ro\/apostolul\/wp-json\/wp\/v2\/posts\/21619","targetHints":{"allow":["GET"]}}],"collection":[{"href":"http:\/\/www.slineamt.ro\/apostolul\/wp-json\/wp\/v2\/posts"}],"about":[{"href":"http:\/\/www.slineamt.ro\/apostolul\/wp-json\/wp\/v2\/types\/post"}],"author":[{"embeddable":true,"href":"http:\/\/www.slineamt.ro\/apostolul\/wp-json\/wp\/v2\/users\/1"}],"replies":[{"embeddable":true,"href":"http:\/\/www.slineamt.ro\/apostolul\/wp-json\/wp\/v2\/comments?post=21619"}],"version-history":[{"count":1,"href":"http:\/\/www.slineamt.ro\/apostolul\/wp-json\/wp\/v2\/posts\/21619\/revisions"}],"predecessor-version":[{"id":21622,"href":"http:\/\/www.slineamt.ro\/apostolul\/wp-json\/wp\/v2\/posts\/21619\/revisions\/21622"}],"wp:attachment":[{"href":"http:\/\/www.slineamt.ro\/apostolul\/wp-json\/wp\/v2\/media?parent=21619"}],"wp:term":[{"taxonomy":"category","embeddable":true,"href":"http:\/\/www.slineamt.ro\/apostolul\/wp-json\/wp\/v2\/categories?post=21619"},{"taxonomy":"post_tag","embeddable":true,"href":"http:\/\/www.slineamt.ro\/apostolul\/wp-json\/wp\/v2\/tags?post=21619"}],"curies":[{"name":"wp","href":"https:\/\/api.w.org\/{rel}","templated":true}]}}