{"id":21626,"date":"2021-09-30T12:51:00","date_gmt":"2021-09-30T12:51:00","guid":{"rendered":"http:\/\/www.slineamt.ro\/apostolul\/?p=21626"},"modified":"2021-09-30T12:51:00","modified_gmt":"2021-09-30T12:51:00","slug":"academia-de-stiinte-a-moldovei-a-sarbatorit-limba-sfanta-cu-puteri-fauritoare-limba-romana-si-a-gazduit-deschiderea-celei-de-a-x-a-editii-a-congresului-eminescologilor","status":"publish","type":"post","link":"http:\/\/www.slineamt.ro\/apostolul\/studii-si-sinteze\/academia-de-stiinte-a-moldovei-a-sarbatorit-limba-sfanta-cu-puteri-fauritoare-limba-romana-si-a-gazduit-deschiderea-celei-de-a-x-a-editii-a-congresului-eminescologilor\/","title":{"rendered":"Academia de \u015etiin\u0163e a Moldovei a s\u0103rb\u0103torit limba sf\u00e2nt\u0103 cu puteri f\u0103uritoare \u2013 Limba Rom\u00e2n\u0103 \u015fi a g\u0103zduit deschiderea celei de-a X-a edi\u0163ii a Congresului Eminescologilor"},"content":{"rendered":"\n<div class=\"wp-block-image\"><figure class=\"alignleft size-full is-resized\"><a href=\"http:\/\/www.slineamt.ro\/apostolul\/wp-content\/uploads\/2021\/09\/13-ap242-foto1.jpg\"><img loading=\"lazy\" decoding=\"async\" src=\"http:\/\/www.slineamt.ro\/apostolul\/wp-content\/uploads\/2021\/09\/13-ap242-foto1.jpg\" alt=\"\" class=\"wp-image-21627\" width=\"558\" height=\"290\" srcset=\"http:\/\/www.slineamt.ro\/apostolul\/wp-content\/uploads\/2021\/09\/13-ap242-foto1.jpg 510w, http:\/\/www.slineamt.ro\/apostolul\/wp-content\/uploads\/2021\/09\/13-ap242-foto1-300x156.jpg 300w, http:\/\/www.slineamt.ro\/apostolul\/wp-content\/uploads\/2021\/09\/13-ap242-foto1-260x135.jpg 260w, http:\/\/www.slineamt.ro\/apostolul\/wp-content\/uploads\/2021\/09\/13-ap242-foto1-160x83.jpg 160w\" sizes=\"auto, (max-width: 558px) 100vw, 558px\" \/><\/a><\/figure><\/div>\n\n\n\n<p>&#8230;Academia de \u015etiin\u0163e a Moldovei a marcat \u015fi \u00een acest an, pandemic, Ziua Limbii Rom\u00e2ne, tradi\u0163ional, printr-o sesiune festiv\u0103, dar \u015fi prin sus\u0163inerea unei prelegeri publice, dedicat\u0103 Limbii Rom\u00e2ne, de o personalitate cu autoritate \u015ftiin\u0163ific\u0103 \u015fi cultural\u0103 \u2013 prof. Gheorghe Popa.<\/p>\n\n\n\n<p>Evenimentul s-a desf\u0103\u015furat \u00een format mixt, cu prezen\u0163a \u00een sal\u0103 a acad. Mihai Cimpoi, ini\u0163iatorul \u015fi pre\u015fedintele Congresului Mondial al Eminescologilor, a academicienilor Eugen Doga, Gheorghe Mustea, Nicolae Andronati (&#8230;) a domnului Valeriu Matei, director al Institutului Cultural Rom\u00e2n Mihai Eminescu, Chi\u015fin\u0103u, a doamnei Marcela Adam, secretar al Comisiei parlamentare cultur\u0103, educa\u0163ie, cercetare, tineret, sport \u015fi mass-media, a unor oameni de cultur\u0103, eminescologi de pe ambele maluri ale Prutului. (&#8230;)<\/p>\n\n\n\n<p>Evenimentul a fost inaugurat de <strong>pre\u015fedintele A\u015eM, acad. Ion Tighineanu<\/strong>: &#8230; <em>De-a lungul anilor, \u00een incinta Academiei au fost rostite zeci de discursuri, prelegeri publice ale oamenilor de \u015ftiin\u0163\u0103 din \u0163ar\u0103 \u015fi din str\u0103in\u0103tate, organizate congrese \u015fi conferin\u0163e \u015ftiin\u0163ifice, repun\u00e2nd limba rom\u00e2n\u0103 la locul ei de cinste \u015fi aduc\u00e2ndu-i toate onorurile binemeritate. Pandemia nu a avut cum s\u0103 st\u0103vileasc\u0103 frumoasa noastr\u0103 tradi\u0163ie, astfel c\u0103 azi, 31 august, p\u0103str\u00e2nd distan\u0163a fizic\u0103 \u015fi toate m\u0103surile epidemiologice necesare, ne-am convocat s\u0103 spunem: Bun reg\u0103sit Limba Rom\u00e2n\u0103! Am ajuns \u00een cel de-al 32-lea an de c\u00e2nd vorbim limba rom\u00e2n\u0103 la noi acas\u0103, scriem \u00een grafie latin\u0103 \u015fi suntem m\u00e2ndri de faptul c\u0103 vorbim, scriem \u015fi g\u00e2ndim rom\u00e2ne\u015fte<\/em>.<\/p>\n\n\n\n<p>Un mesaj de salut online a adresat <strong>pre\u015fedintele Academiei Rom\u00e2ne, acad. Ioan-Aurel Pop<\/strong>: <em>Nichita St\u0103nescu spunea c\u0103 pentru el Patria este limba rom\u00e2n\u0103. To\u0163i marii scriitori au definit limba noastr\u0103 \u00een felul lor, dar mie \u00eemi place defini\u0163ia unui mare istoric, intelectual \u015fi om politic rom\u00e2n, fost prim-ministru \u015fi ministru de externe Mihail Kog\u0103lniceanu, cu ob\u00e2r\u015fia pe Kog\u00e2lnic, care a spus, \u00een 1843, la deschiderea cursurilor de istorie na\u0163ional\u0103 de la Academia Mih\u0103ilean\u0103 din Ia\u015fi un adev\u0103r extraordinar: \u201epentru mine Patria este toat\u0103 acea \u00eentindere de loc pe care se vorbe\u015fte rom\u00e2ne\u015fte\u201d. Haide\u0163i s\u0103-i urm\u0103m exemplul, s\u0103 continu\u0103m s\u0103 avem Patria \u00een suflete prin limba rom\u00e2n\u0103 \u015fi s\u0103-i d\u0103m mereu con\u0163inut de acum \u00eencolo pentru prop\u0103\u015firea acestui spa\u0163iu, pentru prop\u0103\u015firea acestor locuri \u015fi pentru frumuse\u0163ea limbii noastre. Ambele Academii s\u0103rb\u0103toresc limba rom\u00e2n\u0103 ast\u0103zi, ceea ce este un lucru extraordinar. La mul\u0163i ani, Limba Rom\u00e2n\u0103!<\/em> (&#8230;)<\/p>\n\n\n\n<p>\u015eedin\u0163a festiv\u0103 a continuat cu prezentarea prelegerii publice cu genericul \u201e<em>Limba rom\u00e2n\u0103 \u015fi posteritatea lui Eugeniu Co\u015feriu<\/em>\u201d, sus\u0163inut\u0103 de <strong>dr. hab., prof. univ. Gheorghe Popa<\/strong>, renumit promotor al operei co\u015feriene de la Universitatea de Stat \u201eAlecu Russo\u201d din B\u0103l\u0163i. Profesorul a \u0163inut s\u0103 sublinieze doar una din afirma\u0163iile co\u015feriene referitoare la a\u015fa-zisa limb\u0103 moldoveneasc\u0103: \u201e<em>A promova sub orice form\u0103 o limb\u0103 moldoveneasc\u0103 deosebit\u0103 de limba rom\u00e2n\u0103 este din punct de vedere strict lingvistic, ori o gre\u015feal\u0103 naiv\u0103, ori o fraud\u0103 \u015ftiin\u0163ific\u0103; din punct de vedere istoric \u015fi practic, e o absurditate \u015fi o utopie; \u015fi, din punct de vedere politic, e o anulare a identit\u0103\u0163ii etnice \u015fi culturale a unui popor \u015fi, deci, un act de genocid etnico-cultural\u201d. Spre marele nostru regret, aceast\u0103 afirma\u0163ie formulat\u0103 tran\u015fant, univoc, conving\u0103tor \u015fi devenit\u0103, cu timpul, un adev\u0103r axiomatic nu e acceptat\u0103 la modul serios nu numai de unii oameni pu\u0163in ini\u0163ia\u0163i \u00een probleme de limb\u0103, dar, oric\u00e2t ar p\u0103rea de straniu, chiar \u015fi de unii colegi de breasl\u0103, ace\u015ftia din urm\u0103 continu\u00e2nd s\u0103 ne serveasc\u0103 impardonabil acelea\u015fi gogo\u015fi muceg\u0103ite.<\/em>(\u2026)<\/p>\n\n\n\n<p>\u00cen cadrul evenimentului festiv a avut loc inaugurarea lucr\u0103rilor <strong>Congresului Mondial al Eminescologilor<\/strong>, ajuns la cea de-a X-a edi\u0163ie \u015fi care anul acesta a avut drept generic \u201eEminescu \u015fi lumea valorilor\u201d, fondator \u015fi organizator fiind acad. Mihai Cimpoi, eminescolog consacrat, istoric \u015fi critic literar. Domnia sa a salutat prezen\u0163a \u00een sal\u0103 a distin\u015filor invita\u0163i, dar \u015fi celor care s-au conectat online la Congresul Mondial al Eminescologilor, f\u0103c\u00e2nd o succint\u0103 trecere \u00een revist\u0103 a programului \u015fi condi\u0163iilor de desf\u0103\u015furare a celei de-a X-a edi\u0163ii a Congresului \u015fi d\u00e2nd startul \u015fedin\u0163ei plenare \u015fi a comunic\u0103rilor preconizate \u00een acest context:<\/p>\n\n\n\n<p>Dl <strong>profesor Alexandru Burlacu<\/strong> a sus\u0163inut comunicarea \u201eMihai Eminescu, centru iradiant al canonului literar rom\u00e2nesc\u201d; dna <strong>prof. Lucia Cifor<\/strong> a venit cu o comunicare profund simbolic\u0103 intitulat\u0103 \u201eCredin\u0163a lui Eminescu (\u015fi) din perspectiva reflexelor teologiei apofatice identificate \u00een opera poetic\u0103\u201d; <strong>prof. Adrian Dinu Rachieru<\/strong> a prezentat comunicarea \u201eCanonul \u015fi scara valorilor\u201d \u015fi \u00een \u00eencheiere, <strong>prof. Dumitru Copilu-Copillin<\/strong> a sus\u0163inut comunicarea \u201eEminescu, profetul\u201d. (<strong>N. R.<\/strong> \u2013 Text prescurtat)<\/p>\n\n\n\n<p><strong><em>Eugenia TOFAN, serviciul de pres\u0103 al A\u015eM<\/em><\/strong><\/p>\n","protected":false},"excerpt":{"rendered":"<p>&#8230;Academia de \u015etiin\u0163e a Moldovei a marcat \u015fi \u00een acest an, pandemic, Ziua Limbii Rom\u00e2ne, tradi\u0163ional, printr-o sesiune festiv\u0103, dar \u015fi prin sus\u0163inerea unei prelegeri publice, dedicat\u0103 Limbii Rom\u00e2ne, de o personalitate cu autoritate \u015ftiin\u0163ific\u0103 \u015fi cultural\u0103 \u2013 prof. Gheorghe&hellip;<\/p>\n<p class=\"more-link-p\"><a class=\"more-link\" href=\"http:\/\/www.slineamt.ro\/apostolul\/studii-si-sinteze\/academia-de-stiinte-a-moldovei-a-sarbatorit-limba-sfanta-cu-puteri-fauritoare-limba-romana-si-a-gazduit-deschiderea-celei-de-a-x-a-editii-a-congresului-eminescologilor\/\">Read more &rarr;<\/a><\/p>\n","protected":false},"author":1,"featured_media":0,"comment_status":"open","ping_status":"closed","sticky":false,"template":"","format":"standard","meta":{"footnotes":""},"categories":[14,445],"tags":[],"class_list":["post-21626","post","type-post","status-publish","format-standard","hentry","category-studii-si-sinteze","category-numarul-242"],"_links":{"self":[{"href":"http:\/\/www.slineamt.ro\/apostolul\/wp-json\/wp\/v2\/posts\/21626","targetHints":{"allow":["GET"]}}],"collection":[{"href":"http:\/\/www.slineamt.ro\/apostolul\/wp-json\/wp\/v2\/posts"}],"about":[{"href":"http:\/\/www.slineamt.ro\/apostolul\/wp-json\/wp\/v2\/types\/post"}],"author":[{"embeddable":true,"href":"http:\/\/www.slineamt.ro\/apostolul\/wp-json\/wp\/v2\/users\/1"}],"replies":[{"embeddable":true,"href":"http:\/\/www.slineamt.ro\/apostolul\/wp-json\/wp\/v2\/comments?post=21626"}],"version-history":[{"count":1,"href":"http:\/\/www.slineamt.ro\/apostolul\/wp-json\/wp\/v2\/posts\/21626\/revisions"}],"predecessor-version":[{"id":21628,"href":"http:\/\/www.slineamt.ro\/apostolul\/wp-json\/wp\/v2\/posts\/21626\/revisions\/21628"}],"wp:attachment":[{"href":"http:\/\/www.slineamt.ro\/apostolul\/wp-json\/wp\/v2\/media?parent=21626"}],"wp:term":[{"taxonomy":"category","embeddable":true,"href":"http:\/\/www.slineamt.ro\/apostolul\/wp-json\/wp\/v2\/categories?post=21626"},{"taxonomy":"post_tag","embeddable":true,"href":"http:\/\/www.slineamt.ro\/apostolul\/wp-json\/wp\/v2\/tags?post=21626"}],"curies":[{"name":"wp","href":"https:\/\/api.w.org\/{rel}","templated":true}]}}