{"id":21629,"date":"2021-09-30T12:53:33","date_gmt":"2021-09-30T12:53:33","guid":{"rendered":"http:\/\/www.slineamt.ro\/apostolul\/?p=21629"},"modified":"2021-09-30T12:53:33","modified_gmt":"2021-09-30T12:53:33","slug":"statutul-actual-al-limbii-romane","status":"publish","type":"post","link":"http:\/\/www.slineamt.ro\/apostolul\/studii-si-sinteze\/statutul-actual-al-limbii-romane\/","title":{"rendered":"Statutul actual al limbii rom\u00e2ne"},"content":{"rendered":"\n<div class=\"wp-block-image\"><figure class=\"alignleft size-full is-resized\"><a href=\"http:\/\/www.slineamt.ro\/apostolul\/wp-content\/uploads\/2021\/09\/12-ap242-foto1.jpg\"><img loading=\"lazy\" decoding=\"async\" src=\"http:\/\/www.slineamt.ro\/apostolul\/wp-content\/uploads\/2021\/09\/12-ap242-foto1.jpg\" alt=\"\" class=\"wp-image-21630\" width=\"273\" height=\"308\" srcset=\"http:\/\/www.slineamt.ro\/apostolul\/wp-content\/uploads\/2021\/09\/12-ap242-foto1.jpg 201w, http:\/\/www.slineamt.ro\/apostolul\/wp-content\/uploads\/2021\/09\/12-ap242-foto1-160x181.jpg 160w\" sizes=\"auto, (max-width: 273px) 100vw, 273px\" \/><\/a><\/figure><\/div>\n\n\n\n<p>Academia Rom\u00e2n\u0103 a organizat pe 31 august a. c. dezbaterea cu tema \u201eStatutul actual al limbii rom\u00e2ne\u201d, dedicat\u0103 celebr\u0103rii Zilei Limbii Rom\u00e2ne.<\/p>\n\n\n\n<p>Au luat cuv\u00e2ntul acad. Ioan-Aurel Pop, pre\u015fedintele Academiei Rom\u00e2ne, acad. R\u0103zvan Theodorescu, vicepre\u015fedinte al Academiei Rom\u00e2ne, acad. Eugen Simion, pre\u015fedintele Sec\u0163iei de filologie \u015fi literatur\u0103, \u015fi trei dintre cei mai mari lingvi\u015fti rom\u00e2ni: acad. Grigore Br\u00e2ncu\u015f, prof. univ. Gabriela Pan\u0103 Dindelegan, membru corespondent al Academiei Rom\u00e2ne, \u015fi prof. univ. Rodica Zafiu, de la Facultatea de Litere, Universitatea din Bucure\u015fti.<\/p>\n\n\n\n<p>Instituit\u0103 prin Legea 53\/2013, Ziua Limbii Rom\u00e2ne este s\u0103rb\u0103torit\u0103 \u00een mod consecvent de c\u0103tre Academia Rom\u00e2n\u0103, r\u0103spunz\u00e2nd, astfel, primei misiuni a forului academic, aceea de normare, cultivare \u015fi promovare a limbii na\u0163ionale ca principal factor identitar. \u00cen cei peste 150 de ani de la \u00eenfiin\u0163are, Academia Rom\u00e2n\u0103 a dat \u0163\u0103rii, prin speciali\u015ftii s\u0103i, zeci de dic\u0163ionare, atlase lingvistice, gramatici normative, sute de antologii de texte, studii \u015fi cercet\u0103ri de \u00eenalt\u0103 \u0163inut\u0103 \u015ftiin\u0163ific\u0103, unele cu larg\u0103 circula\u0163ie interna\u0163ional\u0103. Al\u0103turi de acestea str\u0103luce\u015fte celebrul \u201eDic\u0163ionar Tezaur\u201d, elaborat de genera\u0163ii de lingvi\u015fti, pe parcursul a mai bine de un secol, cel mai bogat dic\u0163ionar al limbii rom\u00e2ne, cu peste 175.000 de cuvinte, \u00een 19 volume, comparabil prin dimensiuni \u015fi perspectiva abord\u0103rii cu lucr\u0103ri similare din lexicografia european\u0103, precum \u201eDictionnaire de l\u2019Acad\u00e9mie Fran\u00e7aise\u201d sau \u201eOxford English Dictionary\u201d.<\/p>\n\n\n\n<div class=\"wp-block-image\"><figure class=\"alignright size-full is-resized\"><a href=\"http:\/\/www.slineamt.ro\/apostolul\/wp-content\/uploads\/2021\/09\/12-ap242-foto2.jpg\"><img loading=\"lazy\" decoding=\"async\" src=\"http:\/\/www.slineamt.ro\/apostolul\/wp-content\/uploads\/2021\/09\/12-ap242-foto2.jpg\" alt=\"\" class=\"wp-image-21631\" width=\"475\" height=\"335\" srcset=\"http:\/\/www.slineamt.ro\/apostolul\/wp-content\/uploads\/2021\/09\/12-ap242-foto2.jpg 680w, http:\/\/www.slineamt.ro\/apostolul\/wp-content\/uploads\/2021\/09\/12-ap242-foto2-300x212.jpg 300w, http:\/\/www.slineamt.ro\/apostolul\/wp-content\/uploads\/2021\/09\/12-ap242-foto2-560x395.jpg 560w, http:\/\/www.slineamt.ro\/apostolul\/wp-content\/uploads\/2021\/09\/12-ap242-foto2-260x184.jpg 260w, http:\/\/www.slineamt.ro\/apostolul\/wp-content\/uploads\/2021\/09\/12-ap242-foto2-160x113.jpg 160w\" sizes=\"auto, (max-width: 475px) 100vw, 475px\" \/><\/a><\/figure><\/div>\n\n\n\n<p>Dezbaterea organizat\u0103 de Academia Rom\u00e2n\u0103 \u00een data de 31 august 2021 a dorit s\u0103 readuc\u0103 \u00een aten\u0163ie rolul speciali\u015ftilor \u00een studiul temeinic, cu instrumente \u015ftiin\u0163ifice, al limbii rom\u00e2ne. Punct de vedere sus\u0163inut \u015fi argumentat \u015fi de acad. Ioan-Aurel Pop, pre\u015fedintele Academiei Rom\u00e2ne:<\/p>\n\n\n\n<p><em>Nu este bine s\u0103 ne \u00abarunc\u0103m\u00bb \u00een \u00abstudiul\u00bb limbii f\u0103r\u0103 o preg\u0103tire lingvistic\u0103 de baz\u0103 \u015fi, mai ales, nu se poate s\u0103 emitem judec\u0103\u0163i de valoare normativ\u0103 despre limba rom\u00e2n\u0103 dac\u0103 nu suntem speciali\u015fti. Un amator nu are voie s\u0103 emit\u0103 sentin\u0163e despre limba rom\u00e2n\u0103, s\u0103 spun\u0103 non\u015falant c\u0103 ar fi tracic\u0103, dacic\u0103 sau cuman\u0103, c\u0103 ar cobor\u00e2 p\u00e2n\u0103 \u00een preistorie sau c\u0103 ar fi existat \u00eenainte de a fi pe lume poporul rom\u00e2n. Toate acestea (\u2026) plaseaz\u0103 \u00een derizoriu secole de cercet\u0103ri \u015fi \u00eei dezorienteaz\u0103 pe membrii publicului larg, care nu au instrumentarul necesar pentru a discerne \u00eentre o teorie \u015fi o ipotez\u0103, \u00eentre adev\u0103r demonstrat \u015fi fals adev\u0103r, \u00eentre certitudine \u015fi probabilitate. Prin urmare, teoriile despre limba noastr\u0103 trebuie s\u0103 fie preluate de la profesioni\u015fti, de la aceia care s-au preg\u0103tit sistematic \u00een meseria de lingvist.<\/em> (Biroul de comunicare al Academiei Rom\u00e2ne)<\/p>\n\n\n\n<p><strong><em>Red.<\/em><\/strong><\/p>\n","protected":false},"excerpt":{"rendered":"<p>Academia Rom\u00e2n\u0103 a organizat pe 31 august a. c. dezbaterea cu tema \u201eStatutul actual al limbii rom\u00e2ne\u201d, dedicat\u0103 celebr\u0103rii Zilei Limbii Rom\u00e2ne. Au luat cuv\u00e2ntul acad. Ioan-Aurel Pop, pre\u015fedintele Academiei Rom\u00e2ne, acad. R\u0103zvan Theodorescu, vicepre\u015fedinte al Academiei Rom\u00e2ne, acad. Eugen&hellip;<\/p>\n<p class=\"more-link-p\"><a class=\"more-link\" href=\"http:\/\/www.slineamt.ro\/apostolul\/studii-si-sinteze\/statutul-actual-al-limbii-romane\/\">Read more &rarr;<\/a><\/p>\n","protected":false},"author":1,"featured_media":0,"comment_status":"open","ping_status":"closed","sticky":false,"template":"","format":"standard","meta":{"footnotes":""},"categories":[14,445],"tags":[],"class_list":["post-21629","post","type-post","status-publish","format-standard","hentry","category-studii-si-sinteze","category-numarul-242"],"_links":{"self":[{"href":"http:\/\/www.slineamt.ro\/apostolul\/wp-json\/wp\/v2\/posts\/21629","targetHints":{"allow":["GET"]}}],"collection":[{"href":"http:\/\/www.slineamt.ro\/apostolul\/wp-json\/wp\/v2\/posts"}],"about":[{"href":"http:\/\/www.slineamt.ro\/apostolul\/wp-json\/wp\/v2\/types\/post"}],"author":[{"embeddable":true,"href":"http:\/\/www.slineamt.ro\/apostolul\/wp-json\/wp\/v2\/users\/1"}],"replies":[{"embeddable":true,"href":"http:\/\/www.slineamt.ro\/apostolul\/wp-json\/wp\/v2\/comments?post=21629"}],"version-history":[{"count":1,"href":"http:\/\/www.slineamt.ro\/apostolul\/wp-json\/wp\/v2\/posts\/21629\/revisions"}],"predecessor-version":[{"id":21632,"href":"http:\/\/www.slineamt.ro\/apostolul\/wp-json\/wp\/v2\/posts\/21629\/revisions\/21632"}],"wp:attachment":[{"href":"http:\/\/www.slineamt.ro\/apostolul\/wp-json\/wp\/v2\/media?parent=21629"}],"wp:term":[{"taxonomy":"category","embeddable":true,"href":"http:\/\/www.slineamt.ro\/apostolul\/wp-json\/wp\/v2\/categories?post=21629"},{"taxonomy":"post_tag","embeddable":true,"href":"http:\/\/www.slineamt.ro\/apostolul\/wp-json\/wp\/v2\/tags?post=21629"}],"curies":[{"name":"wp","href":"https:\/\/api.w.org\/{rel}","templated":true}]}}