{"id":21720,"date":"2021-10-26T11:39:37","date_gmt":"2021-10-26T11:39:37","guid":{"rendered":"http:\/\/www.slineamt.ro\/apostolul\/?p=21720"},"modified":"2021-10-26T11:39:37","modified_gmt":"2021-10-26T11:39:37","slug":"a-fost-reabilitat-corpul-b-al-scolii-vasile-alecsandri-din-roman","status":"publish","type":"post","link":"http:\/\/www.slineamt.ro\/apostolul\/ultima-ora-la-roman\/a-fost-reabilitat-corpul-b-al-scolii-vasile-alecsandri-din-roman\/","title":{"rendered":"A fost reabilitat corpul B al \u015ecolii \u201eVasile Alecsandri\u201d din Roman"},"content":{"rendered":"\n<div class=\"wp-block-image\"><figure class=\"alignleft size-full is-resized\"><a href=\"http:\/\/www.slineamt.ro\/apostolul\/wp-content\/uploads\/2021\/10\/27-ap243-foto1.jpg\"><img loading=\"lazy\" decoding=\"async\" src=\"http:\/\/www.slineamt.ro\/apostolul\/wp-content\/uploads\/2021\/10\/27-ap243-foto1.jpg\" alt=\"\" class=\"wp-image-21721\" width=\"455\" height=\"256\" srcset=\"http:\/\/www.slineamt.ro\/apostolul\/wp-content\/uploads\/2021\/10\/27-ap243-foto1.jpg 491w, http:\/\/www.slineamt.ro\/apostolul\/wp-content\/uploads\/2021\/10\/27-ap243-foto1-300x169.jpg 300w, http:\/\/www.slineamt.ro\/apostolul\/wp-content\/uploads\/2021\/10\/27-ap243-foto1-260x146.jpg 260w, http:\/\/www.slineamt.ro\/apostolul\/wp-content\/uploads\/2021\/10\/27-ap243-foto1-160x90.jpg 160w\" sizes=\"auto, (max-width: 455px) 100vw, 455px\" \/><\/a><\/figure><\/div>\n\n\n\n<p>Pe 11 octombrie a.c., reprezentan\u0163ii Prim\u0103riei municipiului Roman au predat administra\u0163iei \u015ecolii \u201eVasile Alecsandri\u201d din Roman cl\u0103direa corpului B a unit\u0103\u0163ii de \u00eenv\u0103\u0163\u0103m\u00e2nt, la finalizarea lucr\u0103rilor de reabilitare, care s-au desf\u0103\u015furat aici \u00een ultimii doi ani. La eveniment au fost prezen\u0163i primarul municipiului Roman, Leonard Achiriloaei, conducerea \u015fi profesori ai \u015fcolii, reprezentan\u0163i ai firmelor care au efectuat lucr\u0103rile. Antreprenorul general pentru acest obiectiv a fost SC Lenon Instal SRL, iar lucr\u0103rile au costat \u00een final peste 3 milioane de lei, fonduri asigurate de municipalitate.<\/p>\n\n\n\n<p>Au fost f\u0103cute \u015fi lucr\u0103ri de consolidare iar cl\u0103direa spa\u0163ioas\u0103 cuprinde acum opt s\u0103li de clas\u0103, cabinet medical, spa\u0163ii administrative, toalete moderne, sal\u0103 tehnic\u0103. Toate acestea sunt sus\u0163inute \u015fi de instala\u0163ii noi \u2013 \u00eenc\u0103lzire, instala\u0163ii de iluminat \u015fi instala\u0163ie electric\u0103 \u2013 toate sunt \u00eenlocuite, noi \u015fi func\u0163ioneaz\u0103 \u00een parametri. De asemenea, lucr\u0103rile la terenul de sport din fa\u0163a acestui corp au fost \u015fi ele finalizate, iar acum \u00eentregul ansamblu are o alt\u0103 imagine.<\/p>\n\n\n\n<p>Corpul B al \u015ecolii \u201eVasile Alecsandri\u201d se afl\u0103 pe lista monumentelor istorice din jude\u0163ul Neam\u0163. Conform <strong>www.monumenteneamt.ro<\/strong>, \u015fcoala a func\u0163ionat \u00eentre 1834 \u2013 1880 pe strada Vasile Lupu (azi Dobrogeanu Gherea) \u00eentr-o cas\u0103 cump\u0103rat\u0103 de Epitropia \u015ecolilor din Moldova de la Boierul Gheorghe Sturdza \u015fi ref\u0103cut\u0103 prin dona\u0163ii \u015fi bani de la Episcopie. Din 1880 \u015fcoala se mut\u0103 \u00een strada Soldat Porojan nr. 5, \u00eentr-o cl\u0103dire construit\u0103 de Prim\u0103rie, unde va func\u0163iona p\u00e2n\u0103 \u00een 1948 sub numele de \u201e\u015ecoala Primar\u0103 Nr. 1 Grigore Alexandru Ghica\u201d. Devenit impropriu, localul este p\u0103r\u0103sit \u00een 1962, c\u00e2nd \u015fcoala se mut\u0103 \u00een cl\u0103dirile fostelor \u015ecoli nr. 1 de fete (de pe strada C.A. Rosetti) \u015fi nr. 2 de b\u0103ie\u0163i \u201eVasile Alecsandri\u201d (strada Tineretului). \u015ecoala nr. 2 de B\u0103ie\u0163i a fost \u00eenfiin\u0163at\u0103 \u00een 1861. \u00cen perioada 1890 \u2013 1896 s-a construit un nou local, cu fonduri de la Prim\u0103rie \u015fi o dona\u0163ie de 10.000 galbeni de la so\u0163ia poetului Vasile Alecsandri. (<strong><em>Red.<\/em><\/strong>)<\/p>\n","protected":false},"excerpt":{"rendered":"<p>Pe 11 octombrie a.c., reprezentan\u0163ii Prim\u0103riei municipiului Roman au predat administra\u0163iei \u015ecolii \u201eVasile Alecsandri\u201d din Roman cl\u0103direa corpului B a unit\u0103\u0163ii de \u00eenv\u0103\u0163\u0103m\u00e2nt, la finalizarea lucr\u0103rilor de reabilitare, care s-au desf\u0103\u015furat aici \u00een ultimii doi ani. La eveniment au fost&hellip;<\/p>\n<p class=\"more-link-p\"><a class=\"more-link\" href=\"http:\/\/www.slineamt.ro\/apostolul\/ultima-ora-la-roman\/a-fost-reabilitat-corpul-b-al-scolii-vasile-alecsandri-din-roman\/\">Read more &rarr;<\/a><\/p>\n","protected":false},"author":1,"featured_media":0,"comment_status":"open","ping_status":"closed","sticky":false,"template":"","format":"standard","meta":{"footnotes":""},"categories":[8,446],"tags":[],"class_list":["post-21720","post","type-post","status-publish","format-standard","hentry","category-ultima-ora-la-roman","category-numarul-243"],"_links":{"self":[{"href":"http:\/\/www.slineamt.ro\/apostolul\/wp-json\/wp\/v2\/posts\/21720","targetHints":{"allow":["GET"]}}],"collection":[{"href":"http:\/\/www.slineamt.ro\/apostolul\/wp-json\/wp\/v2\/posts"}],"about":[{"href":"http:\/\/www.slineamt.ro\/apostolul\/wp-json\/wp\/v2\/types\/post"}],"author":[{"embeddable":true,"href":"http:\/\/www.slineamt.ro\/apostolul\/wp-json\/wp\/v2\/users\/1"}],"replies":[{"embeddable":true,"href":"http:\/\/www.slineamt.ro\/apostolul\/wp-json\/wp\/v2\/comments?post=21720"}],"version-history":[{"count":1,"href":"http:\/\/www.slineamt.ro\/apostolul\/wp-json\/wp\/v2\/posts\/21720\/revisions"}],"predecessor-version":[{"id":21722,"href":"http:\/\/www.slineamt.ro\/apostolul\/wp-json\/wp\/v2\/posts\/21720\/revisions\/21722"}],"wp:attachment":[{"href":"http:\/\/www.slineamt.ro\/apostolul\/wp-json\/wp\/v2\/media?parent=21720"}],"wp:term":[{"taxonomy":"category","embeddable":true,"href":"http:\/\/www.slineamt.ro\/apostolul\/wp-json\/wp\/v2\/categories?post=21720"},{"taxonomy":"post_tag","embeddable":true,"href":"http:\/\/www.slineamt.ro\/apostolul\/wp-json\/wp\/v2\/tags?post=21720"}],"curies":[{"name":"wp","href":"https:\/\/api.w.org\/{rel}","templated":true}]}}