{"id":21909,"date":"2021-11-26T17:52:35","date_gmt":"2021-11-26T17:52:35","guid":{"rendered":"http:\/\/www.slineamt.ro\/apostolul\/?p=21909"},"modified":"2021-11-26T17:52:35","modified_gmt":"2021-11-26T17:52:35","slug":"scoala-gimnaziala-nr-3-din-piatra-neamt","status":"publish","type":"post","link":"http:\/\/www.slineamt.ro\/apostolul\/scoala-nemteana-la-zi\/scoala-gimnaziala-nr-3-din-piatra-neamt\/","title":{"rendered":"\u015ecoala Gimnazial\u0103 Nr. 3 din Piatra-Neam\u0163"},"content":{"rendered":"\n<div class=\"wp-block-image\"><figure class=\"alignleft size-full is-resized\"><a href=\"http:\/\/www.slineamt.ro\/apostolul\/wp-content\/uploads\/2021\/11\/08-ap244-foto1.jpg\"><img loading=\"lazy\" decoding=\"async\" src=\"http:\/\/www.slineamt.ro\/apostolul\/wp-content\/uploads\/2021\/11\/08-ap244-foto1.jpg\" alt=\"\" class=\"wp-image-21910\" width=\"356\" height=\"267\" srcset=\"http:\/\/www.slineamt.ro\/apostolul\/wp-content\/uploads\/2021\/11\/08-ap244-foto1.jpg 605w, http:\/\/www.slineamt.ro\/apostolul\/wp-content\/uploads\/2021\/11\/08-ap244-foto1-300x225.jpg 300w, http:\/\/www.slineamt.ro\/apostolul\/wp-content\/uploads\/2021\/11\/08-ap244-foto1-560x420.jpg 560w, http:\/\/www.slineamt.ro\/apostolul\/wp-content\/uploads\/2021\/11\/08-ap244-foto1-260x195.jpg 260w, http:\/\/www.slineamt.ro\/apostolul\/wp-content\/uploads\/2021\/11\/08-ap244-foto1-160x120.jpg 160w\" sizes=\"auto, (max-width: 356px) 100vw, 356px\" \/><\/a><\/figure><\/div>\n\n\n\n<p><strong>Schimb de bune practici prin proiecte Erasmus +<\/strong><\/p>\n\n\n\n<p>\u015ecoala Gimnazial\u0103 Nr. 3 Piatra-Neam\u0163 a fost selectat\u0103 ca partener, \u00een dou\u0103 proiecte Erasmus+, coordonate de \u015fcoli diferite din Polonia, unul care se adreseaz\u0103 elevilor de la nivelul primar \u2013 \u201e<strong>Clever consumption starts early on<\/strong>\u201d \u015fi cel de-al doilea, elevilor de la nivelul gimnazial \u2013 \u201e<strong>Let\u2019s grow small happiness together<\/strong>\u201d. \u00cen Rom\u00e2nia cele dou\u0103 proiecte sunt finan\u0163ate de Agen\u0163ia Na\u0163ional\u0103 pentru Programe Comunitare \u00een Domeniul Educa\u0163iei \u015fi Form\u0103rii Profesionale (ANPCDEFP).<\/p>\n\n\n\n<p>\u00cen perioada 25-29 octombrie 2021 \u015fcoala noastr\u0103 a g\u0103zduit prima mobilitate cu cadre didactice din cadrul proiectului Erasmus+ \u201eClever consumption starts early on\u201d. \u00cen programul proiectului este prev\u0103zut ca aceste mobilit\u0103\u0163i s\u0103 se desf\u0103\u015foare cu prezen\u0163\u0103 fizic\u0103, \u00eens\u0103 perioada de pandemie a permis ca desf\u0103\u015furarea activit\u0103\u0163ilor s\u0103 se poat\u0103 face hibrid. Astfel, au participat cu prezen\u0163\u0103 fizic\u0103 doar echipele formate din c\u00e2te patru cadre didactice din <strong>Polonia<\/strong> \u015fi <strong>Turcia<\/strong>. Celelalte dou\u0103 echipe, din <strong>Italia<\/strong> \u015fi <strong>Lituania<\/strong> au participat \u00een sistem de videoconferin\u0163\u0103 pe Zoom.<\/p>\n\n\n\n<div class=\"wp-block-image\"><figure class=\"alignright size-full is-resized\"><a href=\"http:\/\/www.slineamt.ro\/apostolul\/wp-content\/uploads\/2021\/11\/08-ap244-foto2.jpg\"><img loading=\"lazy\" decoding=\"async\" src=\"http:\/\/www.slineamt.ro\/apostolul\/wp-content\/uploads\/2021\/11\/08-ap244-foto2.jpg\" alt=\"\" class=\"wp-image-21911\" width=\"436\" height=\"268\" srcset=\"http:\/\/www.slineamt.ro\/apostolul\/wp-content\/uploads\/2021\/11\/08-ap244-foto2.jpg 756w, http:\/\/www.slineamt.ro\/apostolul\/wp-content\/uploads\/2021\/11\/08-ap244-foto2-300x185.jpg 300w, http:\/\/www.slineamt.ro\/apostolul\/wp-content\/uploads\/2021\/11\/08-ap244-foto2-560x344.jpg 560w, http:\/\/www.slineamt.ro\/apostolul\/wp-content\/uploads\/2021\/11\/08-ap244-foto2-260x160.jpg 260w, http:\/\/www.slineamt.ro\/apostolul\/wp-content\/uploads\/2021\/11\/08-ap244-foto2-160x98.jpg 160w\" sizes=\"auto, (max-width: 436px) 100vw, 436px\" \/><\/a><\/figure><\/div>\n\n\n\n<p>Obiectivul principal al acestui proiect \u00eel reprezint\u0103 schimbul de bune practici \u00eentre parteneri, privitor la proiectele ecologice \u015fi activit\u0103\u0163ile didactice cu teme despre mediu. Astfel se vizeaz\u0103:<\/p>\n\n\n\n<p>&#8211; cre\u015fterea gradului de con\u015ftientizare cu privire la resursele energetice \u015fi consumul inteligent al acestor resurse;<\/p>\n\n\n\n<p>&#8211; importan\u0163a apei pentru fiin\u0163ele umane \u015fi modul \u00een care o putem consuma cu \u00een\u0163elepciune;<\/p>\n\n\n\n<p>&#8211; con\u015ftientizarea efectelor consumului iresponsabil de alimente asupra s\u0103n\u0103t\u0103\u0163ii \u015fi a mediului, promovarea unor comportamente responsabile;<\/p>\n\n\n\n<p>&#8211; crearea unei culturi pentru grija fa\u0163\u0103 de mediu \u015fi promovarea recicl\u0103rii \u00een r\u00e2ndul elevilor;<\/p>\n\n\n\n<p>&#8211; schimbul intercultural \u015fi \u00eembun\u0103t\u0103\u0163irea con\u015ftientiz\u0103rii interculturale a profesorilor, elevilor \u015fi p\u0103rin\u0163ilor.<\/p>\n\n\n\n<p>Activit\u0103\u0163ile din cadrul acestui proiect au demarat cu organizarea unei \u00eent\u00e2lniri online, \u00een luna septembrie, \u00eentre reprezentan\u0163ii celor cinci \u015fcoli, \u00een timpul c\u0103reia s-au distribuit sarcinile. \u015ecoala Gimnazial\u0103 nr. 3 Piatra-Neam\u0163 a creat pagina web a proiectului, unde fiecare dintre parteneri posteaz\u0103 informa\u0163ii despre activit\u0103\u0163ile pe care le desf\u0103\u015foar\u0103, distribuite de coordonator. Fiecare dintre parteneri a creat, \u00een unitatea lui \u015fcolar\u0103, un col\u0163 Erasmus prin care sunt transmise diferite informa\u0163ii.<\/p>\n\n\n\n<p>Acest proiect \u015fi-a propus crearea de modele practice de lucru cu elevii care s\u0103 abordeze \u00eenv\u0103\u0163area auto-dirijat\u0103 \u015fi dezvoltarea abilit\u0103\u0163ilor de baz\u0103, a creativit\u0103\u0163ii \u015fi a abilit\u0103\u0163ilor de rezolvare a problemelor \u015fi inteligen\u0163ei emo\u0163ionale. \u00cen acest sens activit\u0103\u0163ile proiectului pun accentul pe capacitatea de reac\u0163ie social\u0103, con\u015ftientizarea cultural\u0103, sentimentul de ini\u0163iativ\u0103 \u015fi antreprenoriat \u00een r\u00e2ndul elevilor, activarea inteligen\u0163ei emo\u0163ionale \u015fi a abilit\u0103\u0163ilor sociale ale elevilor, \u00eencurajarea \u00eenv\u0103\u0163\u0103rii \u015fi comunic\u0103rii de la egal la egal.<\/p>\n\n\n\n<p>Rezultatele tangibile ale proiectului nostru vor fi pagina web \u015fi logo-ul proiectului; materiale audio-vizuale: \u201e\u015ecoala \u015fi ora\u015ful meu\u201d, \u201eC\u00e2t de distractiv este \u00een \u015fcoala ta?\u201d; expozi\u0163ie comun\u0103: \u201e\u015ecoala mea este distractiv\u0103\u201d; puzzle-distractive, benzi desenate \u201eVia\u0163a de elev\u201d, jurnale de proiect \u015fi albume de fotografii electronice, reviste \u015fcolare electronice, un ghid foto-c\u0103l\u0103torie, piese de teatru, semne de carte \u015fi un set cu activit\u0103\u0163i sportive \u00een aer liber \u015fi \u00een interior.<\/p>\n\n\n\n<p>Deoarece limba de comunicare este engleza, proiectul \u201eClever consumption starts early on\u201d este coordonat \u00een \u015fcoal\u0103 de doamna profesoar\u0103 <strong>Oana Gavriliu<\/strong>, care declar\u0103: \u201eMunca efectiv\u0103 la acest proiect a \u00eenceput \u00eenc\u0103 \u00eenainte de a fi fost depus, c\u00e2nd, \u00eempreun\u0103 cu doamna director <strong>Ani\u015foara Oniciuc<\/strong>, \u00een vreme de pandemie, am tot g\u00e2ndit formul\u0103ri \u015fi am adaptat nevoile \u015fcolii la diferite proiecte Erasmus+. (&#8230;) Apar\u0163inem unei comunit\u0103\u0163i europene \u015fi de aceea, \u00een secolul acesta, nu putem privi procesul educa\u0163ional ca fiind rupt de ceea ce se \u00eent\u00e2mpl\u0103 \u00een \u015fcolile din Europa. Proiectele Erasmus+ ne ofer\u0103 posibilitatea de a intra \u00een clasele \u015fcolilor partenere, de a participa la orele lor \u015fi \u00een consecin\u0163\u0103, de a \u00eenv\u0103\u0163a prin schimbul de bune practici. Pe mine, aceste proiecte m\u0103 impulsioneaz\u0103 nu doar profesional ci \u015fi uman, prin rela\u0163iile profesionale \u015fi de prietenie cu care r\u0103m\u00e2n. Pe termen lung, scopul este atins \u015fi prin faptul c\u0103 toat\u0103 informa\u0163ia se r\u0103sfr\u00e2nge asupra modului \u00een care interac\u0163ion\u0103m cu elevii la clas\u0103.\u201d<\/p>\n\n\n\n<p>Iat\u0103 \u015fi alte p\u0103reri ale membrilor echipei, legate de contribu\u0163ia fiec\u0103ruia la realizarea sarcinilor \u015fi de felul \u00een care proiectul a fost \u00eembog\u0103\u0163itor profesional \u015fi uman:<\/p>\n\n\n\n<div class=\"wp-block-image\"><figure class=\"alignleft size-full is-resized\"><a href=\"http:\/\/www.slineamt.ro\/apostolul\/wp-content\/uploads\/2021\/11\/08-ap244-foto3.jpg\"><img loading=\"lazy\" decoding=\"async\" src=\"http:\/\/www.slineamt.ro\/apostolul\/wp-content\/uploads\/2021\/11\/08-ap244-foto3.jpg\" alt=\"\" class=\"wp-image-21912\" width=\"415\" height=\"311\" srcset=\"http:\/\/www.slineamt.ro\/apostolul\/wp-content\/uploads\/2021\/11\/08-ap244-foto3.jpg 567w, http:\/\/www.slineamt.ro\/apostolul\/wp-content\/uploads\/2021\/11\/08-ap244-foto3-300x225.jpg 300w, http:\/\/www.slineamt.ro\/apostolul\/wp-content\/uploads\/2021\/11\/08-ap244-foto3-560x420.jpg 560w, http:\/\/www.slineamt.ro\/apostolul\/wp-content\/uploads\/2021\/11\/08-ap244-foto3-260x195.jpg 260w, http:\/\/www.slineamt.ro\/apostolul\/wp-content\/uploads\/2021\/11\/08-ap244-foto3-160x120.jpg 160w\" sizes=\"auto, (max-width: 415px) 100vw, 415px\" \/><\/a><\/figure><\/div>\n\n\n\n<p>&#8230;<em>Copiii au fost implica\u0163i \u00een proiecte specifice v\u00e2rstei lor: experimente, desene, proiecte pe echipe, colaje, realizarea unor machete, prezent\u0103ri, filme. Produsele finale au fost diseminate de toate \u015fcolile implicate, profesorii \u015fi copiii av\u00e2nd posibilitatea s\u0103 vad\u0103 ce au reu\u015fit s\u0103 fac\u0103 al\u0163i copii din \u0163\u0103ri diferite, s\u0103 se inspire \u015fi s\u0103 realizeze la clas\u0103 anumite activit\u0103\u0163i interesante<\/em>. (Profesor \u00eenv\u0103\u0163\u0103m\u00e2nt primar, <strong>Ciprian ONOFREI<\/strong>)<\/p>\n\n\n\n<p>&#8230;<em>De un real interes au fost activit\u0103\u0163ile outdoor, prilej de o mai bun\u0103 cunoa\u015ftere \u00eentre membrii echipelor fiec\u0103rei \u0163\u0103ri, precum \u015fi de vizitare a unor obiective&#8230; Proiectele Erasmus ofer\u0103 posibilitatea de a lucra al\u0103turi de profesioni\u015fti din organiza\u0163ii europene, de a participa la schimburi de bune practici, de a crea \u015fi implementa resurse educa\u0163ionale inovatoare, generatoare de schimbare<\/em>. (Profesor \u00eenv\u0103\u0163\u0103m\u00e2nt primar, <strong>Florentina Simona CHIRICA<\/strong>)<\/p>\n\n\n\n<p>&#8230; <em>Am f\u0103cut schimb de materiale didactice, ne-am \u00eemp\u0103rt\u0103\u015fit diferite experien\u0163e din punct de vedere profesional \u015fi am legat o rela\u0163ie de prietenie care sper s\u0103 dureze pe tot parcursul vie\u0163ii. Aceast\u0103 etap\u0103 a proiectului a fost o reu\u015fit\u0103 a muncii de echip\u0103<\/em>&#8230; (Profesor <strong>Antoniuc Bogdan DR\u0102GOI<\/strong>)<\/p>\n\n\n\n<p>&#8230; <em>Fiecare proiect aduce pentru profesori noi provoc\u0103ri: crearea unui mediu atractiv de \u00eenv\u0103\u0163are, diversificarea situa\u0163iilor de \u00eenv\u0103\u0163are, combinarea mai multor teme \u015fi activit\u0103\u0163i relevante, elaborarea de material didactic adecvat. Am con\u015ftientizat \u00eempreun\u0103 importan\u0163a \u015fi responsabilitatea de a l\u0103sa \u00een urma noastr\u0103 o planet\u0103 s\u0103n\u0103toas\u0103 care s\u0103 d\u0103inuie \u00eenc\u0103 mul\u0163i ani.<\/em> (Profesor \u00eenv\u0103\u0163\u0103m\u00e2nt primar, <strong>Oana-Elena R\u0102\u0162OI<\/strong>)<\/p>\n\n\n\n<p>&#8230; <em>Am colaborat foarte bine cu colegii de echip\u0103, reu\u015find s\u0103 oferim oaspe\u0163ilor no\u015ftri experien\u0163e de \u00eenv\u0103\u0163are autentice, bazate pe specificul zonei \u00een care locuim. Am putut compara sisteme de educa\u0163ie diferite, dar am \u00een\u0163eles faptul c\u0103 lupt\u0103m \u00eempreun\u0103 pentru acelea\u015fi idealuri<\/em>&#8230; (Profesor \u00eenv\u0103\u0163\u0103m\u00e2nt primar, <strong>Elena-Carmen OLTEANU<\/strong>)<\/p>\n\n\n\n<p><strong><em>A consemnat manager proiect Ani\u015foara ONICIUC,<\/em><\/strong><\/p>\n\n\n\n<p><strong><em>&nbsp;Director \u015ecoala Gimnazial\u0103 Nr. 3, Piatra-Neam\u0163<\/em><\/strong><\/p>\n","protected":false},"excerpt":{"rendered":"<p>Schimb de bune practici prin proiecte Erasmus + \u015ecoala Gimnazial\u0103 Nr. 3 Piatra-Neam\u0163 a fost selectat\u0103 ca partener, \u00een dou\u0103 proiecte Erasmus+, coordonate de \u015fcoli diferite din Polonia, unul care se adreseaz\u0103 elevilor de la nivelul primar \u2013 \u201eClever consumption&hellip;<\/p>\n<p class=\"more-link-p\"><a class=\"more-link\" href=\"http:\/\/www.slineamt.ro\/apostolul\/scoala-nemteana-la-zi\/scoala-gimnaziala-nr-3-din-piatra-neamt\/\">Read more &rarr;<\/a><\/p>\n","protected":false},"author":1,"featured_media":0,"comment_status":"open","ping_status":"closed","sticky":false,"template":"","format":"standard","meta":{"footnotes":""},"categories":[10,447],"tags":[],"class_list":["post-21909","post","type-post","status-publish","format-standard","hentry","category-scoala-nemteana-la-zi","category-numarul-244"],"_links":{"self":[{"href":"http:\/\/www.slineamt.ro\/apostolul\/wp-json\/wp\/v2\/posts\/21909","targetHints":{"allow":["GET"]}}],"collection":[{"href":"http:\/\/www.slineamt.ro\/apostolul\/wp-json\/wp\/v2\/posts"}],"about":[{"href":"http:\/\/www.slineamt.ro\/apostolul\/wp-json\/wp\/v2\/types\/post"}],"author":[{"embeddable":true,"href":"http:\/\/www.slineamt.ro\/apostolul\/wp-json\/wp\/v2\/users\/1"}],"replies":[{"embeddable":true,"href":"http:\/\/www.slineamt.ro\/apostolul\/wp-json\/wp\/v2\/comments?post=21909"}],"version-history":[{"count":1,"href":"http:\/\/www.slineamt.ro\/apostolul\/wp-json\/wp\/v2\/posts\/21909\/revisions"}],"predecessor-version":[{"id":21913,"href":"http:\/\/www.slineamt.ro\/apostolul\/wp-json\/wp\/v2\/posts\/21909\/revisions\/21913"}],"wp:attachment":[{"href":"http:\/\/www.slineamt.ro\/apostolul\/wp-json\/wp\/v2\/media?parent=21909"}],"wp:term":[{"taxonomy":"category","embeddable":true,"href":"http:\/\/www.slineamt.ro\/apostolul\/wp-json\/wp\/v2\/categories?post=21909"},{"taxonomy":"post_tag","embeddable":true,"href":"http:\/\/www.slineamt.ro\/apostolul\/wp-json\/wp\/v2\/tags?post=21909"}],"curies":[{"name":"wp","href":"https:\/\/api.w.org\/{rel}","templated":true}]}}