{"id":21915,"date":"2021-11-26T18:23:17","date_gmt":"2021-11-26T18:23:17","guid":{"rendered":"http:\/\/www.slineamt.ro\/apostolul\/?p=21915"},"modified":"2021-11-26T18:23:17","modified_gmt":"2021-11-26T18:23:17","slug":"formare-profesionala-continua-la-casa-corpului-didactic-neamt-in-anul-scolar-2021-2022","status":"publish","type":"post","link":"http:\/\/www.slineamt.ro\/apostolul\/scoala-nemteana-la-zi\/formare-profesionala-continua-la-casa-corpului-didactic-neamt-in-anul-scolar-2021-2022\/","title":{"rendered":"Formare profesional\u0103 continu\u0103 la Casa Corpului Didactic Neam\u0163 \u00een anul \u015fcolar 2021-2022"},"content":{"rendered":"\n<p>Casa Corpului Didactic Neam\u0163, prin <strong>Oferta de programe de formare<\/strong> avizat\u0103 de Ministerul Educa\u0163iei prin adresa nr. 33747\/27.10.2021, invit\u0103 personalul didactic din \u00eenv\u0103\u0163\u0103m\u00e2ntul preuniversitar s\u0103 descopere noi oportunit\u0103\u0163i de formare continu\u0103.<\/p>\n\n\n\n<p>Astfel, pentru anul \u015fcolar 2021-2022, paleta de programe apar\u0163ine urm\u0103toarelor categorii:<\/p>\n\n\n\n<p>\u2022 Programe prioritare ale Ministerului Educa\u0163iei;<\/p>\n\n\n\n<p>\u2022 Didactica specialit\u0103\u0163ii;<\/p>\n\n\n\n<p>\u2022 Management educa\u0163ional \/ institu\u0163ional;<\/p>\n\n\n\n<p>\u2022 Management de proiect;<\/p>\n\n\n\n<p>\u2022 TIC \u015fi utilizarea calculatorului;<\/p>\n\n\n\n<p>\u2022 Educa\u0163ie pentru dezvoltare durabil\u0103;<\/p>\n\n\n\n<p>\u2022 Educa\u0163ie pentru egalitatea de \u015fanse;<\/p>\n\n\n\n<p>\u2022 Tehnici documentare \u00een C.D.I.;<\/p>\n\n\n\n<p>\u2022 Educa\u0163ie intercultural\u0103;<\/p>\n\n\n\n<p>\u2022 Alte programe.<\/p>\n\n\n\n<p>Programele de formare profesional\u0103 continu\u0103 se vor organiza \u00een sistem blended learning (incluz\u00e2nd componenta fa\u0163\u0103 \u00een fa\u0163\u0103 \u015fi componenta online) sau \u00een sistem online (incluz\u00e2nd componenta sincron \u015fi componenta asincron), \u00een func\u0163ie de situa\u0163ia pandemic\u0103.<\/p>\n\n\n\n<p>V\u0103 prezent\u0103m con\u0163inutul fiec\u0103rul capitol, invit\u00e2nd pe cei interesa\u0163i de mai multe detalii, s\u0103 viziteze pagina oficial\u0103 a Casei Corpului Didactic Neam\u0163 la adresa http:\/\/www.ccdneamt.ro\/new\/wp-content\/uploads\/2021\/11\/OFERTA-DE-PROGRAME-DE-FORMARE-2021-2022-.pdf<\/p>\n\n\n\n<p>1. PROGRAME PRIORITARE ALE MINISTERULUI EDUCA\u0162IEI<\/p>\n\n\n\n<p>Abilitarea curricular\u0103 a cadrelor didactice din \u00eenv\u0103\u0163\u0103m\u00e2ntul primar pentru clasa preg\u0103titoare; Metodist al I.S.J. Neam\u0163; Definitivat 2022; Stagiu de formare pentru profesorii cu statut de suplinitor \u00een vederea particip\u0103rii la sus\u0163inerea concursului na\u0163ional de ocupare a posturilor vacante; Program pentru cadrele didactice care fac parte din comisii de organizare \u015fi desf\u0103\u015furare a probelor \u00een profilul posturilor \u015fi a inspec\u0163iilor speciale la clas\u0103; Dezvoltarea competen\u0163elor de evaluare a lucr\u0103rilor scrise din cadrul examenului na\u0163ional de definitivare \u00een \u00eenv\u0103\u0163\u0103m\u00e2ntul preuniversitar \u015fi a concursului na\u0163ional de ocupare a posturilor vacante; Limba rromani \u00een context intercultural; Rromanipen-ul \u2013 Legea pe care se bazeaz\u0103 cultura \u015fi tradi\u0163iile rromilor; Istoria \u015fi tradi\u0163iile rromilor.<\/p>\n\n\n\n<p>2. DIDACTICA SPECIALIT\u0102\u0162II<\/p>\n\n\n\n<p>Strategii didactice interactive folosite \u00een \u00eenv\u0103\u0163\u0103m\u00e2ntul profesional \u015fi tehnic; Jocul didactic \u2013 coordonat\u0103 a educa\u0163iei contemporane; Educa\u0163ia pentru valori; Metode interactive de predare-\u00eenv\u0103\u0163are-evaluare; Tradi\u0163ional \u015fi modern \u00een proiectarea didactic\u0103 pentru inv\u0103\u0163\u0103m\u00e2ntul pre\u015fcolar; Dezvoltarea capacit\u0103\u0163ii de cercetare la v\u00e2rsta pre\u015fcolar\u0103 prin procesul de experimentare; \u00cenv\u0103\u0163area eficient\u0103 prin metode interactive; Evaluarea \u015fcolar\u0103. Evaluarea rezultatelor \u00eenv\u0103\u0163\u0103rii; Managementul curriculum-ului la decizia \u015fcolii; Astronomie \u2013 curs practic; Dirigen\u0163ia \u015fi rolul dirigintelui \u00een educa\u0163ie; Cre\u015fterea randamentului \u015fcolar prin jocul didactic matematic; Experien\u0163e atractive de \u00eenv\u0103\u0163are; Formarea profesorilor debutan\u0163i prin activit\u0103\u0163i de mentorat; Metode eficiente de organizare \u015fi desf\u0103\u015furarea a orelor de discipline economice; Proiectarea demersului didactic la disciplina educa\u0163ie fizic\u0103 \u015fi sport; Rolul \u015fi importan\u0163a manualelor \u015fcolare \u00een \u00eenv\u0103\u0163\u0103m\u00e2ntul primar.&nbsp;&nbsp;<\/p>\n\n\n\n<p>3. MANAGEMENT EDUCA\u0162IONAL \/ INSTITU\u0162IONAL<\/p>\n\n\n\n<p>Management didactic pentru \u00eenv\u0103\u0163\u0103m\u00e2ntul preuniversitar; Management strategic. management de risc pentru sistemul de \u00eenv\u0103\u0163\u0103m\u00e2nt; Formarea competen\u0163elor manageriale de planificare strategic\u0103 institu\u0163ional\u0103; Perspective privind managementul organiza\u0163ional; Metode \u015fi strategii pentru managementul clasei de elevi; Modelele de asigurare a calit\u0103\u0163ii \u00een educa\u0163ie.<\/p>\n\n\n\n<p>4. MANAGEMENT DE PROIECT<\/p>\n\n\n\n<p>Management de proiect; De la proiectele E-Twinning la parteneriate strategice \u00een programul Erasmus+; Managementul proiectelor cu finan\u0163are local\u0103\/ jude\u0163ean\u0103\/ na\u0163ional\u0103\/ european\u0103.&nbsp;&nbsp;&nbsp;&nbsp;&nbsp;&nbsp;&nbsp;&nbsp;<\/p>\n\n\n\n<p>5. TIC \u015eI UTILIZAREA CALCULATORULUI<\/p>\n\n\n\n<p>Instrumente de lucru online \u2013 aplica\u0163iile G-Suite For Education; Crearea resurselor educa\u0163ionale cu ajutorul instrumentelor WEB 2.0; Strategii de predare-\u00eenv\u0103\u0163are-evaluare online; Utilizarea programelor educa\u0163ionale MOZAWEB \u015eI MOZABOOK; Competen\u0163ele digitale \u015fi rolul lor \u00een profesionalizarea carierei didactice; Repere \u00een educa\u0163ia digital\u0103; Metode inovative de predare-\u00eenv\u0103\u0163are-evaluare on-line.&nbsp;&nbsp;&nbsp;&nbsp;&nbsp;&nbsp;&nbsp;&nbsp;&nbsp;<\/p>\n\n\n\n<p>6. EDUCA\u0162IE PENTRU DEZVOLTARE DURABIL\u0102<\/p>\n\n\n\n<p>Metode inovative de promovare la clas\u0103 a educa\u0163iei pentru dezvoltare durabil\u0103.&nbsp;&nbsp;&nbsp;&nbsp;&nbsp;&nbsp;&nbsp;&nbsp;<\/p>\n\n\n\n<p>7. EDUCA\u0162IE PENTRU EGALITATEA DE \u015eANSE<\/p>\n\n\n\n<p>Prevenirea bullying-ului \u00een \u015fcoli; Terapia tulbur\u0103rilor de dislalie, disgrafie \u015fi discalculie; Instruirea diferen\u0163iat\u0103 a elevilor; Strategii pentru combaterea abandonului \u015fcolar \u00een \u00eenv\u0103\u0163\u0103m\u00e2ntul preuniversitar; Integrarea copiilor cu deficien\u0163e de \u00eenv\u0103\u0163are.<\/p>\n\n\n\n<p>8. TEHNICI DOCUMENTARE \u00ceN C.D.I.<\/p>\n\n\n\n<p>Utilizarea eficient\u0103 a resurselor educa\u0163ionale \u00een C.D.I.<\/p>\n\n\n\n<p>9 . EDUCA\u0162IE INTERCULTURAL\u0102<\/p>\n\n\n\n<p>Repere ale educa\u0163iei interculturale.&nbsp;<\/p>\n\n\n\n<p>10. ALTE PROGRAME<\/p>\n\n\n\n<p>&nbsp;10.1 ALTE PROGRAME \u2013 EDUCA\u0162IE PENTRU S\u0102N\u0102TATE<\/p>\n\n\n\n<p>&nbsp;&nbsp;&nbsp;&nbsp;&nbsp; Alimenta\u0163ie pentru s\u0103n\u0103tate.&nbsp;&nbsp;&nbsp;&nbsp;&nbsp;<\/p>\n\n\n\n<p>&nbsp;10.2 ALTE PROGRAME \u2013 PSIHOPEDAGOGIE<\/p>\n\n\n\n<p>Competen\u0163a emo\u0163ional\u0103 \u00een mediul \u015fcolar incluziv \u015fi metode de dezvoltare a acesteia; Echilibrul emo\u0163ional al elevilor, esen\u0163ial \u00een \u015fcoala online; repere emo\u0163ionale ale elevilor cu C.E.S. \u00een \u015fcoala online; Despre cyberbullying sau h\u0103r\u0163uire \u00een mediul online; Strategii pentru prevenirea bullying-ului \u00een \u015fcoal\u0103; Valori comportamentale \u015fi reducerea violen\u0163ei \u00een \u015fcoal\u0103; Persuasiunea prin imagini; Managementul conflictului; Abandonul \u015fi absenteismul \u00een \u015fcoal\u0103: prevenire \u015fi interven\u0163ie; Dezvoltarea personal\u0103 \u015fi comunicarea eficient\u0103.<\/p>\n\n\n\n<p>10.3 ALTE PROGRAME \u2013 EDUCA\u0162IA ADUL\u0162ILOR<\/p>\n\n\n\n<p>Consilierea p\u0103rin\u0163ilor; Tehnici de lucru Origami \u015fi Quilling; A doua \u015fans\u0103.&nbsp;&nbsp;&nbsp;&nbsp;<\/p>\n\n\n\n<p>&nbsp;10.4 ALTE PROGRAME \u2013 LIMBI STR\u0102INE<\/p>\n\n\n\n<p>Curs de limba german\u0103; Limba englez\u0103 general\u0103 \u2013 nivel CECR A2-B1&nbsp;&nbsp;&nbsp;&nbsp;&nbsp;&nbsp;&nbsp;&nbsp;&nbsp; .<\/p>\n\n\n\n<p>&nbsp;10.5 ALTE PROGRAME \u2013 PENTRU PERSONALUL DIDACTIC, DIDACTIC AUXILIAR\/ ADUL\u0162I DIN AFARA SISTEMULUI<\/p>\n\n\n\n<p>Managementul activit\u0103\u0163ii de secretariat \u00een unit\u0103\u0163ile de \u00eenv\u0103\u0163\u0103m\u00e2nt preuniversitar; Contabilitatea institu\u0163iilor publice \u00een context european.<\/p>\n\n\n\n<p>11. ALTE PROGRAME (ACTIVIT\u0102\u0162I METODICO-\u015eTIIN\u0162IFICE \u015eI CULTURALE)&nbsp;&nbsp;&nbsp;&nbsp;<\/p>\n\n\n\n<p>\u00cen ceea ce prive\u015fte <strong><em>Oferta cursurilor acreditate<\/em><\/strong>, valabile \u00een anul \u015fcolar 2021-2022, acestea poart\u0103 urm\u0103toarele denumiri:<\/p>\n\n\n\n<p>1. <em>Activit\u0103\u0163i caracteristice orelor de consiliere \u00een cadrul Programului ADS<\/em> (acreditat prin O.M.E. nr. 3737\/27.04.2021);<\/p>\n\n\n\n<p>2. <em>Integrare\/ reintegrare \u015fcolar\u0103 prin programul ADS<\/em> (acreditat prin O.M.E. nr. 3737\/27.04.2021);<\/p>\n\n\n\n<p>3. <em>Strategii inovative \u00een programul A doua \u015fans\u0103<\/em> (acreditat prin O.M.E. nr. 3737\/27.04.2021);<\/p>\n\n\n\n<p>4. <em>Integrarea tehnologiilor IT \u00een procesul didactic<\/em> (acreditat prin O.M.E. nr. 4618\/11.08.2021).<\/p>\n\n\n\n<p>Toate detaliile referitoare la: publicul \u0163int\u0103, durata cursului, planificarea modulelor tematice \u015fi coordonatorul programelor de formare sunt oferite pe site-ul institu\u0163iei la link-ul: http:\/\/www.ccdneamt.ro\/new\/wp-content\/uploads\/2021\/11\/SKM_224e21110910370.pdf<\/p>\n\n\n\n<p>Modalitatea de \u00eenscriere a cadrelor didactice la cursul dorit se poate realiza prin completarea unui formular tipizat, postat la adresa: http:\/\/www.ccdneamt.ro\/new\/inscriere-cursuri\/<\/p>\n\n\n\n<p>\u00cen ceea ce prive\u015fte <strong><em>Activit\u0103\u0163ile metodico- \u015ftiin\u0163ifice \u015fi culturale<\/em><\/strong>, acestea sunt structurate astfel \u00eenc\u00e2t s\u0103 se adreseze tuturor categoriilor de personal didactic, participarea put\u00e2ndu-se realiza din luna septembrie a anului 2021 p\u00e2n\u0103 \u00een luna august a anului 2022, dup\u0103 cum urmeaz\u0103:<\/p>\n\n\n\n<p>Expozi\u0163ie &#8211; <em>Identitate \u015fi memorie prin educa\u0163ie istoric\u0103<\/em> (septembrie); Activitate metodic\u0103: <em>Ziua Interna\u0163ional\u0103 a Bibliotecilor \u015ecolare 22 octombrie \u2013 promovarea activit\u0103\u0163ilor de bibliotec\u0103 utiliz\u00e2nd afi\u015ful<\/em> (octombrie); <em>Conferin\u0163\u0103 interna\u0163ional\u0103 Integrer les intelligences multiples a son enseignement<\/em> (noiembrie); Lansare de carte (decembrie); Activitate metodic\u0103: Prietenii lui Eminescu \u2013 lecturi fragmentare, crearea de bibliografii \u015fi webgrafii tematic resurse pentru profesorii de Limba rom\u00e2n\u0103, 15-31 ianuarie 2022 (ianuarie); Simpozion interna\u0163ional <em>Professores- edi\u0163ia a IX a<\/em> (februarie); Conferin\u0163\u0103 interna\u0163ional\u0103 <em>Inova\u0163ie \u015fi creativitate \u00een \u00eenv\u0103\u0163\u0103m\u00e2nt<\/em> (martie); Activitate metodic\u0103: <em>Scrisoare c\u0103tre scriitorul preferat- (2 aprilie ziua interna\u0163ional\u0103 a c\u0103r\u0163ii pentru copii \u015fi tineret) \u2013 activitate metodic\u0103 de atragere a elevilor c\u0103tre lectur\u0103<\/em>, 2 aprilie 2022 (aprilie); Seminar de formare <em>Mesagerii kalokagathiei<\/em> (mai); <em>Simpozion interna\u0163ional<\/em> <em>\u015ecoala Modern\u0103<\/em> (iunie); Conferin\u0163\u0103 regional\u0103 <em>13 iulie \u2013 Ziua Na\u0163ional\u0103 a Contabilului Rom\u00e2n<\/em> \u2013 <em>\u015ecoala de var\u0103<\/em> (iulie-august).<\/p>\n\n\n\n<p><strong><em>Director CCD NEAM\u0162, Prof. Gabriela BANU<\/em><\/strong><\/p>\n","protected":false},"excerpt":{"rendered":"<p>Casa Corpului Didactic Neam\u0163, prin Oferta de programe de formare avizat\u0103 de Ministerul Educa\u0163iei prin adresa nr. 33747\/27.10.2021, invit\u0103 personalul didactic din \u00eenv\u0103\u0163\u0103m\u00e2ntul preuniversitar s\u0103 descopere noi oportunit\u0103\u0163i de formare continu\u0103. Astfel, pentru anul \u015fcolar 2021-2022, paleta de programe apar\u0163ine&hellip;<\/p>\n<p class=\"more-link-p\"><a class=\"more-link\" href=\"http:\/\/www.slineamt.ro\/apostolul\/scoala-nemteana-la-zi\/formare-profesionala-continua-la-casa-corpului-didactic-neamt-in-anul-scolar-2021-2022\/\">Read more &rarr;<\/a><\/p>\n","protected":false},"author":1,"featured_media":0,"comment_status":"open","ping_status":"closed","sticky":false,"template":"","format":"standard","meta":{"footnotes":""},"categories":[10,447],"tags":[],"class_list":["post-21915","post","type-post","status-publish","format-standard","hentry","category-scoala-nemteana-la-zi","category-numarul-244"],"_links":{"self":[{"href":"http:\/\/www.slineamt.ro\/apostolul\/wp-json\/wp\/v2\/posts\/21915","targetHints":{"allow":["GET"]}}],"collection":[{"href":"http:\/\/www.slineamt.ro\/apostolul\/wp-json\/wp\/v2\/posts"}],"about":[{"href":"http:\/\/www.slineamt.ro\/apostolul\/wp-json\/wp\/v2\/types\/post"}],"author":[{"embeddable":true,"href":"http:\/\/www.slineamt.ro\/apostolul\/wp-json\/wp\/v2\/users\/1"}],"replies":[{"embeddable":true,"href":"http:\/\/www.slineamt.ro\/apostolul\/wp-json\/wp\/v2\/comments?post=21915"}],"version-history":[{"count":1,"href":"http:\/\/www.slineamt.ro\/apostolul\/wp-json\/wp\/v2\/posts\/21915\/revisions"}],"predecessor-version":[{"id":21916,"href":"http:\/\/www.slineamt.ro\/apostolul\/wp-json\/wp\/v2\/posts\/21915\/revisions\/21916"}],"wp:attachment":[{"href":"http:\/\/www.slineamt.ro\/apostolul\/wp-json\/wp\/v2\/media?parent=21915"}],"wp:term":[{"taxonomy":"category","embeddable":true,"href":"http:\/\/www.slineamt.ro\/apostolul\/wp-json\/wp\/v2\/categories?post=21915"},{"taxonomy":"post_tag","embeddable":true,"href":"http:\/\/www.slineamt.ro\/apostolul\/wp-json\/wp\/v2\/tags?post=21915"}],"curies":[{"name":"wp","href":"https:\/\/api.w.org\/{rel}","templated":true}]}}