{"id":21921,"date":"2021-11-26T18:27:07","date_gmt":"2021-11-26T18:27:07","guid":{"rendered":"http:\/\/www.slineamt.ro\/apostolul\/?p=21921"},"modified":"2021-11-26T18:27:07","modified_gmt":"2021-11-26T18:27:07","slug":"laureatii-bienalei-nationale-de-arta-plastica-lascar-vorel-editia-a-xvii-a","status":"publish","type":"post","link":"http:\/\/www.slineamt.ro\/apostolul\/arte-si-meserii-plastica\/laureatii-bienalei-nationale-de-arta-plastica-lascar-vorel-editia-a-xvii-a\/","title":{"rendered":"Laurea\u0163ii Bienalei Na\u0163ionale de Art\u0103 Plastic\u0103 \u201eLasc\u0103r Vorel\u201d, edi\u0163ia a XVII-a"},"content":{"rendered":"\n<div class=\"wp-block-image\"><figure class=\"alignleft size-full is-resized\"><a href=\"http:\/\/www.slineamt.ro\/apostolul\/wp-content\/uploads\/2021\/11\/05-ap244-foto1.jpg\"><img loading=\"lazy\" decoding=\"async\" src=\"http:\/\/www.slineamt.ro\/apostolul\/wp-content\/uploads\/2021\/11\/05-ap244-foto1.jpg\" alt=\"\" class=\"wp-image-21922\" width=\"375\" height=\"250\" srcset=\"http:\/\/www.slineamt.ro\/apostolul\/wp-content\/uploads\/2021\/11\/05-ap244-foto1.jpg 476w, http:\/\/www.slineamt.ro\/apostolul\/wp-content\/uploads\/2021\/11\/05-ap244-foto1-300x200.jpg 300w, http:\/\/www.slineamt.ro\/apostolul\/wp-content\/uploads\/2021\/11\/05-ap244-foto1-260x173.jpg 260w, http:\/\/www.slineamt.ro\/apostolul\/wp-content\/uploads\/2021\/11\/05-ap244-foto1-160x107.jpg 160w\" sizes=\"auto, (max-width: 375px) 100vw, 375px\" \/><\/a><\/figure><\/div>\n\n\n\n<p>Spre deosebire de edi\u0163iile trecute, \u00een acest an, Complexul Muzeal Na\u0163ional Neam\u0163 a fost organizator principal, cu sprijinul financiar acordat de Consiliul Jude\u0163ean Neam\u0163. Funda\u0163ia \u201eVorel\u201d, \u00een calitate de partener, a acordat Premiul pentru debut. Peste 150 de arti\u015fti profesioni\u015fti din \u00eentreaga \u0163ar\u0103 s-au \u00eenscris \u00een concurs cu 250 de lucr\u0103ri de pictur\u0103, grafic\u0103 \u015fi sculptur\u0103. Juriul a fost format din Oliv Mircea, critic de art\u0103 (pre\u015fedinte), prof. univ. dr. Doina Valeria Mih\u0103ilescu, Universitatea de Vest din Timi\u015foara, Marian Zidaru, sculptor, prof. \u015etefan Potop, pre\u015fedintele filialei Neam\u0163 a Uniunii Arti\u015ftilor Plastici din Rom\u00e2nia (membri).<\/p>\n\n\n\n<p>Marele Premiu a fost c\u00e2\u015ftigat de Constantin-Adrian Corc\u0103cel, membru al UAP Gala\u0163i, pentru lucrarea de gravur\u0103 intitulat\u0103 <em>Ars Censurae<\/em>.<\/p>\n\n\n\n<p><em>Sunt onorat pentru primirea Marelui Premiu. Mul\u0163umesc juriului pentru apreciere \u015fi felicit echipa Complexului Muzeal Na\u0163ional Neam\u0163 pentru buna organizare a acestui eveniment<\/em>, a declarat laureatul pe Facebook.<\/p>\n\n\n\n<p>Pentru lucrarea <em>Dig la Balcic<\/em>, lui Alexandru Antonescu, din Alba, i-a revenit premiul de la sec\u0163iunea ulei pe p\u00e2nz\u0103. La aceast\u0103 categorie a fost nominalizat\u0103 \u015fi artista Mariana Papar\u0103, membr\u0103 a UAP Neam\u0163, al\u0103turi de al\u0163i \u015fase plasticieni.<\/p>\n\n\n\n<p>George Romila (UAP Neam\u0163) a c\u00e2\u015ftigat premiul pentru grafic\u0103 (<em>Drum.Cap\u0103t<\/em> \u2013 tehnic\u0103 mixt\u0103-carton), iar Matei Ga\u015fpar (UAP Timi\u015foara) a intrat \u00een posesia premiului pentru sculptur\u0103 (<em>Alfabet<\/em> \u2013 tehnic\u0103 mixt\u0103-metal, r\u0103\u015fin\u0103 epoxidic\u0103).<\/p>\n\n\n\n<p>Daniel Ad\u0103sc\u0103li\u0163ei, \u015fi el nem\u0163ean, autor al lucr\u0103rii <em>Piggy Bank<\/em> (tehnic\u0103 mixt\u0103), a fost r\u0103spl\u0103tit cu premiul pentru debut oferit de Funda\u0163ia \u201eVorel\u201d.<\/p>\n\n\n\n<p>Premiul Uniunii Arti\u015ftilor Plastici din Rom\u00e2nia a fost acordat artistului bucure\u015ftean Teodor \u015etefan, pentru pictura pe p\u00e2nz\u0103 intitulat\u0103 <em>Babel<\/em>.<\/p>\n\n\n\n<p>Celui mai apreciat artist, la finalul expozi\u0163iei, organizatorii \u00eei vor decerna Premiul Publicului.<\/p>\n\n\n\n<p><em>Felicit\u0103ri tuturor celor nominaliza\u0163i \u015fi c\u00e2\u015ftig\u0103torilor celei de-a XVII-a edi\u0163ii a <strong>Bienalei Na\u0163ionale de Arte Plastice \u201eLasc\u0103r Vorel\u201d<\/strong> Piatra-Neam\u0163! Vineri, 29 octombrie, au fost decernate premiile celor trei sec\u0163iuni din concurs \u2013 pictur\u0103, sculptur\u0103 \u015fi grafic\u0103, precum \u015fi Marele Premiu. \u00cen plus, Funda\u0163ia \u201eVorel\u201d Piatra-Neam\u0163 a oferit Premiul pentru debut, iar Uniunea Arti\u015ftilor Plastici din Rom\u00e2nia a acordat un Premiu Special. Suntem recunosc\u0103tori tuturor celor care s-au \u00eenscris \u00een concurs \u00een acest an \u015fi lans\u0103m deja invita\u0163ia pentru edi\u0163ia din 2023!<\/em>, a transmis conducerea Complexului Muzeal Na\u0163ional Neam\u0163.<\/p>\n\n\n\n<p>Primul festival al expozi\u0163iilor de art\u0103 plastic\u0103 \u201eLasc\u0103r Vorel\u201d s-a desf\u0103\u015furat \u00eentre 15 \u015fi 30 august 1970. Au expus atunci 22 de pictori, graficieni \u015fi sculptori: Dan Hatmanu, Dimitrie Gavrileanu, Ion Ganju \u015fi Nicolae Constantin, din Ia\u015fi, Elena Aflorii, Toni Avram, Ioan Donca, Vasile Grigore, Ion Muraru, Mircea Olarian \u015fi Nicolae S\u0103ftoiu, din Bucure\u015fti, Emilia Dumitrescu din Br\u0103ila, Z\u00e2na Bl\u0103nu\u0163\u0103 din Bra\u015fov, \u015fi sculptorii Mihail Meiu \u015fi Petre B\u0103l\u0103nic\u0103. Dintre arti\u015ftii pietreni au fost prezen\u0163i \u00een expozi\u0163ie Iulia H\u0103l\u0103ucescu, Zenaida M\u0103descu, Clement Pompiliu, Nicolae Milord, Mihai M\u0103descu, Petre Petrescu \u015fi Gheorghe Iliescu.<\/p>\n\n\n\n<p>Dup\u0103 edi\u0163ia a IV-a, organizat\u0103 \u00een 1976, Bienala de Art\u0103 Plastic\u0103 \u201eLasc\u0103r Vorel\u201d a fost \u00eentrerupt\u0103. Dou\u0103 decenii mai t\u00e2rziu, mai exact \u00een octombrie 1997, Bienala a fost relansat\u0103 de Funda\u0163ia \u201eVorel\u201d, cu sprijinul Complexului Muzeal Jude\u0163ean Neam\u0163 (acum, Na\u0163ional) \u015fi al Filialei Neam\u0163 a Uniunii Arti\u015ftilor Plastici din Rom\u00e2nia.<\/p>\n\n\n\n<p><strong><em>Violeta MO\u015eU<\/em><\/strong><\/p>\n","protected":false},"excerpt":{"rendered":"<p>Spre deosebire de edi\u0163iile trecute, \u00een acest an, Complexul Muzeal Na\u0163ional Neam\u0163 a fost organizator principal, cu sprijinul financiar acordat de Consiliul Jude\u0163ean Neam\u0163. Funda\u0163ia \u201eVorel\u201d, \u00een calitate de partener, a acordat Premiul pentru debut. Peste 150 de arti\u015fti profesioni\u015fti&hellip;<\/p>\n<p class=\"more-link-p\"><a class=\"more-link\" href=\"http:\/\/www.slineamt.ro\/apostolul\/arte-si-meserii-plastica\/laureatii-bienalei-nationale-de-arta-plastica-lascar-vorel-editia-a-xvii-a\/\">Read more &rarr;<\/a><\/p>\n","protected":false},"author":1,"featured_media":0,"comment_status":"open","ping_status":"closed","sticky":false,"template":"","format":"standard","meta":{"footnotes":""},"categories":[196,447],"tags":[],"class_list":["post-21921","post","type-post","status-publish","format-standard","hentry","category-arte-si-meserii-plastica","category-numarul-244"],"_links":{"self":[{"href":"http:\/\/www.slineamt.ro\/apostolul\/wp-json\/wp\/v2\/posts\/21921","targetHints":{"allow":["GET"]}}],"collection":[{"href":"http:\/\/www.slineamt.ro\/apostolul\/wp-json\/wp\/v2\/posts"}],"about":[{"href":"http:\/\/www.slineamt.ro\/apostolul\/wp-json\/wp\/v2\/types\/post"}],"author":[{"embeddable":true,"href":"http:\/\/www.slineamt.ro\/apostolul\/wp-json\/wp\/v2\/users\/1"}],"replies":[{"embeddable":true,"href":"http:\/\/www.slineamt.ro\/apostolul\/wp-json\/wp\/v2\/comments?post=21921"}],"version-history":[{"count":1,"href":"http:\/\/www.slineamt.ro\/apostolul\/wp-json\/wp\/v2\/posts\/21921\/revisions"}],"predecessor-version":[{"id":21923,"href":"http:\/\/www.slineamt.ro\/apostolul\/wp-json\/wp\/v2\/posts\/21921\/revisions\/21923"}],"wp:attachment":[{"href":"http:\/\/www.slineamt.ro\/apostolul\/wp-json\/wp\/v2\/media?parent=21921"}],"wp:term":[{"taxonomy":"category","embeddable":true,"href":"http:\/\/www.slineamt.ro\/apostolul\/wp-json\/wp\/v2\/categories?post=21921"},{"taxonomy":"post_tag","embeddable":true,"href":"http:\/\/www.slineamt.ro\/apostolul\/wp-json\/wp\/v2\/tags?post=21921"}],"curies":[{"name":"wp","href":"https:\/\/api.w.org\/{rel}","templated":true}]}}