{"id":21930,"date":"2021-11-26T18:53:00","date_gmt":"2021-11-26T18:53:00","guid":{"rendered":"http:\/\/www.slineamt.ro\/apostolul\/?p=21930"},"modified":"2021-11-26T18:53:00","modified_gmt":"2021-11-26T18:53:00","slug":"100-de-ani-de-la-nasterea-regelui-mihai-i-al-romaniei","status":"publish","type":"post","link":"http:\/\/www.slineamt.ro\/apostolul\/lectia-de-istorie\/100-de-ani-de-la-nasterea-regelui-mihai-i-al-romaniei\/","title":{"rendered":"100 de ani de la na\u015fterea Regelui Mihai I al Rom\u00e2niei"},"content":{"rendered":"\n<div class=\"wp-block-image\"><figure class=\"alignleft size-full is-resized\"><a href=\"http:\/\/www.slineamt.ro\/apostolul\/wp-content\/uploads\/2021\/11\/03-ap244-foto1.jpg\"><img loading=\"lazy\" decoding=\"async\" src=\"http:\/\/www.slineamt.ro\/apostolul\/wp-content\/uploads\/2021\/11\/03-ap244-foto1.jpg\" alt=\"\" class=\"wp-image-21931\" width=\"264\" height=\"392\" srcset=\"http:\/\/www.slineamt.ro\/apostolul\/wp-content\/uploads\/2021\/11\/03-ap244-foto1.jpg 471w, http:\/\/www.slineamt.ro\/apostolul\/wp-content\/uploads\/2021\/11\/03-ap244-foto1-202x300.jpg 202w, http:\/\/www.slineamt.ro\/apostolul\/wp-content\/uploads\/2021\/11\/03-ap244-foto1-260x386.jpg 260w, http:\/\/www.slineamt.ro\/apostolul\/wp-content\/uploads\/2021\/11\/03-ap244-foto1-160x238.jpg 160w\" sizes=\"auto, (max-width: 264px) 100vw, 264px\" \/><\/a><\/figure><\/div>\n\n\n\n<p><strong>&nbsp;\u201eRegele Mihai \u015fi Basarabia. O poveste uitat\u0103 de neuitat\u201d<\/strong><\/p>\n\n\n\n<p>Pe 25 octombrie, la Biblioteca Municipal\u0103 \u201eB. P. Ha\u015fdeu\u201d din Chi\u015fin\u0103u a avut loc un eveniment dedicat celor 100 de ani de la na\u015fterea Regelui Mihai I al Rom\u00e2niei, marcat prin lansarea c\u0103r\u0163ii semnate de Aliona Grati \u201eRegele Mihai \u015fi Basarabia. O poveste uitat\u0103 de neuitat\u201d (Bucure\u015fti: \u201eEikon\u201d, 2021), \u015fi proiectarea filmului \u201eVizitele monarhilor la Chi\u015fin\u0103u. Partea a III-a: Ultimul Rege Mihai I\u201d, autori \u2013 Aliona Grati, doctor habilitat \u00een filologie \u015fi Nicolae Enciu, doctor habilitat \u00een istorie.<\/p>\n\n\n\n<p><strong>Aliona Grati<\/strong>: \u201eCartea s-a n\u0103scut din nevoia cov\u00e2r\u015fitoare de a umple un gol. Un gol pe care l-am resim\u0163it cu acuitate eu \u015fi, \u00eemi \u00eenchipui, congenerii mei. Pentru cei n\u0103scu\u0163i \u00een spa\u0163iul dintre Nistru \u015fi Prut \u00een perioada c\u00e2nd acesta se afla \u00een componen\u0163a URSS, regii \u00eenainta\u015filor lor sunt aproape ni\u015fte necunoscu\u0163i. Politicile de dezna\u0163ionalizare, interdic\u0163iile asupra trecutului istoric, politica rom\u00e2nofob\u0103, adev\u0103rul denaturat al istoriografiei sovietice, ateismul agresiv \u015fi m\u0103surile coercitive au distrus metodic memoria colectiv\u0103 a rom\u00e2nilor basarabeni despre institu\u0163ia regal\u0103. Ceea ce nu s-a putut spune cu voce tare, a lunecat \u00een ad\u00e2ncimea structural\u0103 a imaginarului artistic: \u00een m\u0103rturii, \u00een legende, \u00een pove\u015fti. Proiec\u0163iile artistice, at\u00e2tea c\u00e2te exist\u0103, au constituit forme de rezisten\u0163\u0103 la mecanismele de \u201esp\u0103lare a creierului\u201d instrumentate de istoriografia oficial\u0103 comunist\u0103 \u015fi totodat\u0103 mijloace de p\u0103strare a memoriei\u201d.<\/p>\n\n\n\n<p>\u00cen postfa\u0163a c\u0103r\u0163ii, pre\u015fedintele Academiei Rom\u00e2ne, acad. Ioan Aurel-Pop, men\u0163ioneaz\u0103, \u00eentre altele: \u201eAliona Grati \u015ftie c\u0103 nu doar p\u0103m\u00e2nturile pot s\u0103 fie confiscate, ci \u015fi trecutul. Dintre cei patru regi ai no\u015ftri, numai trei au domnit peste Rom\u00e2nia \u00centreag\u0103, format\u0103 \u00een 1918, Ferdinand I, Mihai I \u015fi Carol al II-lea. Cel din urm\u0103 rege al nostru, Mihai I, a avut, \u00eens\u0103, un destin tragic, fiind suveran, \u00een domnia sa care conteaz\u0103, doar peste fr\u00e2nturi ale p\u0103m\u00e2ntului rom\u00e2nesc. Prin cartea de fa\u0163\u0103, autoarea ne demonstreaz\u0103 c\u0103, \u00een fapt, chiar dac\u0103 a fost \u00eendep\u0103rtat de la putere \u015fi de la domnie, regele Mihai a r\u0103mas al nostru, al tuturor rom\u00e2nilor. Comuni\u015ftii, mai ales cei sovietici, au avut grij\u0103 s\u0103 \u015ftearg\u0103 imaginea regelui Mihai dintre \u201echipurile \u015fi icoanele\u201d rom\u00e2nilor, dar nu au putut-o \u015fterge din sufletele oamenilor \u015fi mai ales din sufletul na\u0163iunii. Cartea aceasta ne readuce \u00een amintire nu doar domnia dintre anii 1941 \u015fi 1944 a regelui Mihai \u00een Basarabia, ci \u015fi pre\u0163uirea etern\u0103 pe care suveranul a p\u0103strat-o pentru partea dintre Prut \u015fi Nistru a Rom\u00e2niei. Autoarea, cu mintea cercet\u0103torului \u015fi cu sentimentul rom\u00e2nului, ne \u00eendeamn\u0103 \u00een aceast\u0103 lucrare memorabil\u0103 s\u0103 cunoa\u015ftem \u015fi s\u0103 pre\u0163uim istoria noastr\u0103, care ne apar\u0163ine tuturor \u015fi \u00een cadrul c\u0103reia figura regelui Mihai r\u0103m\u00e2ne de ne\u015fters.\u201d<\/p>\n\n\n\n<p>Filmul documentar \u201eVizitele monarhilor la Chi\u015fin\u0103u. Partea a III-a: Ultimul Rege Mihai I\u201d face parte dintr-un serial intitulat \u201eArta \u015fi mitopoetica ora\u015fului Chi\u015fin\u0103u\u201d, creat de cercet\u0103torii unui proiect \u015ftiin\u0163ific de la Universitatea de Stat din Moldova cu sus\u0163inerea Direc\u0163iei Cultur\u0103, din capital\u0103. Subiectul filmului sunt vizitele Regelui Mihai la Chi\u015fin\u0103u.<\/p>\n\n\n\n<p><strong><em>Angelina BEGU<\/em><\/strong><\/p>\n","protected":false},"excerpt":{"rendered":"<p>&nbsp;\u201eRegele Mihai \u015fi Basarabia. O poveste uitat\u0103 de neuitat\u201d Pe 25 octombrie, la Biblioteca Municipal\u0103 \u201eB. P. Ha\u015fdeu\u201d din Chi\u015fin\u0103u a avut loc un eveniment dedicat celor 100 de ani de la na\u015fterea Regelui Mihai I al Rom\u00e2niei, marcat prin&hellip;<\/p>\n<p class=\"more-link-p\"><a class=\"more-link\" href=\"http:\/\/www.slineamt.ro\/apostolul\/lectia-de-istorie\/100-de-ani-de-la-nasterea-regelui-mihai-i-al-romaniei\/\">Read more &rarr;<\/a><\/p>\n","protected":false},"author":1,"featured_media":0,"comment_status":"open","ping_status":"closed","sticky":false,"template":"","format":"standard","meta":{"footnotes":""},"categories":[6,447],"tags":[],"class_list":["post-21930","post","type-post","status-publish","format-standard","hentry","category-lectia-de-istorie","category-numarul-244"],"_links":{"self":[{"href":"http:\/\/www.slineamt.ro\/apostolul\/wp-json\/wp\/v2\/posts\/21930","targetHints":{"allow":["GET"]}}],"collection":[{"href":"http:\/\/www.slineamt.ro\/apostolul\/wp-json\/wp\/v2\/posts"}],"about":[{"href":"http:\/\/www.slineamt.ro\/apostolul\/wp-json\/wp\/v2\/types\/post"}],"author":[{"embeddable":true,"href":"http:\/\/www.slineamt.ro\/apostolul\/wp-json\/wp\/v2\/users\/1"}],"replies":[{"embeddable":true,"href":"http:\/\/www.slineamt.ro\/apostolul\/wp-json\/wp\/v2\/comments?post=21930"}],"version-history":[{"count":1,"href":"http:\/\/www.slineamt.ro\/apostolul\/wp-json\/wp\/v2\/posts\/21930\/revisions"}],"predecessor-version":[{"id":21932,"href":"http:\/\/www.slineamt.ro\/apostolul\/wp-json\/wp\/v2\/posts\/21930\/revisions\/21932"}],"wp:attachment":[{"href":"http:\/\/www.slineamt.ro\/apostolul\/wp-json\/wp\/v2\/media?parent=21930"}],"wp:term":[{"taxonomy":"category","embeddable":true,"href":"http:\/\/www.slineamt.ro\/apostolul\/wp-json\/wp\/v2\/categories?post=21930"},{"taxonomy":"post_tag","embeddable":true,"href":"http:\/\/www.slineamt.ro\/apostolul\/wp-json\/wp\/v2\/tags?post=21930"}],"curies":[{"name":"wp","href":"https:\/\/api.w.org\/{rel}","templated":true}]}}