{"id":21938,"date":"2021-11-26T18:57:21","date_gmt":"2021-11-26T18:57:21","guid":{"rendered":"http:\/\/www.slineamt.ro\/apostolul\/?p=21938"},"modified":"2021-11-26T18:57:21","modified_gmt":"2021-11-26T18:57:21","slug":"profesorii-testeaza-doar-cunostintele-elevilor","status":"publish","type":"post","link":"http:\/\/www.slineamt.ro\/apostolul\/viata-sindicala-imperative\/profesorii-testeaza-doar-cunostintele-elevilor\/","title":{"rendered":"Profesorii testeaz\u0103 doar cuno\u015ftin\u0163ele elevilor!"},"content":{"rendered":"\n<div class=\"wp-block-image\"><figure class=\"alignleft size-full is-resized\"><a href=\"http:\/\/www.slineamt.ro\/apostolul\/wp-content\/uploads\/2021\/11\/01-ap244-foto1.jpg\"><img loading=\"lazy\" decoding=\"async\" src=\"http:\/\/www.slineamt.ro\/apostolul\/wp-content\/uploads\/2021\/11\/01-ap244-foto1.jpg\" alt=\"\" class=\"wp-image-21939\" width=\"423\" height=\"240\" srcset=\"http:\/\/www.slineamt.ro\/apostolul\/wp-content\/uploads\/2021\/11\/01-ap244-foto1.jpg 567w, http:\/\/www.slineamt.ro\/apostolul\/wp-content\/uploads\/2021\/11\/01-ap244-foto1-300x170.jpg 300w, http:\/\/www.slineamt.ro\/apostolul\/wp-content\/uploads\/2021\/11\/01-ap244-foto1-560x318.jpg 560w, http:\/\/www.slineamt.ro\/apostolul\/wp-content\/uploads\/2021\/11\/01-ap244-foto1-260x148.jpg 260w, http:\/\/www.slineamt.ro\/apostolul\/wp-content\/uploads\/2021\/11\/01-ap244-foto1-160x91.jpg 160w\" sizes=\"auto, (max-width: 423px) 100vw, 423px\" \/><\/a><\/figure><\/div>\n\n\n\n<p>Cu to\u0163ii, de la mic la mare suntem lovi\u0163i de cruzimea timpului actual, care a adus cu el, \u00een special, aceast\u0103 groaznic\u0103 pandemie. Ne sim\u0163im frustra\u0163i, p\u0103c\u0103li\u0163i, fura\u0163i. Cu to\u0163ii am pierdut ceva&#8230;<\/p>\n\n\n\n<p>\u015ei noi, cei din \u00eenv\u0103\u0163\u0103m\u00e2nt am pierdut multe&#8230; am pierdut drepturi, dintre care cel dint\u00e2i, acela de a fi o comunitate respectat\u0103. \u015ei c\u00e2nd spun asta m\u0103 g\u00e2ndesc la ultima idee a guvernan\u0163ilor, aceea de a plasa cadrelor didactice sarcina de a testa elevii cu testele rapide anti-gen non-invazive, efectuate prin proba de saliv\u0103. Inutil s\u0103 spunem c\u0103 aceast\u0103 abordare a fost perceput\u0103 de profesori ca umilitoare, c\u0103 a fost pic\u0103tura care a umplut paharul. Astfel \u00eenc\u00e2t luni, 22 noiembrie 2021, Federa\u0163ia Sindicatelor Libere din \u00cenv\u0103\u0163\u0103m\u00e2nt \u015fi Federa\u0163ia Sindicatelor din Educa\u0163ie \u201eSPIRU HARET\u201d au declarat grev\u0103, prin pichetarea sediilor prefecturilor, Ministerului S\u0103n\u0103t\u0103\u0163ii \u015fi Guvernului Rom\u00e2niei.<\/p>\n\n\n\n<p>Aceste federa\u0163ii reprezentative consider\u0103 c\u0103 \u00een ultima perioad\u0103, deciziile importante care vizeaz\u0103 func\u0163ionarea sistemului de \u00eenv\u0103\u0163\u0103m\u00e2nt au fost luate \u00een total dispre\u0163 fa\u0163\u0103 de salaria\u0163ii din acest important domeniu de activitate \u015fi fa\u0163\u0103 de elevi. Un exemplu ar fi legat \u015fi de adoptarea deciziei de a condi\u0163iona deschiderea unit\u0103\u0163ilor de \u00eenv\u0103\u0163\u0103m\u00e2nt exclusiv de rata de vaccinare de 60% a salaria\u0163ilor, f\u0103r\u0103 a se \u0163ine cont de faptul c\u0103 un asemenea procent nu a fost reglementat\/implementat \u00een legisla\u0163ia actual\u0103 iar m\u0103sura a generat discriminare \u00eentre angaja\u0163ii din \u00eenv\u0103\u0163\u0103m\u00e2nt \u015fi restul societ\u0103\u0163ii.<\/p>\n\n\n\n<p>Dup\u0103 cum arat\u0103 imaginile din mass media greva din jude\u0163ul Neam\u0163 a fost foarte bine organizat\u0103. <em>Suntem prezen\u0163i la aceast\u0103 ac\u0163iune de protest pentru a transmite prin intermediul institu\u0163iei prefectului din jude\u0163ul Neam\u0163 nemul\u0163umirile noastre legate de Ordinul din 19.11.2021, privind transferarea responsabilit\u0103\u0163ii test\u0103rilor c\u0103tre Consiliile de Administra\u0163ie ale \u015fcolilor. Consider\u0103m c\u0103 aceast\u0103 problem\u0103 foarte important\u0103 a s\u0103n\u0103t\u0103\u0163ii elevilor \u015fi cadrelor didactice trebuie s\u0103 aib\u0103 o reglementare unitar\u0103 \u015fi nu s\u0103 fie l\u0103sat\u0103 la latitudinea Consiliilor de Administra\u0163ie. Este aproape imposibil ca aceast\u0103 testare a elevilor s\u0103 aib\u0103 loc \u00een condi\u0163ii de s\u0103n\u0103tate \u015fi neperturbare a procesului instructiv educativ. Nu \u00een ultimul r\u00e2nd vrem s\u0103 atragem aten\u0163ia c\u0103 bugetul educa\u0163iei este insuficient pentru modernizarea acesteia \u015fi pentru a putea atrage tinerii, f\u0103r\u0103 de care risc\u0103m s\u0103 r\u0103m\u00e2nem \u00een deficit de cadre didactice<\/em> \u2013 a declarat domnul <strong>Gabriel Plosc\u0103<\/strong>, pre\u015fedintele Sindicatului din \u00cenv\u0103\u0163\u0103m\u00e2nt Neam\u0163.<\/p>\n\n\n\n<p>\u00centrebat de jurnali\u015fti cum ar ar\u0103ta \u00eenceputul orelor cu aceast\u0103 testare, domnul <strong>Liviu Rusu<\/strong>, liderul sindical al colectivului de la Liceul Economic \u201eAlexandru Ioan Cuza\u201d a r\u0103spuns: <em>Nu facem aceast\u0103 testare, nu suntem preg\u0103ti\u0163i pentru a\u015fa ceva, este necesar\u0103 o procedur\u0103 foarte strict\u0103. Exist\u0103 alte variante. Datoria noastr\u0103 este s\u0103 ne desf\u0103\u015fur\u0103m orele \u00een condi\u0163ii bune \u015fi s\u0103 facem carte. Pentru c\u0103 \u00een v\u00e2ltoarea discu\u0163iilor despre vaccinare \u015fi pandemie s-a cam uitat de problemele \u015fcolii, de performan\u0163e, de absenteism&#8230;<\/em><\/p>\n\n\n\n<p>\u00cenchei cit\u00e2ndu-l pe jurnalistul \u015fi profesorul <strong>Adrian Ierulescu<\/strong> adres\u00e2nd c\u00e2teva \u00eentreb\u0103ri esen\u0163iale celor care au impresia c\u0103 profesorii sunt o categorie favorizat\u0103: <em>Ce auzim \u015fi vedem prin \u201emedia\u201d creeaz\u0103 imaginea fals\u0103 c\u0103 profesorii nu se mai satur\u0103 de vacan\u0163\u0103 sau c\u0103 lucreaz\u0103 doar 18 ore pe s\u0103pt\u0103m\u00e2n\u0103. Dar oare \u015ftiu cei care bagatelizeaz\u0103 activitatea profesorului cum se planific\u0103 o lec\u0163ie, ce este \u00eenainte \u015fi dup\u0103 cele 18 ore de norm\u0103, cum se realizeaz\u0103 o strategie de \u00eenv\u0103\u0163are, cum te conectezi emo\u0163ional cu elevii \u015fi mai ales de ce ai nevoie de sus\u0163inere pentru asta? Cum se face evaluarea, cum construie\u015fti itemi, cum dai feedback?<\/em><\/p>\n\n\n\n<p><strong><em>Gianina BURUIAN\u0102<\/em><\/strong><\/p>\n","protected":false},"excerpt":{"rendered":"<p>Cu to\u0163ii, de la mic la mare suntem lovi\u0163i de cruzimea timpului actual, care a adus cu el, \u00een special, aceast\u0103 groaznic\u0103 pandemie. Ne sim\u0163im frustra\u0163i, p\u0103c\u0103li\u0163i, fura\u0163i. Cu to\u0163ii am pierdut ceva&#8230; \u015ei noi, cei din \u00eenv\u0103\u0163\u0103m\u00e2nt am pierdut&hellip;<\/p>\n<p class=\"more-link-p\"><a class=\"more-link\" href=\"http:\/\/www.slineamt.ro\/apostolul\/viata-sindicala-imperative\/profesorii-testeaza-doar-cunostintele-elevilor\/\">Read more &rarr;<\/a><\/p>\n","protected":false},"author":1,"featured_media":0,"comment_status":"open","ping_status":"closed","sticky":false,"template":"","format":"standard","meta":{"footnotes":""},"categories":[11,447],"tags":[],"class_list":["post-21938","post","type-post","status-publish","format-standard","hentry","category-viata-sindicala-imperative","category-numarul-244"],"_links":{"self":[{"href":"http:\/\/www.slineamt.ro\/apostolul\/wp-json\/wp\/v2\/posts\/21938","targetHints":{"allow":["GET"]}}],"collection":[{"href":"http:\/\/www.slineamt.ro\/apostolul\/wp-json\/wp\/v2\/posts"}],"about":[{"href":"http:\/\/www.slineamt.ro\/apostolul\/wp-json\/wp\/v2\/types\/post"}],"author":[{"embeddable":true,"href":"http:\/\/www.slineamt.ro\/apostolul\/wp-json\/wp\/v2\/users\/1"}],"replies":[{"embeddable":true,"href":"http:\/\/www.slineamt.ro\/apostolul\/wp-json\/wp\/v2\/comments?post=21938"}],"version-history":[{"count":1,"href":"http:\/\/www.slineamt.ro\/apostolul\/wp-json\/wp\/v2\/posts\/21938\/revisions"}],"predecessor-version":[{"id":21940,"href":"http:\/\/www.slineamt.ro\/apostolul\/wp-json\/wp\/v2\/posts\/21938\/revisions\/21940"}],"wp:attachment":[{"href":"http:\/\/www.slineamt.ro\/apostolul\/wp-json\/wp\/v2\/media?parent=21938"}],"wp:term":[{"taxonomy":"category","embeddable":true,"href":"http:\/\/www.slineamt.ro\/apostolul\/wp-json\/wp\/v2\/categories?post=21938"},{"taxonomy":"post_tag","embeddable":true,"href":"http:\/\/www.slineamt.ro\/apostolul\/wp-json\/wp\/v2\/tags?post=21938"}],"curies":[{"name":"wp","href":"https:\/\/api.w.org\/{rel}","templated":true}]}}