{"id":21999,"date":"2021-12-23T15:36:57","date_gmt":"2021-12-23T15:36:57","guid":{"rendered":"http:\/\/www.slineamt.ro\/apostolul\/?p=21999"},"modified":"2021-12-23T15:36:57","modified_gmt":"2021-12-23T15:36:57","slug":"moment-aniversar-colegiul-national-petru-rares-152-de-ani","status":"publish","type":"post","link":"http:\/\/www.slineamt.ro\/apostolul\/panoramic-nemtean\/moment-aniversar-colegiul-national-petru-rares-152-de-ani\/","title":{"rendered":"Moment aniversar: Colegiul Na\u0163ional \u201ePetru Rare\u015f\u201d \u2013 152 de ani"},"content":{"rendered":"\n<div class=\"wp-block-image\"><figure class=\"alignleft size-full\"><a href=\"http:\/\/www.slineamt.ro\/apostolul\/wp-content\/uploads\/2021\/12\/17-ap245-foto1.jpg\"><img loading=\"lazy\" decoding=\"async\" width=\"420\" height=\"314\" src=\"http:\/\/www.slineamt.ro\/apostolul\/wp-content\/uploads\/2021\/12\/17-ap245-foto1.jpg\" alt=\"\" class=\"wp-image-22000\" srcset=\"http:\/\/www.slineamt.ro\/apostolul\/wp-content\/uploads\/2021\/12\/17-ap245-foto1.jpg 420w, http:\/\/www.slineamt.ro\/apostolul\/wp-content\/uploads\/2021\/12\/17-ap245-foto1-300x224.jpg 300w, http:\/\/www.slineamt.ro\/apostolul\/wp-content\/uploads\/2021\/12\/17-ap245-foto1-260x194.jpg 260w, http:\/\/www.slineamt.ro\/apostolul\/wp-content\/uploads\/2021\/12\/17-ap245-foto1-160x120.jpg 160w\" sizes=\"auto, (max-width: 420px) 100vw, 420px\" \/><\/a><\/figure><\/div>\n\n\n\n<p><strong>Profesori ai Colegiului Na\u0163ional \u201ePetru Rare\u015f\u201d. Munc\u0103, Succese, Performan\u0163e<\/strong><\/p>\n\n\n\n<p>Lansarea volumului <em>Profesori ai Colegiului Na\u0163ional \u201ePetru Rare\u015f\u201d. Munc\u0103, Succese, Performan\u0163e<\/em>, desf\u0103\u015furat\u0103 vineri, 27 noiembrie, a fost un eveniment mult a\u015fteptat \u00een suita de manifest\u0103ri dedicate \u00eemplinirii a 152 de ani de la \u00eenfiin\u0163area Colegiului Na\u0163ional \u201ePetru Rare\u015f\u201d din Piatra-Neam\u0163. Autorii, doi dintre fo\u015ftii profesori \u015fi directori ai institu\u0163iei, Irina Hir\u0163e (limba \u015fi literatura francez\u0103) \u015fi Gheorghe Dumitreasa (matematic\u0103), au scris despre <em>OAMENII Rare\u015fului, despre esen\u0163a muncii lor, f\u0103r\u0103 s\u0103 se team\u0103 de subiectivism. Lucrarea are la baz\u0103 o abordare analitic\u0103, prin coroborarea datelor venite pe mai multe c\u0103i \u015fi din rela\u0163ion\u0103ri diverse<\/em>, dup\u0103 cum se arat\u0103 \u00een prefa\u0163a lucr\u0103rii.<\/p>\n\n\n\n<p><em>Aceast\u0103 carte a valorificat o mo\u015ftenire pe care era p\u0103cat s\u0103 o pierdem. Sunt fericit\u0103 c\u0103 am reu\u015fit s\u0103 redau aceste amintiri care altfel nu ar fi fost cunoscute. Acest lucru este fantastic pentru c\u0103 \u00ee\u0163i d\u0103 puterea s\u0103 mergi mai departe \u015fi s\u0103 prive\u015fti via\u0163a cu optimism. Dac\u0103 Dumnezeu m\u0103 ajut\u0103 \u015fi am s\u0103 fiu s\u0103n\u0103toas\u0103, o s\u0103 continui s\u0103 vorbesc cu aceea\u015fi d\u0103ruire sufleteasc\u0103 despre ce a reprezentat \u015fi reprezint\u0103 \u00een continuare \u201ePetru-Rare\u015f\u201d<\/em>, a spus prof. <strong>Irina Hir\u0163e<\/strong>.<\/p>\n\n\n\n<p>La r\u00e2ndul s\u0103u, prof. <strong>Gheorghe Dumitreasa<\/strong> a men\u0163ionat: <em>Via\u0163a mea a fost aici, la \u201ePetru Rare\u015f\u201d. Am dorit s\u0103 pun \u00een eviden\u0163\u0103 oamenii care au f\u0103cut ceva pentru acest liceu. Este vorba \u015fi despre numeroasele premii ob\u0163inute de elevii no\u015ftri la importante concursuri na\u0163ionale \u015fi interna\u0163ionale de fizic\u0103, matematic\u0103, chimie, astronomie<\/em>.<\/p>\n\n\n\n<p>Autorii prezint\u0103, \u00een cele 200 de pagini, portretele a 48 de dasc\u0103li, care de-a lungul timpului au \u00eennobilat spiritul Rare\u015fului.<\/p>\n\n\n\n<p><em>Ini\u0163iativa profesorilor Hir\u0163e \u015fi Dumitreasa o consider\u0103m deosebit\u0103. Ei au prezentat, \u00eentr-o manier\u0103 personal\u0103, figurile emblematice ale profesorilor care au f\u0103cut ca \u201ePetru Rare\u015f\u201d s\u0103 fie una dintre cele mai apreciate \u015fcoli din \u0163ara noastr\u0103. Este o continuare fireasc\u0103 a modului \u00een care trebuie s\u0103 ne apreciem valorile \u015fi s\u0103 le aducem mereu \u00een amintirea colectiv\u0103. Sper ca acest prim pas s\u0103 determine consultarea \u015fi cercetarea arhivelor pentru a p\u0103stra vie amintirea tuturor dasc\u0103lilor care au trudit cu mult har \u015fi profesionalism de-a lungul anilor \u00een \u015fcoala noastr\u0103<\/em>, a transmis conducerea \u015fcolii, reprezentat\u0103 de profesorii <strong>Grigoru\u0163\u0103 Oniciuc<\/strong> (director) \u015fi <strong>Claudia-Ionela Jora<\/strong> (director adjunct).<\/p>\n\n\n\n<p>Cu un tiraj de 200 de exemplare, volumul a fost editat \u00een condi\u0163ii grafice deosebite, tehnoredactarea textelor fiind realizat\u0103 de prof. Carmen Mare\u015f. Un sprijin important la realizarea volumului a fost acordat de <strong>Elena Popa<\/strong>, bibliotecara Colegiului. <em>M\u0103 bucur c\u0103 am putut s\u0103 ajut \u015fi eu la redactarea acestui volum de amintiri. Am fost eleva acestui liceu, domnul profesor Zenembisi fiindu-mi diriginte. Sunt cons\u0103teanca domnului profesor Dumitreasa, am \u00eenv\u0103\u0163at la \u015ecoala din Girov care ast\u0103zi poart\u0103 numele domnului profesor. Doamnei profesoare Hir\u0163e \u00eei dator\u0103m sala de lectur\u0103 \u015fi sala de primire din cadrul Bibliotecii Colegiului. \u00cei felicit\u0103m \u015fi le dorim mult\u0103 s\u0103n\u0103tate<\/em>.<\/p>\n\n\n\n<p>Profesoara de limba \u015fi literatura rom\u00e2n\u0103 <strong>Lumini\u0163a-Georgeta V\u00e2rlan<\/strong> a spus c\u0103 aceast\u0103 carte a fost scris\u0103 \u00eentr-o atmosfer\u0103 plin\u0103 de efervescen\u0163\u0103 creatoare. <em>Admira\u0163ia fa\u0163\u0103 de autori este necondi\u0163ionat\u0103. \u00cen aceast\u0103 carte se fixeaz\u0103 un timp, un timp pe care cei doi autori l-au decupat cre\u00e2nd ni\u015fte portrete. Autorii au a\u015fezat acest timp \u00eentr-un seif, \u00eentr-o banc\u0103 de comori. Ei mi-au luminat via\u0163a, mi-au luminat sufletul, m-au zidit. Doamna Hir\u0163e a fost \u015fi r\u0103m\u00e2ne modelul meu moral, profesional, familial \u015fi mai cu seam\u0103 modelul unei femei excep\u0163ionale care s-a dedicat unui colectiv \u015fi unui liceu de prestigiu<\/em>.<\/p>\n\n\n\n<div class=\"wp-block-image\"><figure class=\"alignright size-full\"><a href=\"http:\/\/www.slineamt.ro\/apostolul\/wp-content\/uploads\/2021\/12\/17-ap245-foto2.jpg\"><img loading=\"lazy\" decoding=\"async\" width=\"301\" height=\"425\" src=\"http:\/\/www.slineamt.ro\/apostolul\/wp-content\/uploads\/2021\/12\/17-ap245-foto2.jpg\" alt=\"\" class=\"wp-image-22001\" srcset=\"http:\/\/www.slineamt.ro\/apostolul\/wp-content\/uploads\/2021\/12\/17-ap245-foto2.jpg 301w, http:\/\/www.slineamt.ro\/apostolul\/wp-content\/uploads\/2021\/12\/17-ap245-foto2-212x300.jpg 212w, http:\/\/www.slineamt.ro\/apostolul\/wp-content\/uploads\/2021\/12\/17-ap245-foto2-260x367.jpg 260w, http:\/\/www.slineamt.ro\/apostolul\/wp-content\/uploads\/2021\/12\/17-ap245-foto2-160x226.jpg 160w\" sizes=\"auto, (max-width: 301px) 100vw, 301px\" \/><\/a><\/figure><\/div>\n\n\n\n<p>Profesoara de muzic\u0103 <strong>Silvia Vais<\/strong> a felicitat autorii \u015fi s-a bucurat pentru aceast\u0103 lansare care a avut loc sub forma dialogului \u015fi implic\u0103rii active a profesorilor din liceu. <em>Sunt fericit\u0103 c\u0103 autorii nu l-au uitat pe George Grigoric\u0103, profesor de excep\u0163ie care s-a bucurat de aprecierea unanim\u0103 a elevilor \u015fi a cadrelor didactice<\/em>.<\/p>\n\n\n\n<p>\u015ei profesoara de fizic\u0103 <strong>Niculina Rotaru<\/strong> a avut cuvinte de laud\u0103 la adresa autorilor. <em>Admir puterea de munc\u0103 \u015fi dragostea pentru oamenii Rare\u015fului pe care au avut-o cei doi autori. Eu nu a\u015f fi avut energia s\u0103 duc la cap\u0103t o asemenea carte. Probabil c\u0103 motiva\u0163ia a fost motorul care a permis s\u0103 termine aceast\u0103 munc\u0103 mig\u0103loas\u0103<\/em>.<\/p>\n\n\n\n<p><strong>Gheorghe Cior\u0103scu<\/strong>, profesor de matematic\u0103, a apreciat c\u0103 autorii au f\u0103cut o radiografie a lucrurilor frumoase care s-au petrecut \u00een acest liceu, acoperind o perioad\u0103 de peste 60 de ani. <em>Le mul\u0163umesc pentru ajutorul acordat de-a lungul timpului \u015fi pentru faptul c\u0103 m-au f\u0103cut s\u0103 fiu m\u00e2ndru c\u0103 sunt profesorul acestui liceu.<\/em><\/p>\n\n\n\n<p>S\u0103rb\u0103toarea celor 152 de ani de atestare documentar\u0103 a Colegiului Na\u0163ional \u201ePetru Rare\u015f\u201d a mai cuprins dezbateri, conferin\u0163e, ateliere de lucru, Mar\u015ful rare\u015fi\u015ftilor, Concursul Na\u0163ional Interdisciplinar \u201eIoan Zg\u00e2rciu\u201d, edi\u0163ia a II-a, lansarea piesei de teatru \u201eAdjudecat\u201d, comemorarea primilor directori, lansarea Anuarului Colegiului Na\u0163ional \u201ePetru Rare\u015f\u201d \u015fi a revistei \u201eFlori de munte\u201d.<\/p>\n\n\n\n<p><strong><em>Violeta MO\u015eU<\/em><\/strong><\/p>\n","protected":false},"excerpt":{"rendered":"<p>Profesori ai Colegiului Na\u0163ional \u201ePetru Rare\u015f\u201d. Munc\u0103, Succese, Performan\u0163e Lansarea volumului Profesori ai Colegiului Na\u0163ional \u201ePetru Rare\u015f\u201d. Munc\u0103, Succese, Performan\u0163e, desf\u0103\u015furat\u0103 vineri, 27 noiembrie, a fost un eveniment mult a\u015fteptat \u00een suita de manifest\u0103ri dedicate \u00eemplinirii a 152 de ani&hellip;<\/p>\n<p class=\"more-link-p\"><a class=\"more-link\" href=\"http:\/\/www.slineamt.ro\/apostolul\/panoramic-nemtean\/moment-aniversar-colegiul-national-petru-rares-152-de-ani\/\">Read more &rarr;<\/a><\/p>\n","protected":false},"author":1,"featured_media":0,"comment_status":"open","ping_status":"closed","sticky":false,"template":"","format":"standard","meta":{"footnotes":""},"categories":[190,448],"tags":[],"class_list":["post-21999","post","type-post","status-publish","format-standard","hentry","category-panoramic-nemtean","category-numarul-245"],"_links":{"self":[{"href":"http:\/\/www.slineamt.ro\/apostolul\/wp-json\/wp\/v2\/posts\/21999","targetHints":{"allow":["GET"]}}],"collection":[{"href":"http:\/\/www.slineamt.ro\/apostolul\/wp-json\/wp\/v2\/posts"}],"about":[{"href":"http:\/\/www.slineamt.ro\/apostolul\/wp-json\/wp\/v2\/types\/post"}],"author":[{"embeddable":true,"href":"http:\/\/www.slineamt.ro\/apostolul\/wp-json\/wp\/v2\/users\/1"}],"replies":[{"embeddable":true,"href":"http:\/\/www.slineamt.ro\/apostolul\/wp-json\/wp\/v2\/comments?post=21999"}],"version-history":[{"count":1,"href":"http:\/\/www.slineamt.ro\/apostolul\/wp-json\/wp\/v2\/posts\/21999\/revisions"}],"predecessor-version":[{"id":22002,"href":"http:\/\/www.slineamt.ro\/apostolul\/wp-json\/wp\/v2\/posts\/21999\/revisions\/22002"}],"wp:attachment":[{"href":"http:\/\/www.slineamt.ro\/apostolul\/wp-json\/wp\/v2\/media?parent=21999"}],"wp:term":[{"taxonomy":"category","embeddable":true,"href":"http:\/\/www.slineamt.ro\/apostolul\/wp-json\/wp\/v2\/categories?post=21999"},{"taxonomy":"post_tag","embeddable":true,"href":"http:\/\/www.slineamt.ro\/apostolul\/wp-json\/wp\/v2\/tags?post=21999"}],"curies":[{"name":"wp","href":"https:\/\/api.w.org\/{rel}","templated":true}]}}