{"id":22039,"date":"2021-12-23T16:11:33","date_gmt":"2021-12-23T16:11:33","guid":{"rendered":"http:\/\/www.slineamt.ro\/apostolul\/?p=22039"},"modified":"2021-12-23T16:12:12","modified_gmt":"2021-12-23T16:12:12","slug":"22039","status":"publish","type":"post","link":"http:\/\/www.slineamt.ro\/apostolul\/panoramic-nemtean\/22039\/","title":{"rendered":"Revistele \u015fcolare. Exemple de bun\u0103 practic\u0103 (I)"},"content":{"rendered":"\n<div class=\"wp-block-image\"><figure class=\"alignleft size-full is-resized\"><a href=\"http:\/\/www.slineamt.ro\/apostolul\/wp-content\/uploads\/2021\/12\/06-ap245-foto1.jpg\"><img loading=\"lazy\" decoding=\"async\" src=\"http:\/\/www.slineamt.ro\/apostolul\/wp-content\/uploads\/2021\/12\/06-ap245-foto1.jpg\" alt=\"\" class=\"wp-image-22040\" width=\"303\" height=\"428\" srcset=\"http:\/\/www.slineamt.ro\/apostolul\/wp-content\/uploads\/2021\/12\/06-ap245-foto1.jpg 361w, http:\/\/www.slineamt.ro\/apostolul\/wp-content\/uploads\/2021\/12\/06-ap245-foto1-212x300.jpg 212w, http:\/\/www.slineamt.ro\/apostolul\/wp-content\/uploads\/2021\/12\/06-ap245-foto1-260x367.jpg 260w, http:\/\/www.slineamt.ro\/apostolul\/wp-content\/uploads\/2021\/12\/06-ap245-foto1-160x226.jpg 160w\" sizes=\"auto, (max-width: 303px) 100vw, 303px\" \/><\/a><\/figure><\/div>\n\n\n\n<p>\u00cendemnul vestit al lui Ion Heliade R\u0103dulescu: \u201eScrie\u0163i b\u0103ie\u0163i, numai scrie\u0163i!\u201d a avut un ecou deosebit \u00een secolul al XIX-lea, r\u0103m\u00e2n\u00e2nd p\u00e2n\u0103 ast\u0103zi cuv\u00e2ntul de ordine al gazet\u0103riei autohtone. \u00cenceput\u0103 sub semnul elanurilor romantice specifice acelor vremuri, presa din \u0163ara noastr\u0103 a r\u0103mas p\u00e2n\u0103 \u00een zilele noastre un domeniu de activitate deosebit de incitant.<\/p>\n\n\n\n<p>Revistele \u015fcolare au ap\u0103rut \u00eenc\u0103 din secolul al XIX-lea \u00een cadrul unor \u015fcoli din Transilvania, fiind \u00eenc\u0103 de la \u00eenceput un mijloc de conservare \u015fi de cultivare, \u00een primul r\u00e2nd, a limbii na\u0163ionale; de asemenea, revistele \u015fcolare, \u00eenc\u0103 de la \u00eenceput, erau expresia unei modalit\u0103\u0163i concrete de a asigura o apropiere mai vizibil\u0103 \u00eentre tinerii studio\u015fi \u015fi punerea \u00een eviden\u0163\u0103 a specificului cultural.<\/p>\n\n\n\n<p>\u00cen acest context, \u00een anul 1834, apare, la Blaj, prima revist\u0103 \u015fcolar\u0103, numit\u0103 \u201eAurora\u201d. Dintr-o informa\u0163ie a vremii afl\u0103m c\u0103, de cele mai multe ori, revistele \u015fcolare circulau \u00een manuscris, dar, circula\u0163ia acestora era asigurat\u0103 \u015fi prin \u015fapirografiere (o tehnic\u0103 simpl\u0103, ieftin\u0103 \u015fi robust\u0103; multe \u015fapirografe erau ac\u0163ionate manual printr-o manivel\u0103, prin urmare nu necesitau electricitate). \u00cen a doua jum\u0103tate a secolului al XIX-lea, publica\u0163iile, \u00een general, deci \u015fi revistele \u015fcolare au \u00eenceput s\u0103 fie tip\u0103rite. C\u0103rturarii ardeleni, veni\u0163i de peste mun\u0163i \u00een cele dou\u0103 \u0163\u0103ri unite \u00een 1859 \u00eentr-una singur\u0103, au adus cu ei tiparni\u0163e mai performante. Cei mai mul\u0163i dintre scriitorii rom\u00e2ni din secolele al XIX-lea \u015fi al XX-lea \u00ee\u015fi leag\u0103 debutul literar de vreo revist\u0103 \u015fcolar\u0103 (G. Co\u015fbuc \u2013 \u201eVirtus romana rediviva\u201d; chiar \u015fi Mihai Eminescu: dac\u0103 accept\u0103m c\u0103 <em>L\u0103cr\u0103mioarele \u00eenv\u0103\u0163\u0103ceilor gimnazi\u015fti<\/em> este o <em>revist\u0103-florilegiu<\/em>).<\/p>\n\n\n\n<p>Spiru Haret a introdus cu statut de obligativitate, \u00eencep\u00e2nd cu 1905, disciplina <em>Reviste \u015fcolare<\/em>, iar perioada interbelic\u0103 s-a caracterizat printr-o dezvoltare impetuoas\u0103 a publicisticii \u015fcolare. Dup\u0103 1945, \u00eens\u0103, cam 20 de ani, revistele \u015fcolare intr\u0103 \u00eentr-un con de umbr\u0103 \u015fi, mai ales \u00een <em>obsedantul deceniu<\/em> sunt \u00eenlocuite cu <em>gazetele de perete<\/em>. Publicistica \u015fcolar\u0103 \u00ee\u015fi recap\u0103t\u0103 statutul pe care \u00eel merit\u0103 \u00eenc\u0103 din 1966: \u00een urm\u0103toarele dou\u0103 decenii, \u00een \u015fcolile din \u0163ar\u0103, apar peste 700 de titluri.<\/p>\n\n\n\n<p>Dup\u0103 1990, publicistica \u015fcolar\u0103 se diversific\u0103 \u015fi se specializeaz\u0103 at\u00e2t din punctul de vedere al con\u0163inutului c\u00e2t \u015fi al ariei de adresare; apar reviste: caleidoscop, beletristice, \u015ftiin\u0163ifice, tehnice, \u015ftiin\u0163ifico-fantastice, umoristice, de atitudine, dar \u015fi: foi volante, trimestriale, semestriale, anuale ori gimnaziale, liceale etc. Cei peste 175 de ani de experien\u0163\u0103 \u00een domeniul revistelor \u015fcolare sunt valorifica\u0163i prin \u00eenfiin\u0163area unui concurs na\u0163ional al revistelor \u015fcolare, concurs care func\u0163ioneaz\u0103 p\u00e2n\u0103 azi (excep\u0163ie, anul 2021).<\/p>\n\n\n\n<p>Ca orice activitate \u015fcolar\u0103, \u015fi jurnalistica urm\u0103re\u015fte, cum e \u015fi firesc, dezvoltarea unor deprinderi, competen\u0163e \u015fi atitudini \u00een r\u00e2ndul elevilor precum \u015fi atingerea unor finalit\u0103\u0163i; acestea ar putea fi formulate sintetic astfel: cultivarea respectului pentru cuv\u00e2ntul scris; dezvoltarea interesului pentru exprimarea corect\u0103 \u015fi expresiv\u0103; <em>dob\u00e2ndirea unor deprinderi de redactare \u015fi de tehnoredactare, de documentare \u015fi de investigare; formarea unor atitudini de acceptare \u015fi respectare a adev\u0103rului \u015fi a realit\u0103\u0163ii, formarea con\u015ftiin\u0163ei de sine <\/em>etc.<\/p>\n\n\n\n<div class=\"wp-block-image\"><figure class=\"alignright size-full\"><a href=\"http:\/\/www.slineamt.ro\/apostolul\/wp-content\/uploads\/2021\/12\/06-ap245-foto2.jpg\"><img loading=\"lazy\" decoding=\"async\" width=\"321\" height=\"454\" src=\"http:\/\/www.slineamt.ro\/apostolul\/wp-content\/uploads\/2021\/12\/06-ap245-foto2.jpg\" alt=\"\" class=\"wp-image-22041\" srcset=\"http:\/\/www.slineamt.ro\/apostolul\/wp-content\/uploads\/2021\/12\/06-ap245-foto2.jpg 321w, http:\/\/www.slineamt.ro\/apostolul\/wp-content\/uploads\/2021\/12\/06-ap245-foto2-212x300.jpg 212w, http:\/\/www.slineamt.ro\/apostolul\/wp-content\/uploads\/2021\/12\/06-ap245-foto2-260x368.jpg 260w, http:\/\/www.slineamt.ro\/apostolul\/wp-content\/uploads\/2021\/12\/06-ap245-foto2-160x226.jpg 160w\" sizes=\"auto, (max-width: 321px) 100vw, 321px\" \/><\/a><\/figure><\/div>\n\n\n\n<p>Din ce \u00een ce mai multe unit\u0103\u0163i \u015fcolare promoveaz\u0103 \u00een curriculumul la decizia \u015fcolii urm\u0103toarele discipline op\u0163ionale: <em>jurnalistic\u0103 \u015fcolar\u0103, tehnici de redactare, tehnici de tehnoredactare, tehnici de documentare \u015fi de investigare, realizarea revistei \u015fcolii<\/em> etc. Cele mai multe dintre liceele din jude\u0163 iar \u00een ultimii 15-20 de ani \u015fi \u015fcolile gimnaziale au creat o adev\u0103rat\u0103 tradi\u0163ie \u00een ceea ce prive\u015fte jurnalismul \u015fcolar, edit\u00e2nd periodic reviste competitive, care, nu de pu\u0163ine ori, au c\u00e2\u015ftigat numeroase premii \u015fi distinc\u0163ii la concursuri \u015fi competi\u0163ii de profil. Bine\u00een\u0163eles, fiind vorba de competi\u0163ii \u015fi concursuri, era nevoie de o sum\u0103 de criterii care s\u0103 fie respectate de c\u0103tre to\u0163i participan\u0163ii; a\u015fa s-a creat un cadru valoric unic, un adev\u0103rat regulament la care se raporteaz\u0103 to\u0163i elevii \u015fi profesorii care editeaz\u0103 reviste \u015fcolare. Concursul na\u0163ional de reviste \u015fcolare organizat de Ministerul Educa\u0163iei promoveaz\u0103 o serie de criterii dup\u0103 care se face evaluarea, asigur\u00e2nd, prin aplicarea acestora, caracterul unitar al activit\u0103\u0163ilor de jurnalistic\u0103 \u015fcolar\u0103 din \u015fcoli. Succint, aceste criterii pot fi formulate astfel<em>: ilustrarea specificului \u015fi a personalit\u0103\u0163ii \u015fcolii prin con\u0163inutul revistei; adecvarea problematicii la interesele, preocup\u0103rile \u015fi nevoile de informare ale cititorilor; modul atractiv \u015fi original, ingenios chiar, de tratare a subiectelor; utilizarea unui limbaj adecvat v\u00e2rstei elevilor \u015fi cititorilor poten\u0163iali; ritmicitatea apari\u0163iilor; ilustrarea prin con\u0163inut a specificului local, zonal \u015fi regional \u015fi a obiceiurilor \u015fi tradi\u0163iilor, mediatizarea experimentelor na\u0163ionale\/interna\u0163ionale precum \u015fi a personalit\u0103\u0163ilor locale \u015fi jude\u0163ene; cultivarea parteneriatului \u015fcolar; reflectarea problematicii abordate de revist\u0103 \u00een media local\u0103 \u015fi na\u0163ional\u0103; impactul revistei \u00een via\u0163a \u015fi activitatea copiilor de v\u00e2rst\u0103 \u015fcolar\u0103; dimensiunea european\u0103 a con\u0163inutului revistelor \u015fi mesajul intercultural al acestora<\/em>.<\/p>\n\n\n\n<p>Din ra\u0163iuni cunoscute, \u00een 2021, Ministerul Educa\u0163iei nu a organizat concursul de reviste \u015fcolare, dar \u201econtinuitatea\u201d a fost asigurat\u0103 de c\u0103tre Federa\u0163ia Interna\u0163ional\u0103 a Comunit\u0103\u0163ilor Educative (FICE), care a organizat etapa na\u0163ional\u0103 a <em>Concursului de jurnalism \u015fi reviste \u015fcolare<\/em>. Din fericire, edi\u0163ia din acest an a num\u0103rat printre c\u00e2\u015ftig\u0103tori \u015fi o revist\u0103 nem\u0163ean\u0103: elevii de la Colegiul Na\u0163ional <em>Calistrat Hoga\u015f<\/em> din Piatra-Neam\u0163 \u015fi-au adjudecat premiul I cu revista \u201eAdobiografiin\u0163a\u201d.<\/p>\n\n\n\n<p>A\u015fadar, jurnalistica \u015fcolar\u0103 nem\u0163ean\u0103 \u015fi-a dovedit valoarea peren\u0103 prin ob\u0163inerea unor performan\u0163e notabile \u015fi \u00een acest an!<\/p>\n\n\n\n<p>(<em>continuare \u00een num\u0103rul viitor<\/em>)<\/p>\n\n\n\n<p><strong><em>Prof. dr. Gheorghe BR\u00c2NZEI<\/em><\/strong><\/p>\n\n\n\n<p>(<strong>N. R.<\/strong> \u2013 Cele dou\u0103 imagini reprezint\u0103 coper\u0163ile revistei \u201eAdobiografiin\u0163a\u201d (nr. 42-43 \u015fi nr. 44-45) cu care Colegiul Na\u0163ional <em>Calistrat Hoga\u015f<\/em> Piatra-Neam\u0163 a c\u00e2\u015ftigat premiul I la Concursul de reviste \u015fcolare organizat \u00een 2021 de FICE ROM\u00c2NIA.)<\/p>\n","protected":false},"excerpt":{"rendered":"<p>\u00cendemnul vestit al lui Ion Heliade R\u0103dulescu: \u201eScrie\u0163i b\u0103ie\u0163i, numai scrie\u0163i!\u201d a avut un ecou deosebit \u00een secolul al XIX-lea, r\u0103m\u00e2n\u00e2nd p\u00e2n\u0103 ast\u0103zi cuv\u00e2ntul de ordine al gazet\u0103riei autohtone. \u00cenceput\u0103 sub semnul elanurilor romantice specifice acelor vremuri, presa din \u0163ara&hellip;<\/p>\n<p class=\"more-link-p\"><a class=\"more-link\" href=\"http:\/\/www.slineamt.ro\/apostolul\/panoramic-nemtean\/22039\/\">Read more &rarr;<\/a><\/p>\n","protected":false},"author":1,"featured_media":0,"comment_status":"open","ping_status":"closed","sticky":false,"template":"","format":"standard","meta":{"footnotes":""},"categories":[190,448],"tags":[],"class_list":["post-22039","post","type-post","status-publish","format-standard","hentry","category-panoramic-nemtean","category-numarul-245"],"_links":{"self":[{"href":"http:\/\/www.slineamt.ro\/apostolul\/wp-json\/wp\/v2\/posts\/22039","targetHints":{"allow":["GET"]}}],"collection":[{"href":"http:\/\/www.slineamt.ro\/apostolul\/wp-json\/wp\/v2\/posts"}],"about":[{"href":"http:\/\/www.slineamt.ro\/apostolul\/wp-json\/wp\/v2\/types\/post"}],"author":[{"embeddable":true,"href":"http:\/\/www.slineamt.ro\/apostolul\/wp-json\/wp\/v2\/users\/1"}],"replies":[{"embeddable":true,"href":"http:\/\/www.slineamt.ro\/apostolul\/wp-json\/wp\/v2\/comments?post=22039"}],"version-history":[{"count":3,"href":"http:\/\/www.slineamt.ro\/apostolul\/wp-json\/wp\/v2\/posts\/22039\/revisions"}],"predecessor-version":[{"id":22044,"href":"http:\/\/www.slineamt.ro\/apostolul\/wp-json\/wp\/v2\/posts\/22039\/revisions\/22044"}],"wp:attachment":[{"href":"http:\/\/www.slineamt.ro\/apostolul\/wp-json\/wp\/v2\/media?parent=22039"}],"wp:term":[{"taxonomy":"category","embeddable":true,"href":"http:\/\/www.slineamt.ro\/apostolul\/wp-json\/wp\/v2\/categories?post=22039"},{"taxonomy":"post_tag","embeddable":true,"href":"http:\/\/www.slineamt.ro\/apostolul\/wp-json\/wp\/v2\/tags?post=22039"}],"curies":[{"name":"wp","href":"https:\/\/api.w.org\/{rel}","templated":true}]}}